{"id":170781,"date":"2026-09-04T20:24:15","date_gmt":"2026-09-04T20:24:15","guid":{"rendered":"https:\/\/www.europesays.com\/sk\/170781\/"},"modified":"2026-09-04T20:24:15","modified_gmt":"2026-09-04T20:24:15","slug":"velka-patracia-akcia-na-orave-ma-tragicky-koniec-antona-z-mutneho-nasli-bez-znamok-zivota","status":"publish","type":"post","link":"https:\/\/www.europesays.com\/sk\/170781\/","title":{"rendered":"Ve\u013ek\u00e1 p\u00e1tracia akcia na Orave m\u00e1 tragick\u00fd koniec. Antona z M\u00fatneho na\u0161li bez zn\u00e1mok \u017eivota"},"content":{"rendered":"<p class=\"article-perex\" itemprop=\"description\" style=\"font-weight: bold; font-style: italic;\">&#13;<br \/>\n                                                            Ve\u013ek\u00e1 p\u00e1tracia akcia na Orave sa skon\u010dila tragicky. Po 62-ro\u010dnom Antonovi Vojtasovi z M\u00fatneho p\u00e1trali desiatky \u013eud\u00ed po tom, ako v piatok nadr\u00e1nom odi\u0161iel z domu a prestal sa oz\u00fdva\u0165. Do h\u013eadania sa zapojili aj dobrovo\u013en\u00ed hasi\u010di a zo vzduchu pom\u00e1hal v\u00edrnik. Mu\u017ea sa napokon podarilo n\u00e1js\u0165, u\u017e v\u0161ak nejavil zn\u00e1mky \u017eivota.                                                        <\/p>\n<p>Anton Vojtas bol pod\u013ea zverejnenej v\u00fdzvy naposledy viden\u00fd v piatok pribli\u017ene o 3:00 r\u00e1no. Nesk\u00f4r s n\u00edm prebehol e\u0161te posledn\u00fd telefonick\u00fd kontakt, pribli\u017ene o 7:00. Pod\u013ea inform\u00e1ci\u00ed zverejnen\u00fdch po\u010das p\u00e1trania sa mal pohybova\u0165 smerom k doln\u00e9mu cintor\u00ednu.<\/p>\n<p>Ke\u010f\u017ee sa mu\u017e nevracal a nebolo zn\u00e1me, kde sa nach\u00e1dza, rozbehla sa rozsiahla p\u00e1tracia akcia. Do ter\u00e9nu vyrazili dobrovo\u013en\u00ed <a href=\"https:\/\/www.zilinak.sk\/temy\/hasici\" class=\"link-tag\" style=\"\" rel=\"nofollow noopener\" target=\"_blank\">hasi\u010di<\/a> z M\u00fatneho a Oravsk\u00e9ho Vesel\u00e9ho, pri\u010dom na pomoc boli vyzvan\u00ed aj \u010fal\u0161\u00ed \u013eudia z obce a okolia.<\/p>\n<p><a href=\"https:\/\/www.zilinak.sk\/temy\/dobrovolnictvo\" class=\"link-tag\" style=\"\" rel=\"nofollow noopener\" target=\"_blank\">Dobrovo\u013en\u00edci<\/a> sa mali stretn\u00fa\u0165 o 13:00 pred hasi\u010dskou zbrojnicou v M\u00fatnom. Na mieste boli n\u00e1sledne rozdelen\u00ed do skup\u00edn, aby mohli preh\u013eada\u0165 \u010do najv\u00e4\u010d\u0161iu oblas\u0165. Pomoc potrebovali p\u00e1tra\u010di aj od \u013eud\u00ed, ktor\u00ed sa priamo do ter\u00e9nu nemohli zapoji\u0165. Oravsk\u00fd z\u00e1chrann\u00fd syst\u00e9m a hasi\u010di po\u017eiadali obyvate\u013eov, aby skontrolovali rann\u00e9 z\u00e1znamy zo svojich kamier. Z\u00e1znam z domu, <a href=\"https:\/\/www.zilinak.sk\/temy\/podnikanie\" class=\"link-tag\" style=\"\" rel=\"nofollow noopener\" target=\"_blank\">firmy<\/a> alebo in\u00e9ho objektu mohol pod\u013ea v\u00fdzvy pom\u00f4c\u0165 zisti\u0165, kadia\u013e sa Anton pohyboval.<\/p>\n<p><a href=\"https:\/\/www.zilinak.sk\/temy\/patranie\" class=\"link-tag\" style=\"\" rel=\"nofollow noopener\" target=\"_blank\">P\u00e1tranie<\/a> z\u00e1rove\u0148 prebiehalo aj zo vzduchu. Do akcie nasadili v\u00edrnik, ktor\u00fd mohol preh\u013ead\u00e1va\u0165 \u00fazemie a pom\u00f4c\u0165 pri h\u013eadan\u00ed nezvestn\u00e9ho mu\u017ea. Prv\u00e9 hodiny boli pod\u013ea z\u00e1chran\u00e1rov a dobrovo\u013en\u00edkov mimoriadne d\u00f4le\u017eit\u00e9. V\u00fdzva preto smerovala aj k verejnosti, aby \u013eudia zdie\u013eali inform\u00e1ciu a ozvali sa v pr\u00edpade, \u017ee Antona r\u00e1no videli alebo mali ak\u00fdko\u013evek kamerov\u00fd z\u00e1znam.<\/p>\n<p>Napriek rozsiahlemu p\u00e1traniu v\u0161ak napokon pri\u0161la smutn\u00e1 spr\u00e1va. DHZ Oravsk\u00e9 Vesel\u00e9 informoval, \u017ee Anton bol n\u00e1jden\u00fd, no u\u017e nejavil zn\u00e1mky \u017eivota. Dobrovo\u013en\u00ed hasi\u010di z\u00e1rove\u0148 po\u010fakovali v\u0161etk\u00fdm, ktor\u00ed sa do p\u00e1tracej akcie zapojili, pom\u00e1hali v ter\u00e9ne alebo poskytli inform\u00e1cie.<\/p>\n<p>Okolnosti, za ktor\u00fdch mu\u017e <a href=\"https:\/\/www.zilinak.sk\/temy\/umrtie\" class=\"link-tag\" style=\"\" rel=\"nofollow noopener\" target=\"_blank\">zomrel<\/a>, zatia\u013e nie s\u00fa z dostupn\u00fdch inform\u00e1ci\u00ed zn\u00e1me. Rovnako nie je uveden\u00e9, \u010do bolo pr\u00ed\u010dinou jeho \u00famrtia.<\/p>\n<p><img decoding=\"async\" src=\"https:\/\/www.europesays.com\/sk\/wp-content\/uploads\/2026\/09\/patracia-akcia-sa-napokon-skoncila-tragicky-antona-sa-podarilo-najst-no-uz-nejavil-znamky-zivota-202.webp\" loading=\"lazy\" width=\"1500\" height=\"2000\"\/>P\u00e1tracia akcia sa napokon skon\u010dila tragicky. Antona sa podarilo n\u00e1js\u0165, no u\u017e nejavil zn\u00e1mky \u017eivota.                        <\/p>\n","protected":false},"excerpt":{"rendered":"&#13; Ve\u013ek\u00e1 p\u00e1tracia akcia na Orave sa skon\u010dila tragicky. Po 62-ro\u010dnom Antonovi Vojtasovi z M\u00fatneho p\u00e1trali desiatky \u013eud\u00ed&hellip;\n","protected":false},"author":2,"featured_media":170782,"comment_status":"","ping_status":"","sticky":false,"template":"","format":"standard","meta":{"footnotes":"","_share_on_mastodon":"0"},"categories":[6],"tags":[761,1870,762,764,535,760,763,453,525,43,40,44,39,42,45,41,766,765,1871,302],"class_list":["post-170781","post","type-post","status-publish","format-standard","has-post-thumbnail","category-slovensko","tag-drogy","tag-krimi-zilina","tag-lupez","tag-naka","tag-nehoda","tag-nehody","tag-pachatel","tag-patranie","tag-policia","tag-sk","tag-slovak","tag-slovak-republic","tag-slovakia","tag-slovencina","tag-slovenska-republika","tag-slovensko","tag-vrazda","tag-zadrzanie","tag-zilinske-krimi","tag-zlodeji"],"share_on_mastodon":{"url":"https:\/\/pubeurope.com\/@sk\/117214646603182776","error":""},"_links":{"self":[{"href":"https:\/\/www.europesays.com\/sk\/wp-json\/wp\/v2\/posts\/170781","targetHints":{"allow":["GET"]}}],"collection":[{"href":"https:\/\/www.europesays.com\/sk\/wp-json\/wp\/v2\/posts"}],"about":[{"href":"https:\/\/www.europesays.com\/sk\/wp-json\/wp\/v2\/types\/post"}],"author":[{"embeddable":true,"href":"https:\/\/www.europesays.com\/sk\/wp-json\/wp\/v2\/users\/2"}],"replies":[{"embeddable":true,"href":"https:\/\/www.europesays.com\/sk\/wp-json\/wp\/v2\/comments?post=170781"}],"version-history":[{"count":0,"href":"https:\/\/www.europesays.com\/sk\/wp-json\/wp\/v2\/posts\/170781\/revisions"}],"wp:featuredmedia":[{"embeddable":true,"href":"https:\/\/www.europesays.com\/sk\/wp-json\/wp\/v2\/media\/170782"}],"wp:attachment":[{"href":"https:\/\/www.europesays.com\/sk\/wp-json\/wp\/v2\/media?parent=170781"}],"wp:term":[{"taxonomy":"category","embeddable":true,"href":"https:\/\/www.europesays.com\/sk\/wp-json\/wp\/v2\/categories?post=170781"},{"taxonomy":"post_tag","embeddable":true,"href":"https:\/\/www.europesays.com\/sk\/wp-json\/wp\/v2\/tags?post=170781"}],"curies":[{"name":"wp","href":"https:\/\/api.w.org\/{rel}","templated":true}]}}