{"id":170823,"date":"2026-09-04T21:16:15","date_gmt":"2026-09-04T21:16:15","guid":{"rendered":"https:\/\/www.europesays.com\/sk\/170823\/"},"modified":"2026-09-04T21:16:15","modified_gmt":"2026-09-04T21:16:15","slug":"vuelta-klasikarsku-bitku-opat-zrezirovala-visma-tentoraz-sa-dockal-van-aert","status":"publish","type":"post","link":"https:\/\/www.europesays.com\/sk\/170823\/","title":{"rendered":"Vuelta: klasik\u00e1rsku bitku op\u00e4\u0165 zre\u017e\u00edrovala Visma, tentoraz sa do\u010dkal van Aert"},"content":{"rendered":"<p>Piatok bol na \u0161panielskej grand tour o nie\u010do jednoduch\u0161\u00ed. Trasa z pr\u00edmorsk\u00e9ho mesta Almu\u00f1\u00e9car do Loji merala 193 kilometrov, mala zvlnen\u00fd a\u017e kopcovit\u00fd profil a bola ide\u00e1lnou pr\u00edle\u017eitos\u0165ou pre klasik\u00e1rov a cyklistov h\u013eadaj\u00facich \u00faspech v \u00faniku.<\/p>\n<p>Zatia\u013e \u010do \u00favodn\u00e9 kilometre po \u0161tarte kop\u00edrovali pobre\u017eie, pelot\u00f3n n\u00e1sledne zamieril do vn\u00fatrozemia Andal\u00fazie, kde na pretek\u00e1rov \u010dakali viacer\u00e9 nepr\u00edjemn\u00e9 st\u00fapania a technick\u00e9 pas\u00e1\u017ee. Predpokladalo sa, \u017ee hlavn\u00fd bal\u00edk nech\u00e1 priestor siln\u00e9mu \u00faniku d\u0148a, ke\u010f\u017ee t\u00edmy pretek\u00e1rov na celkov\u00e9 poradie \u0161etrili sily na nadch\u00e1dzaj\u00face n\u00e1ro\u010dn\u00e9 horsk\u00e9 etapy.<\/p>\n<p>&#13;<br \/>\n\t&#13;<br \/>\n\t\t&#13;<br \/>\n\t\t\t&#8211; na\u0161e najprest\u00ed\u017enej\u0161ie preteky -&#13;<br \/>\n\t\t&#13;<br \/>\n\t&#13;<\/p>\n<p><a href=\"https:\/\/okoloslovenska.com\/\" target=\"_blank\" rel=\"nofollow noopener\"><img decoding=\"async\" alt=\"\" src=\"https:\/\/www.europesays.com\/sk\/wp-content\/uploads\/2026\/09\/1788556567_767_OS2026-banner-500x300.png\" title=\"Okolo Slovenska 2024\" \/><\/a><\/p>\n<p>&#13;<br \/>\n\t&#13;<br \/>\n\t\t&#13;<br \/>\n\t\t\t&#8211; na\u0161e najprest\u00ed\u017enej\u0161ie preteky -&#13;<br \/>\n\t\t&#13;<br \/>\n\t&#13;<\/p>\n<p>&#13;<br \/>\n\t&#13;<br \/>\n\t\t&#13;<br \/>\n\t\t\t&#8211; na\u0161e najprest\u00ed\u017enej\u0161ie preteky -&#13;<br \/>\n\t\t&#13;<br \/>\n\t&#13;<\/p>\n<p><a href=\"https:\/\/okoloslovenska.com\/\" target=\"_blank\" rel=\"nofollow noopener\"><img decoding=\"async\" alt=\"\" src=\"https:\/\/www.europesays.com\/sk\/wp-content\/uploads\/2026\/09\/1788556568_167_OS2026-banner-620x300px.png\" title=\"Okolo Slovenska 2024\" \/><\/a><\/p>\n<p>&#13;<br \/>\n\t&#13;<br \/>\n\t\t&#13;<br \/>\n\t\t\t&#8211; na\u0161e najprest\u00ed\u017enej\u0161ie preteky -&#13;<br \/>\n\t\t&#13;<br \/>\n\t&#13;<\/p>\n<p>Favoritmi boli predov\u0161etk\u00fdm pretek\u00e1ri Vismy, ktor\u00ed tu s Matthewom Brennanom zbieraj\u00fa etapy a Wout van Aert okrem bodova\u010dky, kde je jednozna\u010dn\u00fdm a \u0165a\u017eko dostihnute\u013en\u00fdm l\u00eddrom v\u010dera uk\u00e1zal, \u017ee mo\u017eno po\u0161ku\u013euje aj po bodkovanom drese najlep\u0161ieho vrch\u00e1ra. Navy\u0161e ich l\u00edder na GC Sepp Kuss v hor\u00e1ch nie\u010do stratil a pravdepodobne u\u017e c\u00edti, \u017ee po tom ako v tejto sez\u00f3ne obi\u0161iel Giro aj Tour u\u017e nebude bojova\u0165 p\u00f3dium. Dobr\u00e9 nohy\u00a0 tu v 10. etape, ktor\u00e1 mala \u0165a\u017ek\u00fd fini\u0161 uk\u00e1zali aj po tejto sez\u00f3ne kon\u010diaci Magnus Cort (Uno-X) a Thibau Nys (Lidl).<\/p>\n<p>Na \u0161tart sa nepostavil Alexey Lutsenko (NSN), ktor\u00fd sa v posledn\u00fdch d\u0148och opakovane predstavil v \u00fanikoch a predv\u00e1dzsl pekn\u00e9 v\u00fdkony. Svoju posledn\u00fa GT v kari\u00e9re teda nedokon\u010d\u00ed. Kr\u00e1tko po \u0161tarte navy\u0161e do\u0161lo k p\u00e1du do ktor\u00e9ho sa primotal aj Gregor Muhlberger (Dectahlon) a bohu\u017eia\u013e musel odst\u00fapi\u0165 aj on. To bola ve\u013ek\u00e1 strata pre l\u00eddra t\u00edmu Felixa Galla, ke\u010f\u017ee t\u00fdm pri\u0161iel o svojho superdomestika. Bohu\u017eia\u013e padalo sa aj \u010falej &#8211; David de la Cruz (Pinarello) alebo Axel Laurence (Ineos).<\/p>\n<p>&#13;<\/p>\n<p dir=\"ltr\" lang=\"en\" xml:lang=\"en\">\u261d\ufe0fJust talking about <a href=\"https:\/\/x.com\/hashtag\/M%C3%BChlberger?src=hash&amp;ref_src=twsrc%5Etfw\" rel=\"nofollow\">#M\u00fchlberger<\/a>\u2019s Crash<br \/>&#13;<br \/>\n(DNF) and right away the next one! ????<br \/>&#13;<br \/>\n<a href=\"https:\/\/x.com\/hashtag\/AxelLaurance?src=hash&amp;ref_src=twsrc%5Etfw\" rel=\"nofollow\">#AxelLaurance<\/a><\/p>\n<p>???????? Vuelta \u00e0 Espa\u00f1a 2026 \u2022 Stage 1\ufe0f\u20e33\ufe0f\u20e3<br \/>&#13;<br \/>\n????\ufe0f Sept. 4th<br \/>&#13;<br \/>\nFriday ???? 1\ufe0f\u20e33\ufe0f\u20e3. Stage ????\u200d\u2b1b ????????????<a href=\"https:\/\/x.com\/lavuelta?ref_src=twsrc%5Etfw\" rel=\"nofollow\">@lavuelta<\/a> <a href=\"https:\/\/x.com\/hashtag\/LaVuelta?src=hash&amp;ref_src=twsrc%5Etfw\" rel=\"nofollow\">#LaVuelta<\/a> <a href=\"https:\/\/x.com\/hashtag\/VueltaaEspa%C3%B1a?src=hash&amp;ref_src=twsrc%5Etfw\" rel=\"nofollow\">#VueltaaEspa\u00f1a<\/a> <a href=\"https:\/\/x.com\/hashtag\/Vuelta?src=hash&amp;ref_src=twsrc%5Etfw\" rel=\"nofollow\">#Vuelta<\/a> <a href=\"https:\/\/x.com\/hashtag\/LaVuelta26?src=hash&amp;ref_src=twsrc%5Etfw\" rel=\"nofollow\">#LaVuelta26<\/a> <a href=\"https:\/\/x.com\/hashtag\/Vuelta2026?src=hash&amp;ref_src=twsrc%5Etfw\" rel=\"nofollow\">#Vuelta2026<\/a> <a href=\"https:\/\/x.com\/hashtag\/Vuelta26?src=hash&amp;ref_src=twsrc%5Etfw\" rel=\"nofollow\">#Vuelta26<\/a> <a href=\"https:\/\/x.com\/hashtag\/Spain?src=hash&amp;ref_src=twsrc%5Etfw\" rel=\"nofollow\">#Spain<\/a> <a href=\"https:\/\/t.co\/XHFkc8JFQg\" rel=\"nofollow\">pic.twitter.com\/XHFkc8JFQg<\/a><\/p>\n<p>&#13;<br \/>\n\u2014 Kingdom of Cycling (@Cycling_Kingdom) <a href=\"https:\/\/x.com\/Cycling_Kingdom\/status\/2095863108463980892?ref_src=twsrc%5Etfw\" rel=\"nofollow\">September 4, 2026<\/a><\/p>\n<p>Dopredu sa dostala ve\u013ek\u00e1 skupina 27 jazdcov. T\u00ed si to aj rozdali v boji o prv\u00fa horsk\u00fa pr\u00e9miu Alto de la Venta de la Cebada. A svete \u010duduj sa, vyhral Wout van Aert (Visma) pred Santiagom Buitragom (Bahrain-Victorious). Odst\u00fapil aj Pavel Sivakov (UAE), \u00fadajne pre bolesti hlavy sp\u00f4soben\u00e9 vysokou teplotou. Skupina sa potom rozdelila a paradoxne v tej \u010delnej neostal ani van Aert ani Buitrago. Na druhej horskej pr\u00e9mii teda nebodovali.<\/p>\n<p>V polovici etapy teda vpredu jazdila desa\u0165\u010dlenn\u00e1 skupina, zhruba poldruha min\u00faty za \u0148ou obrovsk\u00e1 32-\u010dlenn\u00e1 skupina a potom bal\u00edk s odstupom \u0161tyroch min\u00fat na \u010delo. Zlo\u017eenie \u010delnej skupiny bolo:\u00a0Kevin Vermaerke (UAE), Matthew Brennan (Visma), L\u00e9o Bisiaux (Decthlon), Cl\u00e9ment Berthet a Guillaume Martin (Groupama), Andreas Kron a Andreas Leknessund (Uno-X), Vincenzo Albanese (EF), Cristi\u00e1n Rodr\u00edguez (Astana) a Lars Craps (Lotto).<\/p>\n<p>Bolo vidie\u0165, \u017ee v t\u00fdchto f\u00e1zach s\u00fa u\u017e jednotliv\u00e9 t\u00edmy dos\u0165 unaven\u00e9 a nie je jednosuch\u00e9 kontrolova\u0165 preteky. Ve\u010f v \u010deln\u00fdch skupin\u00e1ch sa nach\u00e1dzali aj jazdci, ktor\u00fd mohli v pr\u00edpade \u00faspechu \u00faniku v\u00fdrazne posko\u010di\u0165 v celkovom porad\u00ed &#8211; napr\u00edklad\u00a0Mattias Skjelmose (Lidl) str\u00e1cal 7&#8217;42&#8220;, Cl\u00e9ment Berthet (Groupama) 13&#8217;21&#8220; a Cristi\u00e1n Rodr\u00edguez (Astana) 13&#8217;29&#8220;.<\/p>\n<p>Op\u00e4\u0165 bolo ve\u013emi hor\u00faco, teplota dosahovala a\u017e 39 stup\u0148ov. Napriek tomu poz\u00edcia najteplej\u0161ej etapy Vuelty ost\u00e1vala neohrozen\u00e1. \u010eal\u0161\u00ed probl\u00e9m pre Decathlon pri\u0161iel 52 kilometrov pred p\u00e1skou. Na zemi sa ocitol\u00a0Calum Scotson a dv\u00edhal sa pomal\u0161ie. Ak by musel odst\u00fapi\u0165 aj on, tak to by u\u017e pre t\u00edm bola katastrofa.<\/p>\n<p>&#13;<\/p>\n<p dir=\"ltr\" lang=\"es\" xml:lang=\"es\">???? The breakaway is collaborating well with less than 50km to go in the stage<\/p>\n<p>???? El grupo perseguidor, cada vez m\u00e1s cerca de los 10 fugados<\/p>\n<p>???? ????????????????\u0301????<\/p>\n<p>1\ufe0f\u20e3 Matthew Brennan &#8211; <a href=\"https:\/\/x.com\/vismaleaseabike?ref_src=twsrc%5Etfw\" rel=\"nofollow\">@vismaleaseabike<\/a> | 20 p. &#8211; 6&#8243;<br \/>&#13;<br \/>\n2\ufe0f\u20e3 Cristian Rodr\u00edguez &#8211; <a href=\"https:\/\/x.com\/XDSAstanaTeam?ref_src=twsrc%5Etfw\" rel=\"nofollow\">@XDSAstanaTeam<\/a> | 17 p. &#8211; 4&#8243;<\/p>\n<p>\u23f1\ufe0f 47&#8243;\u2026 <a href=\"https:\/\/t.co\/XXfIzBwas4\" rel=\"nofollow\">pic.twitter.com\/XXfIzBwas4<\/a><\/p>\n<p>&#13;<br \/>\n\u2014 La Vuelta (@lavuelta) <a href=\"https:\/\/x.com\/lavuelta\/status\/2095878211615744186?ref_src=twsrc%5Etfw\" rel=\"nofollow\">September 4, 2026<\/a><\/p>\n<p>\u0160print\u00e9rsku pr\u00e9miu v Toc\u00f3ne vyhral Matthew Brennan a na druhom mieste si bonifik\u00e1cie prip\u00edsal aj Cristi\u00e1n Rodr\u00edguez, ktor\u00fd teoreticky dnes mohol cieli\u0165 aj na Top10 v celkovom porad\u00ed.<\/p>\n<p>Z\u00e1vere\u010dn\u00e9 st\u00fapanie\u00a0Puerto de Granada malo fin\u00e1lne ur\u010di\u0165 skupinu z ktorej vz\u00edde v\u00ed\u0165az. Druh\u00e1 partia toti\u017e str\u00e1cala v n\u00e1jazde iba 50&#8243;. Pod\u013ea o\u010dak\u00e1vania sa nastupovalo aj vpredu aj vzadu. Po pr\u00e9mii sa skupiny spojili. Bolo tam a\u017e 38 pretek\u00e1rov, tak\u00fd mal\u00fd pelot\u00f3n. Z favoritov na dojazd pribudol hlavne Wout van Aert, Magnus Cort alebo Vincenzo Albanese.<\/p>\n<p>&#13;<\/p>\n<p dir=\"ltr\" lang=\"en\" xml:lang=\"en\">Animated at the front! ????<\/p>\n<p>Wout van Aert leads the breakaway, with a big win up for grabs on Stage 13! ???? <a href=\"https:\/\/t.co\/30PVOYSHhp\" rel=\"nofollow\">pic.twitter.com\/30PVOYSHhp<\/a><\/p>\n<p>&#13;<br \/>\n\u2014 Cycling on TNT Sports (@cyclingontnt) <a href=\"https:\/\/x.com\/cyclingontnt\/status\/2095888489153790267?ref_src=twsrc%5Etfw\" rel=\"nofollow\">September 4, 2026<\/a><\/p>\n<p>Rozohrala sa kr\u00e1sna klasik\u00e1rska bitka. N\u00e1stup striedal n\u00e1stup. Visma ale st\u00e1le mala vpredu bu\u010f jedn\u00e9ho alebo oboch svojich jazdcov. Nakoniec sa odtrhla deviatka &#8211; van Aert, Brennan, Vermaerke, Fisher-Black, Bisiaux, Paret-Peintre (Soudal-QuickStep), Dalby (Uno-X), Albanese a Widar (Lotto). Druh\u00e1 skupina r\u00fdchlo stratila takmer min\u00fatu a vyzerali, \u017ee u\u017e na v\u00ed\u0165azstvo v etape rezignovali.\u00a0<\/p>\n<p>V prvej skupine to vyzeralo, \u017ee sa v\u0161etci spojili proti dvoji\u010dke Vismy &#8211; n\u00e1stup striedal n\u00e1stup &#8211; Vermaerke, Dalby, Bisiaux. V\u00e4\u010d\u0161inou to chytal Brennan, tak\u017ee to vyzeralo, \u017ee dnes id\u00fa na van Aerta. Tri kilometre pred p\u00e1skou nast\u00fapil van Aert. Udr\u017eal sa ho iba Paret-Peintre. Chv\u00ed\u013eu nestriedal, potom mu ale povolili nervy a \u0165ahal aj on. V \u0161printe ale pod\u013ea predpokladov nemal \u0161ancu.<\/p>\n<p>&#13;<\/p>\n<p dir=\"ltr\" lang=\"en\" xml:lang=\"en\">WOUT VAN AERT (VISMA LEASE A BIKE) WINS STAGE 13 OF VUELTA A ESPANA IN LOJA! ???????????? After 3 victories of Brennan, Wout also took his stage victory in front of Valentin Paret-Peintre. The big favourite won.<a href=\"https:\/\/x.com\/hashtag\/LaVuelta26?src=hash&amp;ref_src=twsrc%5Etfw\" rel=\"nofollow\">#LaVuelta26<\/a> <a href=\"https:\/\/t.co\/mXYxUnqDND\" rel=\"nofollow\">pic.twitter.com\/mXYxUnqDND<\/a><\/p>\n<p>&#13;<br \/>\n\u2014 Mihai Simion (@faustocoppi60) <a href=\"https:\/\/x.com\/faustocoppi60\/status\/2095893499807773103?ref_src=twsrc%5Etfw\" rel=\"nofollow\">September 4, 2026<\/a><\/p>\n<p>Visma op\u00e4\u0165 uk\u00e1zala, ako dok\u00e1\u017ee re\u017e\u00edrova\u0165 tak\u00e9to etapy. Wout van Aert sa teda po v\u00fdborn\u00fdch v\u00fdkonoch do\u010dkal aj etapov\u00e9ho v\u00ed\u0165azstva, pre Vismu u\u017e je to \u0161tvrt\u00e1 etapa. Druh\u00fd Valentin Paret-Peintre (Soudal-QuickStep), ktor\u00fd spravil skoro v\u0161etko spr\u00e1vne, ale so svoj\u00edmi kilami v \u0161printe nemal \u0161ancu. No a tretie miesto istil pre Vismu Matthew Brennan.<\/p>\n<p>&#13;<br \/>\n\t&#13;<br \/>\n\t\t&#13;<br \/>\n\t\t\t<img decoding=\"async\" alt=\"video v clanku ikonka cierna\" src=\"https:\/\/www.europesays.com\/sk\/wp-content\/uploads\/2026\/09\/video-v-clanku-ikonka-cierna.png\" style=\"vertical-align: middle; margin-right: 8px; margin-left: 10px; float: left;\" title=\"Video\" \/>Video &#8211; k\u013e\u00fa\u010dov\u00e9 momenty etapy&#13;<br \/>\n\t\t&#13;<br \/>\n\t&#13;<\/p>\n<p>Hlavn\u00e1 skupina nakoniec v\u00fdrazne zr\u00fdchlila a vyznamne sa preriedila. Pri\u0161la so stratou iba\u00a0troch min\u00fat. Majitelia cenn\u00fdch dresov ost\u00e1vaj\u00fa rovnak\u00ed (van Aert sa ale vo vrch\u00e1rskej s\u00fa\u0165a\u017ei pribl\u00ed\u017eil ved\u00facemu Buitragovi na rozdiel dvoch bodov), menilo sa drobne poradie v TOP10. Nakoniec ale iba v\u010faka odst\u00fapeniu Muhlbergera sa na jej koniec posunuli Harold Tejada (Astana) a Cl\u00e9ment Berthet (Groupama). Mattias Skjelmose tada nakoniec iba z\u00edskal \u010das ale nie poradie.<\/p>\n<p>&#13;<br \/>\n\t&#13;<br \/>\n\t\t&#13;<br \/>\n\t\t\t<img decoding=\"async\" alt=\"vyjadrenie ikonky cierna\" src=\"https:\/\/www.europesays.com\/sk\/wp-content\/uploads\/2026\/09\/vyjadrenie-ikonky-cierna.png\" style=\"vertical-align: middle; margin-right: 8px; margin-left: 10px; float: left;\" title=\"vyjadrenie\" \/>Vyjadrenie Wout van Aert (v\u00ed\u0165az)&#13;<br \/>\n\t\t&#13;<br \/>\n\t\t&#13;<br \/>\n\t\t\t&#8222;Pl\u00e1n bol \u00eds\u0165 do \u00faniku. Dnes to bolo \u0165a\u017ek\u00e9 kontrolova\u0165. Sna\u017eili sme sme sa tam by\u0165 vo v\u00e4\u010d\u0161om po\u010dte, aby sme mali viacej kariet. Nakoniec to vy\u0161lo v\u00fdborne, Bruno (Armirail) a ja sme zost\u00e1vali v h\u00e1ku v druhej skupine, Matt (Brennan) bol vpredu. V z\u00e1vere\u010dnom st\u00fapan\u00ed som si dosko\u010dil dopredu. Potom sme obaja mali rovnak\u00e9 \u0161ance, dok\u00e1\u017eeme sa ale obetova\u0165 jeden pre druh\u00e9ho, tak\u017ee sme st\u00e1le \u00fato\u010dili a nakoniec to vy\u0161lo. Za\u00fato\u010dil som v tom kop\u010deku, to bola vzdialenos\u0165, kedy u\u017e v\u0161etci za\u010d\u00ednaj\u00fa rozm\u00fd\u0161\u013ea\u0165 o \u0161printe a ochota s\u0165ahova\u0165 n\u00e1stupy je men\u0161ia. Valentine (Paret-Peintre) my tam dokonca aj prestriedal, \u010do bolo fajn.&#8220;&#13;<br \/>\n\t\t&#13;<br \/>\n\t&#13;<\/p>\n<p>&#13;<br \/>\n\t&#13;<br \/>\n\t\t&#13;<br \/>\n\t\t\tPriebe\u017en\u00e9 poradie bodovacej s\u00fa\u0165a\u017ee po etape&#13;<br \/>\n\t\t&#13;<br \/>\n\t&#13;<br \/>\n\t&#13;<br \/>\n\t\t&#13;<br \/>\n\t\t\t1.&#13;<br \/>\n\t\t\t<img decoding=\"async\" src=\"https:\/\/www.europesays.com\/sk\/wp-content\/uploads\/2026\/09\/belgicko.png\" style=\"vertical-align: middle; margin-bottom: 2px;\" title=\"Belgicko\" \/>&#13;<br \/>\n\t\t\tVAN AERT Wout&#13;<br \/>\n\t\t\tVisma | Lease a Bike&#13;<br \/>\n\t\t\t224 &#13;<br \/>\n\t\t&#13;<br \/>\n\t\t&#13;<br \/>\n\t\t\t2.&#13;<br \/>\n\t\t\t<img decoding=\"async\" src=\"https:\/\/www.europesays.com\/sk\/wp-content\/uploads\/2026\/09\/velka-britania.png\" style=\"vertical-align: middle; margin-bottom: 2px;\" title=\"Ve\u013ek\u00e1 Brit\u00e1nia\" \/>&#13;<br \/>\n\t\t\tBRENNAN Matthew&#13;<br \/>\n\t\t\tVisma | Lease a Bike&#13;<br \/>\n\t\t\t159 &#13;<br \/>\n\t\t&#13;<br \/>\n\t\t&#13;<br \/>\n\t\t\t3.&#13;<br \/>\n\t\t\t<img decoding=\"async\" src=\"https:\/\/www.europesays.com\/sk\/wp-content\/uploads\/2026\/09\/taliansko.png\" style=\"vertical-align: middle; margin-bottom: 2px;\" title=\"Taliansko\" \/>&#13;<br \/>\n\t\t\tROMELE Alessandro&#13;<br \/>\n\t\t\tXDS Astana Team&#13;<br \/>\n\t\t\t96 &#13;<br \/>\n\t\t&#13;<br \/>\n\t&#13;<\/p>\n<p>&#13;<br \/>\n\t&#13;<br \/>\n\t\t&#13;<br \/>\n\t\t\t4.&#13;<br \/>\n\t\t\t<img decoding=\"async\" src=\"https:\/\/www.europesays.com\/sk\/wp-content\/uploads\/2026\/09\/francuzsko.png\" style=\"vertical-align: middle; margin-bottom: 2px;\" title=\"Franc\u00fazsko\" \/>&#13;<br \/>\n\t\t\tCOQUARD Bryan&#13;<br \/>\n\t\t\tCofidis&#13;<br \/>\n\t\t\t94 &#13;<br \/>\n\t\t&#13;<br \/>\n\t&#13;<\/p>\n<p>&#13;<br \/>\n\t&#13;<br \/>\n\t\t&#13;<br \/>\n\t\t\tPriebe\u017en\u00e9 poradie vrch\u00e1rskej s\u00fa\u0165a\u017ee po etape&#13;<br \/>\n\t\t&#13;<br \/>\n\t&#13;<br \/>\n\t&#13;<br \/>\n\t\t&#13;<br \/>\n\t\t\t1.&#13;<br \/>\n\t\t\t<img decoding=\"async\" src=\"https:\/\/www.europesays.com\/sk\/wp-content\/uploads\/2026\/09\/kolumbia.png\" style=\"vertical-align: middle; margin-bottom: 2px;\" title=\"Kolumbia\" \/>&#13;<br \/>\n\t\t\tBUITRAGO Santiago&#13;<br \/>\n\t\t\tBahrain Victorious&#13;<br \/>\n\t\t\t58 &#13;<br \/>\n\t\t&#13;<br \/>\n\t\t&#13;<br \/>\n\t\t\t2.&#13;<br \/>\n\t\t\t<img decoding=\"async\" src=\"https:\/\/www.europesays.com\/sk\/wp-content\/uploads\/2026\/09\/belgicko.png\" style=\"vertical-align: middle; margin-bottom: 2px;\" title=\"Belgicko\" \/>&#13;<br \/>\n\t\t\tVAN AERT Wout&#13;<br \/>\n\t\t\tVisma | Lease a Bike&#13;<br \/>\n\t\t\t40 &#13;<br \/>\n\t\t&#13;<br \/>\n\t\t&#13;<br \/>\n\t\t\t3.&#13;<br \/>\n\t\t\t<img decoding=\"async\" src=\"https:\/\/www.europesays.com\/sk\/wp-content\/uploads\/2026\/09\/spanielsko.png\" style=\"vertical-align: middle; margin-bottom: 2px;\" title=\"\u0160panielsko\" \/>&#13;<br \/>\n\t\t\tMAS Enric&#13;<br \/>\n\t\t\tMovistar Team&#13;<br \/>\n\t\t\t24 &#13;<br \/>\n\t\t&#13;<br \/>\n\t&#13;<\/p>\n<p>&#13;<br \/>\n\t&#13;<br \/>\n\t\t&#13;<br \/>\n\t\t\t4.&#13;<br \/>\n\t\t\t<img decoding=\"async\" src=\"https:\/\/www.europesays.com\/sk\/wp-content\/uploads\/2026\/09\/norsko.png\" style=\"vertical-align: middle; margin-bottom: 2px;\" title=\"N\u00f3rsko\" \/>&#13;<br \/>\n\t\t\tLEKNESSUND Andreas&#13;<br \/>\n\t\t\tUno-X Mobility&#13;<br \/>\n\t\t\t19 &#13;<br \/>\n\t\t&#13;<br \/>\n\t&#13;<\/p>\n<p>&#13;<br \/>\n\t&#13;<br \/>\n\t\t&#13;<br \/>\n\t\t\tPriebe\u017en\u00e9 poradie s\u00fa\u0165a\u017ee do 25 rokov po etape&#13;<br \/>\n\t\t&#13;<br \/>\n\t&#13;<br \/>\n\t&#13;<br \/>\n\t\t&#13;<br \/>\n\t\t\t1.&#13;<br \/>\n\t\t\t<img decoding=\"async\" src=\"https:\/\/www.europesays.com\/sk\/wp-content\/uploads\/2026\/09\/velka-britania.png\" style=\"vertical-align: middle; margin-bottom: 2px;\" title=\"Ve\u013ek\u00e1 Brit\u00e1nia\" \/>&#13;<br \/>\n\t\t\tONLEY Oscar&#13;<br \/>\n\t\t\tNetcompany INEOS&#13;<br \/>\n\t\t\t45:13:20&#13;<br \/>\n\t\t&#13;<br \/>\n\t\t&#13;<br \/>\n\t\t\t2.&#13;<br \/>\n\t\t\t<img decoding=\"async\" src=\"https:\/\/www.europesays.com\/sk\/wp-content\/uploads\/2026\/09\/slovinsko.png\" style=\"vertical-align: middle; margin-bottom: 2px;\" title=\"Slovinsko\" \/>&#13;<br \/>\n\t\t\tOMRZEL Jakob&#13;<br \/>\n\t\t\tBahrain Victorious&#13;<br \/>\n\t\t\t00:30&#13;<br \/>\n\t\t&#13;<br \/>\n\t\t&#13;<br \/>\n\t\t\t3.&#13;<br \/>\n\t\t\t<img decoding=\"async\" src=\"https:\/\/www.europesays.com\/sk\/wp-content\/uploads\/2026\/09\/francuzsko.png\" style=\"vertical-align: middle; margin-bottom: 2px;\" title=\"Franc\u00fazsko\" \/>&#13;<br \/>\n\t\t\tBISIAUX L\u00e9o&#13;<br \/>\n\t\t\tDecathlon CMA CGM&#13;<br \/>\n\t\t\t09:07&#13;<br \/>\n\t\t&#13;<br \/>\n\t&#13;<\/p>\n<p>&#13;<br \/>\n\t&#13;<br \/>\n\t\t&#13;<br \/>\n\t\t\t4.&#13;<br \/>\n\t\t\t<img decoding=\"async\" src=\"https:\/\/www.europesays.com\/sk\/wp-content\/uploads\/2026\/09\/usa.png\" style=\"vertical-align: middle; margin-bottom: 2px;\" title=\"Spojen\u00e9 \u0161t\u00e1ty\" \/>&#13;<br \/>\n\t\t\tRICCITELLO Matthew&#13;<br \/>\n\t\t\tDecathlon CMA CGM&#13;<br \/>\n\t\t\t12:46&#13;<br \/>\n\t\t&#13;<br \/>\n\t&#13;<\/p>\n<p><script async src=\"https:\/\/platform.twitter.com\/widgets.js\" charset=\"utf-8\"><\/script><\/p>\n","protected":false},"excerpt":{"rendered":"Piatok bol na \u0161panielskej grand tour o nie\u010do jednoduch\u0161\u00ed. Trasa z pr\u00edmorsk\u00e9ho mesta Almu\u00f1\u00e9car do Loji merala 193&hellip;\n","protected":false},"author":2,"featured_media":170824,"comment_status":"","ping_status":"","sticky":false,"template":"","format":"standard","meta":{"footnotes":"","_share_on_mastodon":"0"},"categories":[13],"tags":[48273,4120,1706,4122,4124,4126,4117,43,40,39,42,4118,41,69,68,4121,4123,4119,4125],"class_list":["post-170823","post","type-post","status-publish","format-standard","has-post-thumbnail","category-sport","tag-13-etapa-vuelta-a-espana-2026","tag-cestna-cyklistika","tag-cyklistika","tag-cyklistika-na-slovensku","tag-giro-d-italia","tag-peter-sagan","tag-portal-cyklistiky","tag-sk","tag-slovak","tag-slovakia","tag-slovencina","tag-slovenski-cyklisti","tag-slovensko","tag-sport","tag-sports","tag-svetova-cyklistika","tag-svetovi-cyklisti","tag-tour-de-france","tag-vuelta-a-espana"],"share_on_mastodon":{"url":"https:\/\/pubeurope.com\/@sk\/117214851247714013","error":""},"_links":{"self":[{"href":"https:\/\/www.europesays.com\/sk\/wp-json\/wp\/v2\/posts\/170823","targetHints":{"allow":["GET"]}}],"collection":[{"href":"https:\/\/www.europesays.com\/sk\/wp-json\/wp\/v2\/posts"}],"about":[{"href":"https:\/\/www.europesays.com\/sk\/wp-json\/wp\/v2\/types\/post"}],"author":[{"embeddable":true,"href":"https:\/\/www.europesays.com\/sk\/wp-json\/wp\/v2\/users\/2"}],"replies":[{"embeddable":true,"href":"https:\/\/www.europesays.com\/sk\/wp-json\/wp\/v2\/comments?post=170823"}],"version-history":[{"count":0,"href":"https:\/\/www.europesays.com\/sk\/wp-json\/wp\/v2\/posts\/170823\/revisions"}],"wp:featuredmedia":[{"embeddable":true,"href":"https:\/\/www.europesays.com\/sk\/wp-json\/wp\/v2\/media\/170824"}],"wp:attachment":[{"href":"https:\/\/www.europesays.com\/sk\/wp-json\/wp\/v2\/media?parent=170823"}],"wp:term":[{"taxonomy":"category","embeddable":true,"href":"https:\/\/www.europesays.com\/sk\/wp-json\/wp\/v2\/categories?post=170823"},{"taxonomy":"post_tag","embeddable":true,"href":"https:\/\/www.europesays.com\/sk\/wp-json\/wp\/v2\/tags?post=170823"}],"curies":[{"name":"wp","href":"https:\/\/api.w.org\/{rel}","templated":true}]}}