{"id":170837,"date":"2026-09-04T21:44:09","date_gmt":"2026-09-04T21:44:09","guid":{"rendered":"https:\/\/www.europesays.com\/sk\/170837\/"},"modified":"2026-09-04T21:44:09","modified_gmt":"2026-09-04T21:44:09","slug":"online-real-betis-real-madrid-la-liga-live","status":"publish","type":"post","link":"https:\/\/www.europesays.com\/sk\/170837\/","title":{"rendered":"ONLINE : Real Betis &#8211; Real Madrid \/ La Liga LIVE"},"content":{"rendered":"<p>Program 4. kola \u0161panielskej La Ligy od\u0161tartuje piatkov\u00fd \u0161l\u00e1ger v Seville, kde si madridsk\u00fd Real pr\u00edde pre \u010fal\u0161ie tri body na \u0161tadi\u00f3n naposledy pokoren\u00e9ho Betisu.<a class=\"news-item-image\" target=\"_self\" href=\"https:\/\/sport.aktuality.sk\/futbal\/clanok\/la-liga-vysledky-dnes-real-betis-real-madrid-10-2026090420460395794\" rel=\"nofollow noopener\"><img alt=\"Mbapp\u00e9 sp\u00e1lil tutovky, Vin\u00edcius trafil ty\u010d. S\u00faper Slovana z Ligy majstrov \u0161okoval Real Madrid\" src=\"data:image\/gif;base64,R0lGODlhAQABAIAAAAAAAP\/\/\/yH5BAEAAAAALAAAAAABAAEAAAIBRAA7\" decoding=\"async\" data-nimg=\"responsive\" class=\"side-article\" style=\"position:absolute;top:0;left:0;bottom:0;right:0;box-sizing:border-box;padding:0;border:none;margin:auto;display:block;width:0;height:0;min-width:100%;max-width:100%;min-height:100%;max-height:100%\"\/><img alt=\"Mbapp\u00e9 sp\u00e1lil tutovky, Vin\u00edcius trafil ty\u010d. S\u00faper Slovana z Ligy majstrov \u0161okoval Real Madrid\" src=\"https:\/\/www.europesays.com\/sk\/wp-content\/uploads\/2026\/09\/1325a6d1-7469-438c-a04b-c8b04123622a.jpg\" decoding=\"async\" data-nimg=\"responsive\" style=\"position:absolute;top:0;left:0;bottom:0;right:0;box-sizing:border-box;padding:0;border:none;margin:auto;display:block;width:0;height:0;min-width:100%;max-width:100%;min-height:100%;max-height:100%\" class=\"side-article\" loading=\"lazy\"\/><\/a><\/p>\n<p class=\"news-item-description\">Futbalisti Realu Betis triumfovali v 4. kole La Ligy na dom\u00e1com ihrisku proti Realu Madrid 1:0. O jedin\u00fd g\u00f3l stretnutia sa postaral v 81. min\u00fate Troy Parrott. Sevillsk\u00fd klub pricestuje do Bratislavy, kde 24.11. v Lige majstrov. vyzve \u0160K Slovan Bratislava.<\/p>\n<p>Sledujte ONLINE prenos zo z\u00e1pasu Real Betis &#8211; Real Madrid v 4. kole \u0161panielskej s\u00fa\u0165a\u017ee LaLiga na \u0160PORT.sk! Za\u010diatok z\u00e1pasu je o 21.00 h.<\/p>\n<p>ONLINE prenos z\u00e1pasu Real Betis &#8211; Real Madrid<\/p>\n","protected":false},"excerpt":{"rendered":"Program 4. kola \u0161panielskej La Ligy od\u0161tartuje piatkov\u00fd \u0161l\u00e1ger v Seville, kde si madridsk\u00fd Real pr\u00edde pre \u010fal\u0161ie&hellip;\n","protected":false},"author":2,"featured_media":170838,"comment_status":"","ping_status":"","sticky":false,"template":"","format":"standard","meta":{"footnotes":"","_share_on_mastodon":"0"},"categories":[13],"tags":[5470,173,174,14002,2317,43,40,39,42,41,69,68],"class_list":["post-170837","post","type-post","status-publish","format-standard","has-post-thumbnail","category-sport","tag-laliga","tag-mixzona","tag-online","tag-real-betis","tag-real-madrid-cf","tag-sk","tag-slovak","tag-slovakia","tag-slovencina","tag-slovensko","tag-sport","tag-sports"],"share_on_mastodon":{"url":"https:\/\/pubeurope.com\/@sk\/117214961412668549","error":""},"_links":{"self":[{"href":"https:\/\/www.europesays.com\/sk\/wp-json\/wp\/v2\/posts\/170837","targetHints":{"allow":["GET"]}}],"collection":[{"href":"https:\/\/www.europesays.com\/sk\/wp-json\/wp\/v2\/posts"}],"about":[{"href":"https:\/\/www.europesays.com\/sk\/wp-json\/wp\/v2\/types\/post"}],"author":[{"embeddable":true,"href":"https:\/\/www.europesays.com\/sk\/wp-json\/wp\/v2\/users\/2"}],"replies":[{"embeddable":true,"href":"https:\/\/www.europesays.com\/sk\/wp-json\/wp\/v2\/comments?post=170837"}],"version-history":[{"count":0,"href":"https:\/\/www.europesays.com\/sk\/wp-json\/wp\/v2\/posts\/170837\/revisions"}],"wp:featuredmedia":[{"embeddable":true,"href":"https:\/\/www.europesays.com\/sk\/wp-json\/wp\/v2\/media\/170838"}],"wp:attachment":[{"href":"https:\/\/www.europesays.com\/sk\/wp-json\/wp\/v2\/media?parent=170837"}],"wp:term":[{"taxonomy":"category","embeddable":true,"href":"https:\/\/www.europesays.com\/sk\/wp-json\/wp\/v2\/categories?post=170837"},{"taxonomy":"post_tag","embeddable":true,"href":"https:\/\/www.europesays.com\/sk\/wp-json\/wp\/v2\/tags?post=170837"}],"curies":[{"name":"wp","href":"https:\/\/api.w.org\/{rel}","templated":true}]}}