{"id":170839,"date":"2026-09-04T21:57:24","date_gmt":"2026-09-04T21:57:24","guid":{"rendered":"https:\/\/www.europesays.com\/sk\/170839\/"},"modified":"2026-09-04T21:57:24","modified_gmt":"2026-09-04T21:57:24","slug":"pricina-smrti-herca-zo-sam-doma-je-odhalena-toto-ho-zabilo","status":"publish","type":"post","link":"https:\/\/www.europesays.com\/sk\/170839\/","title":{"rendered":"Pr\u00ed\u010dina smrti herca zo S\u00e1m Doma je odhalen\u00e1: Toto ho zabilo!"},"content":{"rendered":"<p>LOS ANGELES &#8211; Britsk\u00fd herec Tim Curry, zn\u00e1my najm\u00e4 z filmovej adapt\u00e1cie muzik\u00e1lu Rocky Horror Picture Show, zomrel na ischemick\u00fa chorobu srdca. S odvolan\u00edm sa na jeho hovorcu a ofici\u00e1lne dokumenty o tom informovala telev\u00edzia BBC a \u010dasopis People, p\u00ed\u0161e TASR na z\u00e1klade spr\u00e1vy agent\u00fary DPA.<\/p>\n<p>Curry zomrel 25. augusta vo svojom dome v Los Angeles vo veku 80 rokov. Od mozgovej pr\u00edhody v roku 2012 bol na invalidnom voz\u00edku, lie\u010dil sa aj na rakovinu obli\u010diek. Kari\u00e9ru v Hollywoode za\u010dal v 60. rokoch 20. storo\u010dia. Ischemick\u00e1 choroba srdca je asymptomatick\u00e9 ochorenie, pri ktorom do srdcov\u00e9ho svalu cez koron\u00e1rne tepny pr\u00fadi obmedzen\u00e9 mno\u017estvo okysli\u010denej krvi.<\/p>\n<p>Curry bol zn\u00e1my svojim humorom i pr\u00e1cou s hlasom. Trikr\u00e1t bol nominovan\u00fd na cenu Tony a raz na cenu Emmy. Presl\u00e1vil sa najm\u00e4 v bl\u00e1znivej filmovej par\u00f3dii The Rocky Horror Picture Show, ktor\u00e1 bola spo\u010diatku kritikmi odmietan\u00e1.<\/p>\n<p>\t<a href=\"https:\/\/www.topky.sk\/gl\/9603901\/6471043\/Pricina-smrti-herca-zo-Sam-Doma-je-odhalena--Toto-ho-zabilo-\" rel=\"nofollow noopener\" target=\"_blank\"><br \/>\n\t\t<img decoding=\"async\" alt=\"Pr\u00ed\u010dina smrti herca zo\" aria-describedby=\"img-res-6471043\" class=\"\" height=\"1227\" id=\"6471043\" loading=\"lazy\" onerror=\"imgArticleLoadErr(this)\" src=\"https:\/\/www.europesays.com\/sk\/wp-content\/uploads\/2026\/09\/Tim-Curry.jpg\" style=\"aspect-ratio:1.304\" title=\"Pr\u00ed\u010dina smrti herca zo\" width=\"1600\"\/>\t\t\t<\/p>\n<p>\n\t\t\t\tZobrazi\u0165 gal\u00e9riu (23)\t\t\t<\/p>\n<p>\t<\/a><\/p>\n<p>\t\u00a0(Zdroj: 20th Century Fox)<\/p>\n<p>Fan\u00fa\u0161ikovia ho poznaj\u00fa aj ako klauna Pennywisea z adapt\u00e1cie hororu To z roku 1990 od Stephena Kinga alebo p\u00e1na Hectora z kom\u00e9die S\u00e1m doma 2: Straten\u00fd v New Yorku.<\/p>\n<p>\u00a0<\/p>\n","protected":false},"excerpt":{"rendered":"LOS ANGELES &#8211; Britsk\u00fd herec Tim Curry, zn\u00e1my najm\u00e4 z filmovej adapt\u00e1cie muzik\u00e1lu Rocky Horror Picture Show, zomrel&hellip;\n","protected":false},"author":2,"featured_media":170840,"comment_status":"","ping_status":"","sticky":false,"template":"","format":"standard","meta":{"footnotes":"","_share_on_mastodon":"0"},"categories":[15],"tags":[70,37600,43,40,39,42,41,21841,71],"class_list":["post-170839","post","type-post","status-publish","format-standard","has-post-thumbnail","category-zabava","tag-entertainment","tag-pricina-smrti","tag-sk","tag-slovak","tag-slovakia","tag-slovencina","tag-slovensko","tag-tim-curry","tag-zabava"],"share_on_mastodon":{"url":"https:\/\/pubeurope.com\/@sk\/117215013020821080","error":""},"_links":{"self":[{"href":"https:\/\/www.europesays.com\/sk\/wp-json\/wp\/v2\/posts\/170839","targetHints":{"allow":["GET"]}}],"collection":[{"href":"https:\/\/www.europesays.com\/sk\/wp-json\/wp\/v2\/posts"}],"about":[{"href":"https:\/\/www.europesays.com\/sk\/wp-json\/wp\/v2\/types\/post"}],"author":[{"embeddable":true,"href":"https:\/\/www.europesays.com\/sk\/wp-json\/wp\/v2\/users\/2"}],"replies":[{"embeddable":true,"href":"https:\/\/www.europesays.com\/sk\/wp-json\/wp\/v2\/comments?post=170839"}],"version-history":[{"count":0,"href":"https:\/\/www.europesays.com\/sk\/wp-json\/wp\/v2\/posts\/170839\/revisions"}],"wp:featuredmedia":[{"embeddable":true,"href":"https:\/\/www.europesays.com\/sk\/wp-json\/wp\/v2\/media\/170840"}],"wp:attachment":[{"href":"https:\/\/www.europesays.com\/sk\/wp-json\/wp\/v2\/media?parent=170839"}],"wp:term":[{"taxonomy":"category","embeddable":true,"href":"https:\/\/www.europesays.com\/sk\/wp-json\/wp\/v2\/categories?post=170839"},{"taxonomy":"post_tag","embeddable":true,"href":"https:\/\/www.europesays.com\/sk\/wp-json\/wp\/v2\/tags?post=170839"}],"curies":[{"name":"wp","href":"https:\/\/api.w.org\/{rel}","templated":true}]}}