{"id":170841,"date":"2026-09-04T21:58:11","date_gmt":"2026-09-04T21:58:11","guid":{"rendered":"https:\/\/www.europesays.com\/sk\/170841\/"},"modified":"2026-09-04T21:58:11","modified_gmt":"2026-09-04T21:58:11","slug":"nevyhrat-skupinu-ln-by-bola-velka-hanba-priznal-weiss-touremu-zela-aby-ho-v-slovane-prekonal","status":"publish","type":"post","link":"https:\/\/www.europesays.com\/sk\/170841\/","title":{"rendered":"Nevyhra\u0165 skupinu LN by bola ve\u013ek\u00e1 hanba, priznal Weiss. Tour\u00e9mu \u017eel\u00e1, aby ho v Slovane prekonal"},"content":{"rendered":"<p data-testid=\"wcl-news-perex\" itemprop=\"description\">Vladim\u00edr Weiss st. (61) pred p\u00e1r mesiacmi ukon\u010dil \u00faspe\u0161n\u00e9 p\u00e4\u0165ro\u010dn\u00e9 p\u00f4sobenie v bratislavskom Slovane, s ktor\u00fdm dominoval na dom\u00e1cej sc\u00e9ne a zahral si aj hlavn\u00fa f\u00e1zu prest\u00ed\u017enej Ligy majstrov. V m\u00e1ji tohto roka sa sk\u00fasen\u00fd tr\u00e9ner vr\u00e1til na lavi\u010dku slovenskej futbalovej reprezent\u00e1cie, s ktorou post\u00fapil na MS 2010 v Ju\u017enej Afrike a teraz ju \u010dak\u00e1 nov\u00e1 \u00e9ra. Lodivod v najnov\u0161om rozhovore pre podcast Slovensk\u00e9ho futbalov\u00e9ho zv\u00e4zu hovoril o svojom vz\u0165ahu k belas\u00fdm, cie\u013eoch v n\u00e1rodnom t\u00edme a \u010fal\u0161\u00edch zauj\u00edmavostiach.<\/p>\n<p><a href=\"https:\/\/www.flashscore.sk\/tim\/slovensko\/KpLb2q1U\/\" data-analytics-element=\"ARTICLE_TEXT_LINK\" data-analytics-alias=\"internal\" rel=\"nofollow noopener\" target=\"_blank\">Slovensko<\/a> vst\u00fapi do C-div\u00edzie Ligy n\u00e1rodov a\u017e \u0161tyrmi z\u00e1pasmi. Postupne zabojuje proti <a href=\"https:\/\/www.flashscore.sk\/tim\/moldavsko\/zsDPKQGb\/\" data-analytics-element=\"ARTICLE_TEXT_LINK\" data-analytics-alias=\"internal\" rel=\"nofollow noopener\" target=\"_blank\">Moldavsku<\/a> (26. september), <a href=\"https:\/\/www.flashscore.sk\/tim\/kazachstan\/l6fBVhqk\/\" data-analytics-element=\"ARTICLE_TEXT_LINK\" data-analytics-alias=\"internal\" rel=\"nofollow noopener\" target=\"_blank\">Kazachstanu<\/a> (29. september), <a href=\"https:\/\/www.flashscore.sk\/tim\/faerske-ostrovy\/nBmAj3Fc\/\" data-analytics-element=\"ARTICLE_TEXT_LINK\" data-analytics-alias=\"internal\" rel=\"nofollow noopener\" target=\"_blank\">Faersk\u00fdm ostrovom<\/a> (2. okt\u00f3ber) a op\u00e4\u0165 Moldavsku (6. okt\u00f3ber). P\u00f4jde teda o dlh\u0161\u00ed zraz, ne\u017e bolo v minulosti zvykom.<\/p>\n<p>&#8222;Te\u0161\u00edm sa na to, preto\u017ee je to ur\u010dit\u00e1 v\u00fdzva. Je to 17 dn\u00ed. Ver\u00edm, \u017ee prv\u00e9 dva z\u00e1pasy doma vyhr\u00e1me a n\u00e1lada bude dobr\u00e1. Je to skupina, ktor\u00fa mus\u00edme vyhra\u0165, je to na\u0161a povinnos\u0165. Sme favoriti a m\u00e1me na to kvalitu. Rot\u00e1cia hr\u00e1\u010dov ur\u010dite bude musie\u0165 by\u0165, preto\u017ee budeme hra\u0165 ka\u017ed\u00e9 tri-\u0161tyri dni,&#8220; povedal <a href=\"https:\/\/www.flashscore.sk\/hrac\/weiss-vladimir-st\/vg3rTHVl\/\" data-analytics-element=\"ARTICLE_TEXT_LINK\" data-analytics-alias=\"internal\" rel=\"nofollow noopener\" target=\"_blank\">Weiss<\/a>.<\/p>\n<p>Sokoli maj\u00fa dlhodob\u00fd probl\u00e9m s \u00fatokom, t\u00e9ma zakon\u010dovate\u013eov u\u017e dlho zamestn\u00e1va fan\u00fa\u0161ikov, ale aj expertov. Weiss sa k tomu vyjadril aj vzh\u013eadom na transferov\u00e9 turbulencie nasledovne:<\/p>\n<p>&#8222;Je tu probl\u00e9m s ofenz\u00edvnymi hr\u00e1\u010dmi, ktor\u00ed nehr\u00e1vaj\u00fa, menili kluby alebo ich e\u0161te zmenia. Ak r\u00e1tam aj Ma\u0165a D\u00fabravku, celkovo 12 futbalistov zo \u0161ir\u0161ieho 40-\u010dlenn\u00e9ho k\u00e1dra zmenilo klub. Ver\u00edm, \u017ee t\u00ed ktor\u00ed nehr\u00e1vaj\u00fa alebo prest\u00fapili, bud\u00fa ma\u0165 o to v\u00e4\u010d\u0161iu motiv\u00e1ciu uk\u00e1za\u0165 sa v n\u00e1rodnom t\u00edme, navy\u0161e pred fan\u00fa\u0161ikmi. D\u00fafam, \u017ee v Ko\u0161iciach a Pre\u0161ove bude vypredan\u00e9, v\u017edy je tam v\u00fdborn\u00e1 atmosf\u00e9ra.&#8220;<\/p>\n<p><img crossorigin=\"anonymous\" class=\"wcl-image_vG4MA\" decoding=\"async\" loading=\"lazy\" fetchpriority=\"auto\" src=\"https:\/\/www.europesays.com\/sk\/wp-content\/uploads\/2026\/09\/2ab9eedf-55ba-4d19-a501-25696c1cabb8.jpg\" alt=\"Najbli\u017e\u0161\u00ed program Slovenska.\" title=\"Najbli\u017e\u0161\u00ed program Slovenska.\" itemprop=\"image\"\/>Najbli\u017e\u0161\u00ed program Slovenska.Flashscore<\/p>\n<p>\u010co sa t\u00fdka inform\u00e1ci\u00ed z k\u00e1dra Slovenska, zauj\u00edmavos\u0165ou je, \u017ee kari\u00e9ru v n\u00e1rodnom t\u00edme takmer ukon\u010dil <a href=\"https:\/\/www.flashscore.sk\/hrac\/schranz-ivan\/p0I1WZDo\/\" data-analytics-element=\"ARTICLE_TEXT_LINK\" data-analytics-alias=\"internal\" rel=\"nofollow noopener\" target=\"_blank\">Ivan Schranz<\/a> z pra\u017eskej Slavie. V septembrovom asocia\u010dnom term\u00edne v\u0161ak bude t\u00edmu k dispoz\u00edcii. Weiss prezradil, \u017ee nav\u0161t\u00edvil minulot\u00fd\u017ed\u0148ov\u00e9 derby pra\u017esk\u00fdch &#8222;S&#8220;, v ktorom odohral z\u00e1vere\u010dn\u00fdch 20 min\u00fat.<\/p>\n<p>&#8222;Vie v\u00fdborne nasko\u010di\u0165 do z\u00e1pasu a rozhodn\u00fa\u0165. Nikdy nem\u00f4\u017eeme zabudn\u00fa\u0165 na jeho tri g\u00f3ly na Eure, kde bol k\u013eu\u010dov\u00fdm hr\u00e1\u010dom. Z prv\u00e9ho zrazu sa ospravedlnil a v dobrom prezradil, \u017ee mo\u017eno aj ukon\u010d\u00ed kari\u00e9ru v reprezent\u00e1cii, ale \u017ee chce absolvova\u0165 pr\u00edpravu so Slaviou a sk\u00fasi by\u0165 platn\u00fdm futbalistom. Vyhovel som mu a bral to ako uzavret\u00fa kapitolu z jeho strany, no ozval sa \u017ee sa chce vr\u00e1ti\u0165, to ma ve\u013emi pote\u0161ilo. St\u00e1le m\u00e1 mu\u017estvu \u010do da\u0165,&#8220; uviedol Weiss.<\/p>\n<p>Ist\u00fdmi zmenami pre\u0161iel aj realiza\u010dn\u00fd t\u00edm. K sokolom sa pripoj\u00ed kondi\u010dn\u00fd tr\u00e9ner Roman \u0160vantner, ktor\u00e9ho si kormideln\u00edk priviedol zo <a href=\"https:\/\/www.flashscore.sk\/tim\/slovan-bratislava\/QRaWdwQf\/\" data-analytics-element=\"ARTICLE_TEXT_LINK\" data-analytics-alias=\"internal\" rel=\"nofollow noopener\" target=\"_blank\">Slovana Bratislava<\/a>. Niekdaj\u0161\u00ed reprezentant Kamil \u010contofalsk\u00fd bude tr\u00e9nerom brank\u00e1rov.<\/p>\n<p><img crossorigin=\"anonymous\" class=\"wcl-image_vG4MA\" decoding=\"async\" loading=\"lazy\" fetchpriority=\"auto\" src=\"https:\/\/www.europesays.com\/sk\/wp-content\/uploads\/2026\/09\/c22064c4-daa7-4614-a746-be327589d3c9.jpg\" alt=\"V realiza\u010dnom t\u00edme SR je aj Vladim\u00edr Weiss ml.\" title=\"V realiza\u010dnom t\u00edme SR je aj Vladim\u00edr Weiss ml.\" itemprop=\"image\"\/>V realiza\u010dnom t\u00edme SR je aj Vladim\u00edr Weiss ml.TASR &#8211; Roman Hanc<\/p>\n<p>Slov\u00e1ci bud\u00fa po\u010das bojov v Lige n\u00e1rodov favoritmi, hoci s\u00faperi nepatria do kateg\u00f3rie atrakt\u00edvnych. Jednotliv\u00e9 duely v\u0161ak m\u00f4\u017eu by\u0165 o to zradnej\u0161ie. &#8222;M\u00e1me uroben\u00e9 v\u0161etky anal\u00fdzy. Nebudem hovori\u0165, \u017ee je to \u0165a\u017ek\u00e1 skupina, potrebujeme ju vyhra\u0165. Ak sa to nestane, bude to ve\u013ek\u00e1 hanba. Mus\u00edme \u00eds\u0165 cez m\u0155tvoly. Ale nehr\u00e1me sa na ni\u010d, budeme skromn\u00ed, pokorn\u00ed. Faersk\u00e9 ostrovy s\u00fa nevyspytate\u013en\u00e9, vyl\u00e1mal si tam zuby aj Ivan Ha\u0161ek ako tr\u00e9ner \u010ceska, prakticky ho to st\u00e1lo miesto. Bolo mi to \u013e\u00fato, zo v\u0161etk\u00fdch \u010cechov ho m\u00e1m najrad\u0161ej. Nikto n\u00e1m teda ned\u00e1 body zadarmo.&#8220;<\/p>\n<p>Ve\u013ekou t\u00e9mou bol Weissov odchod zo Slovana na konci minulej sez\u00f3ny. S klubom op\u00e4\u0165 oslavoval majstrovsk\u00fd titul a po rozl\u00fa\u010dke prebral opraty slovensk\u00e9ho hegem\u00f3na <a href=\"https:\/\/www.flashscore.sk\/hrac\/toure-yaya\/v1SiJzyM\/\" data-analytics-element=\"ARTICLE_TEXT_LINK\" data-analytics-alias=\"internal\" rel=\"nofollow noopener\" target=\"_blank\">Yaya Tour\u00e9<\/a>, ktor\u00fd doviedol klub do hlavnej f\u00e1zy Ligy majstrov a kr\u00e1\u010da tak v \u0161\u013eapajach svojho predchodcu. Ako tento \u00faspech vn\u00edma staronov\u00fd kormideln\u00edk n\u00e1rodn\u00e9ho t\u00edmu?<\/p>\n<p>&#8222;Som predov\u0161etk\u00fdm r\u00e1d za hr\u00e1\u010dov, ktor\u00fdch st\u00e1le milujem. Je to \u010fal\u0161\u00ed ve\u013ek\u00fd \u00faspech. Yayovi sa to podarilo r\u00fdchlej\u0161ie ako mne, ja som na to potreboval tri roky, on dva mesiace. S\u00fa tam fantastick\u00e9 z\u00e1pasy, maj\u00fa dvojn\u00e1sobn\u00e9ho majstra v podobe PSG \u010di Inter Mil\u00e1no. \u017del\u00e1m Yayovi, aby ma prekonal, \u010do ma mo\u017eno u\u017e aj prekonal.&#8220;<\/p>\n<p>&#8222;Zo Slovana som odi\u0161iel, aby bol lep\u0161\u00ed, nech ho o\u017eiv\u00ed nejak\u00fd in\u00fd tr\u00e9ner. Rozi\u0161li sme sa v dobrom. Medzi hr\u00e1\u010dov v\u0161ak nechod\u00edm, nemot\u00e1m sa medzi nimi, preto\u017ee som to ani ja nemal r\u00e1d, ke\u010f sa mi tam motali b\u00fdval\u00ed tr\u00e9neri. Nepatr\u00ed sa to. Vladko (Vladim\u00edr Weiss ml. &#8211; pozn.) za Yayom bol, preto\u017ee spolu hrali v City, ja si s n\u00edm chyst\u00e1m da\u0165 k\u00e1vu. Obdivoval som ho ako hr\u00e1\u010da, te\u0161\u00edm sa na stretnutie s n\u00edm, no teraz som ho nechal pracova\u0165,&#8220; vyjadril sa na adresu aktu\u00e1lneho \u0161\u00e9fa lavi\u010dky belas\u00fdch.<\/p>\n<p>Dost\u00e1vajte spr\u00e1vy o ob\u013e\u00faben\u00fdch t\u00edmoch a hr\u00e1\u010doch<\/p>\n<p>Prestupy, ohlasy, rozhovory: zapnite si notifik\u00e1cie na \u010dl\u00e1nky k ob\u013e\u00faben\u00fdm hr\u00e1\u010dom a t\u00edmom<\/p>\n<p><a href=\"https:\/\/www.flashscore.sk\/spravy\/prestupy-ohlasy-rozhovory-zapnite-si-notifikacie-na-clanky-k-oblubenym-hracom-a-timom\/SSgkjXq9\/\" data-analytics-element=\"ARTICLE_TEXT_LINK\" data-analytics-alias=\"internal\" rel=\"nofollow noopener\" target=\"_blank\">Ako si nastavi\u0165 notifik\u00e1cie?<\/a><\/p>\n<p><img crossorigin=\"anonymous\" class=\"wcl-image_vG4MA\" decoding=\"async\" loading=\"lazy\" fetchpriority=\"auto\" src=\"https:\/\/www.europesays.com\/sk\/wp-content\/uploads\/2026\/09\/1788559091_174_cf55386f-e87d-44dd-bbef-d983f5162ebe.jpg\" alt=\"Nov\u00e1 funkcia na Flashscore.\" title=\"Nov\u00e1 funkcia na Flashscore.\" itemprop=\"image\"\/>Nov\u00e1 funkcia na Flashscore.Flashscore<\/p>\n","protected":false},"excerpt":{"rendered":"Vladim\u00edr Weiss st. (61) pred p\u00e1r mesiacmi ukon\u010dil \u00faspe\u0161n\u00e9 p\u00e4\u0165ro\u010dn\u00e9 p\u00f4sobenie v bratislavskom Slovane, s ktor\u00fdm dominoval na&hellip;\n","protected":false},"author":2,"featured_media":170842,"comment_status":"","ping_status":"","sticky":false,"template":"","format":"standard","meta":{"footnotes":"","_share_on_mastodon":"0"},"categories":[13],"tags":[43,40,39,42,41,69,68],"class_list":["post-170841","post","type-post","status-publish","format-standard","has-post-thumbnail","category-sport","tag-sk","tag-slovak","tag-slovakia","tag-slovencina","tag-slovensko","tag-sport","tag-sports"],"share_on_mastodon":{"url":"https:\/\/pubeurope.com\/@sk\/117215016238796812","error":""},"_links":{"self":[{"href":"https:\/\/www.europesays.com\/sk\/wp-json\/wp\/v2\/posts\/170841","targetHints":{"allow":["GET"]}}],"collection":[{"href":"https:\/\/www.europesays.com\/sk\/wp-json\/wp\/v2\/posts"}],"about":[{"href":"https:\/\/www.europesays.com\/sk\/wp-json\/wp\/v2\/types\/post"}],"author":[{"embeddable":true,"href":"https:\/\/www.europesays.com\/sk\/wp-json\/wp\/v2\/users\/2"}],"replies":[{"embeddable":true,"href":"https:\/\/www.europesays.com\/sk\/wp-json\/wp\/v2\/comments?post=170841"}],"version-history":[{"count":0,"href":"https:\/\/www.europesays.com\/sk\/wp-json\/wp\/v2\/posts\/170841\/revisions"}],"wp:featuredmedia":[{"embeddable":true,"href":"https:\/\/www.europesays.com\/sk\/wp-json\/wp\/v2\/media\/170842"}],"wp:attachment":[{"href":"https:\/\/www.europesays.com\/sk\/wp-json\/wp\/v2\/media?parent=170841"}],"wp:term":[{"taxonomy":"category","embeddable":true,"href":"https:\/\/www.europesays.com\/sk\/wp-json\/wp\/v2\/categories?post=170841"},{"taxonomy":"post_tag","embeddable":true,"href":"https:\/\/www.europesays.com\/sk\/wp-json\/wp\/v2\/tags?post=170841"}],"curies":[{"name":"wp","href":"https:\/\/api.w.org\/{rel}","templated":true}]}}