{"id":170843,"date":"2026-09-04T22:00:10","date_gmt":"2026-09-04T22:00:10","guid":{"rendered":"https:\/\/www.europesays.com\/sk\/170843\/"},"modified":"2026-09-04T22:00:10","modified_gmt":"2026-09-04T22:00:10","slug":"trump-ziada-europu-o-preplatenie-americkej-pomoci-ukrajine-who-hlasi","status":"publish","type":"post","link":"https:\/\/www.europesays.com\/sk\/170843\/","title":{"rendered":"Trump \u017eiada Eur\u00f3pu o preplatenie americkej pomoci Ukrajine! WHO hl\u00e1si"},"content":{"rendered":"<p>Trump na platforme Truth Social nap\u00edsal: \u201eStovky mili\u00e1rd dol\u00e1rov boli poskytnut\u00e9 Ukrajine a NATO zadarmo, hoci by ich Eur\u00f3pa zaplatila \u2013 keby ju o to niekto po\u017eiadal. My o tie peniaze po\u017eiadame, aj ke\u010f trochu oneskorene!\u201c<\/p>\n<p>Trump neuviedol, ktor\u00e9 \u0161t\u00e1ty by pod\u013ea neho mali refundova\u0165 americk\u00e9 v\u00fddavky.  <\/p>\n<p>Trump odmieta tvrdenia o nedostatku mun\u00edcie<\/p>\n<p>V rovnakom pr\u00edspevku reagoval aj na spr\u00e1vy, \u017ee americk\u00e1 arm\u00e1da m\u00e1 nedostatok mun\u00edcie v s\u00favislosti s konfliktom s Ir\u00e1nom.  <\/p>\n<p>\u201eM\u00e1me prakticky neobmedzen\u00e9 mno\u017estvo stredne a\u017e vysoko kvalitnej mun\u00edcie,\u201c uviedol a dodal, \u017ee v\u00fdroba prebieha na \u00farovniach, \u201eak\u00e9 tu e\u0161te nikdy neboli.\u201c <\/p>\n<p>Trump tvrd\u00ed, \u017ee USA do\u010dasne obmedzili zahrani\u010dn\u00fd predaj zbran\u00ed, aby doplnili vlastn\u00e9 z\u00e1soby: \u201eMun\u00edciu berieme pre seba, pre USA, namiesto toho, aby sme ju pred\u00e1vali in\u00fdm. Predaj spojencov v\u0161ak \u010doskoro op\u00e4\u0165 za\u010dne.\u201c<\/p>\n<p><img decoding=\"async\" src=\"https:\/\/www.europesays.com\/sk\/wp-content\/uploads\/2026\/09\/1788559210_640_.jpg\" class=\"zoom\" loading=\"lazy\" alt=\"Obrazok\"\/><\/p>\n<p>Zdroj: screen\/@realDonaldTrump <\/p>\n<p>Ko\u013eko pomoci USA skuto\u010dne poskytli?<\/p>\n<p>Pod\u013ea americk\u00e9ho ministerstva zahrani\u010dn\u00fdch vec\u00ed poskytli USA od febru\u00e1ra 2022 Ukrajine 66,9 miliardy dol\u00e1rov vo vojenskej pomoci a od roku 2014 celkovo 69,7 miliardy dol\u00e1rov. <\/p>\n<p>Od augusta 2021 vyu\u017eili USA mimoriadnu prezidentsk\u00fa pr\u00e1vomoc na okam\u017eit\u00e9 presuny zbran\u00ed zo z\u00e1sob Pentag\u00f3nu 55\u2011kr\u00e1t, v hodnote 31,7 miliardy dol\u00e1rov. <\/p>\n<p>Eur\u00f3pa s\u00edce v roku 2026 zv\u00fd\u0161ila svoje pr\u00edspevky, no pod\u013ea Kiel Institute st\u00e1le v\u00fdrazne z\u00e1vis\u00ed od americk\u00fdch zbran\u00ed.  <\/p>\n<p>WHO hl\u00e1si tret\u00ed \u00fatok na humanit\u00e1rny sklad za tri mesiace<\/p>\n<p>S\u00fabe\u017ene s Trumpov\u00fdm vyhl\u00e1sen\u00edm pri\u0161la \u010fal\u0161ia znepokojiv\u00e1 spr\u00e1va z Ukrajiny. Svetov\u00e1 zdravotn\u00edcka organiz\u00e1cia (WHO) ozn\u00e1mila, \u017ee jeden z jej hlavn\u00fdch skladov v Kyjevskej oblasti bol v noci po\u0161koden\u00fd pri leteckom \u00fatoku \u2013 u\u017e tret\u00ed tak\u00fdto incident za posledn\u00e9 tri mesiace.   <\/p>\n<p>Hovorca WHO Christian Lindmeier uviedol: \u201eNo\u010dn\u00fd leteck\u00fd \u00fatok v Kyjevskej oblasti zasiahol jeden z hlavn\u00fdch skladov WHO, kde sa nach\u00e1dzali humanit\u00e1rne zdravotn\u00edcke z\u00e1soby.\u201c\u00a0 Pr\u00edstup na miesto je obmedzen\u00fd pre hust\u00fd dym a bezpe\u010dnostn\u00e9 rizik\u00e1.<\/p>\n<p>Pod\u013ea WHO v roku 2026 bolo zaznamenan\u00fdch minim\u00e1lne 20 \u00fatokov na sklady humanit\u00e1rnych z\u00e1sob, z toho 15 \u00fatokov zasiahlo sklady zdravotn\u00edckeho materi\u00e1lu, za posledn\u00e9 tri mesiace boli po\u0161koden\u00e9 tri sklady WHO v r\u00f4znych regi\u00f3noch Ukrajiny, \u00fatok v Dnipre pred dvoma t\u00fd\u017ed\u0148ami zni\u010dil polovicu z\u00e1sob ur\u010den\u00fdch pre 225 000 \u013eud\u00ed.   <br \/>\u00a0 <br \/>Lindmeier dodal: \u201ePod\u013ea m\u00f4jho ch\u00e1pania s\u00fa v\u0161etky sklady, v\u0161etky lokality OSN aj WHO dekonfliktovan\u00e9.\u201c\u00a0 To znamen\u00e1, \u017ee ich poloha je ozn\u00e1men\u00e1 v\u0161etk\u00fdm stran\u00e1m konfliktu. WHO v\u0161ak neuv\u00e1dza, kto je za \u00fatoky zodpovedn\u00fd \u2013 nie je vy\u0161etrovacou agent\u00farou.<\/p>\n<p><img decoding=\"async\" src=\"https:\/\/www.europesays.com\/sk\/wp-content\/uploads\/2026\/09\/1788559210_458_.jpg\" class=\"zoom\" loading=\"lazy\" alt=\"Obrazok\"\/><\/p>\n<p>Zdroj: AP <\/p>\n<p>Zdroj textu: RT\u00c9, Yahoo News, US News, Politico, Foto: AP<\/p>\n<p>Autor: Ingrid Vrabcov\u00e1<\/p>\n<p>\u0160\u00e9fredaktorka spravodajsk\u00e9ho port\u00e1lu Netky.sk. Venujem sa zahrani\u010dn\u00e9mu a dom\u00e1cemu spravodajstvu. Vy\u0161tudovala som tlmo\u010dn\u00edctvo \u2013 prekladate\u013estvo a germanistiku. Akt\u00edvne sa venujem prekladate\u013eskej \u010dinnosti \u2013 anglick\u00fd a nemeck\u00fd jazyk. Ako redak\u010dn\u00e1 mana\u017e\u00e9rka, ved\u00faca cudzojazy\u010dn\u00e1 editorka, redaktorka a editorka zahrani\u010dn\u00e9ho spravodajstva, prekladate\u013eka a tlmo\u010dn\u00ed\u010dka som p\u00f4sobila v telev\u00edzii, printov\u00fdch a elektronick\u00fdch m\u00e9di\u00e1ch, cudzojazy\u010dn\u00fdch vydavate\u013estv\u00e1ch a nakladate\u013estv\u00e1ch, ako aj spravodajsk\u00fdch agent\u00farach. K mojim z\u00e1\u013eub\u00e1m patr\u00ed cestovanie a dianie vo svete.<\/p>\n","protected":false},"excerpt":{"rendered":"Trump na platforme Truth Social nap\u00edsal: \u201eStovky mili\u00e1rd dol\u00e1rov boli poskytnut\u00e9 Ukrajine a NATO zadarmo, hoci by ich&hellip;\n","protected":false},"author":2,"featured_media":170844,"comment_status":"","ping_status":"","sticky":false,"template":"","format":"standard","meta":{"footnotes":"","_share_on_mastodon":"0"},"categories":[3],"tags":[57,56,55,43,40,42],"class_list":["post-170843","post","type-post","status-publish","format-standard","has-post-thumbnail","category-europa","tag-eu","tag-europa","tag-europe","tag-sk","tag-slovak","tag-slovencina"],"share_on_mastodon":{"url":"https:\/\/pubeurope.com\/@sk\/117215024039540314","error":""},"_links":{"self":[{"href":"https:\/\/www.europesays.com\/sk\/wp-json\/wp\/v2\/posts\/170843","targetHints":{"allow":["GET"]}}],"collection":[{"href":"https:\/\/www.europesays.com\/sk\/wp-json\/wp\/v2\/posts"}],"about":[{"href":"https:\/\/www.europesays.com\/sk\/wp-json\/wp\/v2\/types\/post"}],"author":[{"embeddable":true,"href":"https:\/\/www.europesays.com\/sk\/wp-json\/wp\/v2\/users\/2"}],"replies":[{"embeddable":true,"href":"https:\/\/www.europesays.com\/sk\/wp-json\/wp\/v2\/comments?post=170843"}],"version-history":[{"count":0,"href":"https:\/\/www.europesays.com\/sk\/wp-json\/wp\/v2\/posts\/170843\/revisions"}],"wp:featuredmedia":[{"embeddable":true,"href":"https:\/\/www.europesays.com\/sk\/wp-json\/wp\/v2\/media\/170844"}],"wp:attachment":[{"href":"https:\/\/www.europesays.com\/sk\/wp-json\/wp\/v2\/media?parent=170843"}],"wp:term":[{"taxonomy":"category","embeddable":true,"href":"https:\/\/www.europesays.com\/sk\/wp-json\/wp\/v2\/categories?post=170843"},{"taxonomy":"post_tag","embeddable":true,"href":"https:\/\/www.europesays.com\/sk\/wp-json\/wp\/v2\/tags?post=170843"}],"curies":[{"name":"wp","href":"https:\/\/api.w.org\/{rel}","templated":true}]}}