{"id":170845,"date":"2026-09-04T22:06:18","date_gmt":"2026-09-04T22:06:18","guid":{"rendered":"https:\/\/www.europesays.com\/sk\/170845\/"},"modified":"2026-09-04T22:06:18","modified_gmt":"2026-09-04T22:06:18","slug":"trump-o-odchode-harryho-a-meghan-z-usa-tesim-sa-z-toho-nebol-som-ich-fanusikom","status":"publish","type":"post","link":"https:\/\/www.europesays.com\/sk\/170845\/","title":{"rendered":"Trump o odchode Harryho a Meghan z USA: \u201eTe\u0161\u00edm sa z toho, nebol som ich fan\u00fa\u0161ikom\u201c"},"content":{"rendered":"<p>Americk\u00fd prezident Donald Trump v stredu 2. septembra vyhl\u00e1sil, \u017ee ho te\u0161\u00ed, \u017ee <a href=\"https:\/\/www.noviny.sk\/521683-trump-odmietol-platit-za-ochranku-pre-princa-harryho-a-jeho-manzelku-meghan\" target=\"_blank\" rel=\"nofollow noopener\">princ Harry a jeho man\u017eelka Meghan<\/a> opustili Spojen\u00e9 \u0161t\u00e1ty a pres\u0165ahovali sa sp\u00e4\u0165 do Brit\u00e1nie. \u201eTe\u0161\u00edm sa z toho. Nebol som ich fan\u00fa\u0161ikom,\u201c povedal Trump novin\u00e1rom v Ov\u00e1lnej pracovni Bieleho domu.<\/p>\n<p>Vyjadril sa tak t\u00fd\u017ede\u0148 po tom, ako sa Harry a Meghan pres\u0165ahovali zo svojho domu v americkej Kalifornii sp\u00e4\u0165 do Brit\u00e1nie.<\/p>\n<p>Trump kritizoval spr\u00e1vanie dvojice ku kr\u00e1\u013eovskej rodine<\/p>\n<p>Americk\u00fd prezident sa vyjadril aj k vz\u0165ahu Harryho a Meghan k <a href=\"https:\/\/www.noviny.sk\/tag\/10403-britska-kralovska-rodina\" target=\"_blank\" rel=\"nofollow noopener\">britskej kr\u00e1\u013eovskej rodine<\/a>. Pod\u013ea neho sa k nej dvojica nespr\u00e1vala s dostato\u010dn\u00fdm re\u0161pektom. \u201eMysl\u00edm si, \u017ee sa ku kr\u00e1\u013eovskej rodine spr\u00e1vali ve\u013emi ne\u00factivo. Nep\u00e1\u010dilo sa mi to. Nep\u00e1\u010dilo sa mi, ako sa spr\u00e1vala (Meghan). Myslel som si, \u017ee bola ve\u013emi ne\u00factiv\u00e1 vo\u010di (zosnulej) kr\u00e1\u013eovnej (Al\u017ebete II.) aj vo\u010di kr\u00e1\u013eovi Karolovi,\u201c povedal Trump.<\/p>\n<p>Vojvoda a vojvodky\u0148a zo Sussexu sa v Brit\u00e1nii op\u00e4\u0165 us\u00e1dzaj\u00fa \u0161es\u0165 rokov po tom, ako odi\u0161li do Spojen\u00fdch \u0161t\u00e1tov. Ako d\u00f4vod svojho vtedaj\u0161ieho rozhodnutia uviedli t\u00fa\u017ebu po finan\u010dnej nez\u00e1vislosti a snahu unikn\u00fa\u0165 pred zasahovan\u00edm m\u00e9di\u00ed do ich s\u00fakromn\u00e9ho \u017eivota.<\/p>\n<p>    <a href=\"https:\/\/topstar.noviny.sk\/kralovska-rodina\/1230924-harry-sa-vracia-domov-byvat-mal-v-palaci-prislo-vsak-krute-prehlasenie-z-buckinghamskeho-palaca\" class=\"img\" rel=\"nofollow noopener\" target=\"_blank\"><br \/>\n        <img decoding=\"async\" class=\"lazyload \" src=\"https:\/\/www.europesays.com\/sk\/wp-content\/uploads\/2026\/09\/d10fb290-68a0-409a-935b-5c900678e815.jpeg\" alt=\"Harry sa vracia domov, b\u00fdva\u0165 mal v pal\u00e1ci. Pri\u0161lo v\u0161ak krut\u00e9 prehl\u00e1senie z Buckinghamsk\u00e9ho pal\u00e1ca\" title=\"Harry sa vracia domov, b\u00fdva\u0165 mal v pal\u00e1ci. Pri\u0161lo v\u0161ak krut\u00e9 prehl\u00e1senie z Buckinghamsk\u00e9ho pal\u00e1ca\"\/><br \/>\n    <\/a><\/p>\n<p>Pre\u010d\u00edtajte si tie\u017e<\/p>\n<p>            <a href=\"https:\/\/topstar.noviny.sk\/kralovska-rodina\/1230924-harry-sa-vracia-domov-byvat-mal-v-palaci-prislo-vsak-krute-prehlasenie-z-buckinghamskeho-palaca\" rel=\"nofollow noopener\" target=\"_blank\"><br \/>\n                Harry sa vracia domov, b\u00fdva\u0165 mal v pal\u00e1ci. Pri\u0161lo v\u0161ak krut\u00e9 prehl\u00e1senie z Buckinghamsk\u00e9ho pal\u00e1ca<br \/>\n            <\/a><\/p>\n<p>\u201eJa by som ich sp\u00e4\u0165 neprijal\u201c<\/p>\n<p>Napriek n\u00e1vratu do Brit\u00e1nie sa neo\u010dak\u00e1va, \u017ee by sa Harry a Meghan op\u00e4\u0165 ujali kr\u00e1\u013eovsk\u00fdch povinnost\u00ed.<\/p>\n<p>Trump, ktor\u00fd Meghan kritizoval u\u017e v minulosti, z\u00e1rove\u0148 povedal, \u017ee keby rozhodnutie z\u00e1viselo od neho, k dvojici by tak\u00fd zhovievav\u00fd nebol. \u201eMo\u017eno som in\u00fd. Ja by som ho sp\u00e4\u0165 neprijal, v\u0161ak? Keby som bol na mieste kr\u00e1\u013eovskej rodiny, neprijal by som ich sp\u00e4\u0165,\u201c dodal americk\u00fd prezident.<\/p>\n","protected":false},"excerpt":{"rendered":"Americk\u00fd prezident Donald Trump v stredu 2. septembra vyhl\u00e1sil, \u017ee ho te\u0161\u00ed, \u017ee princ Harry a jeho man\u017eelka&hellip;\n","protected":false},"author":2,"featured_media":170846,"comment_status":"","ping_status":"","sticky":false,"template":"","format":"standard","meta":{"footnotes":"","_share_on_mastodon":"0"},"categories":[20],"tags":[127,126,241,70,128,5812,18112,43,129,40,39,42,41,71],"class_list":["post-170845","post","type-post","status-publish","format-standard","has-post-thumbnail","category-slavne-osobnosti","tag-celebrities","tag-celebrity","tag-donald-trump","tag-entertainment","tag-famous-people","tag-harry-a-meghan","tag-princ","tag-sk","tag-slavne-osobnosti","tag-slovak","tag-slovakia","tag-slovencina","tag-slovensko","tag-zabava"],"share_on_mastodon":{"url":"https:\/\/pubeurope.com\/@sk\/117215047610544688","error":""},"_links":{"self":[{"href":"https:\/\/www.europesays.com\/sk\/wp-json\/wp\/v2\/posts\/170845","targetHints":{"allow":["GET"]}}],"collection":[{"href":"https:\/\/www.europesays.com\/sk\/wp-json\/wp\/v2\/posts"}],"about":[{"href":"https:\/\/www.europesays.com\/sk\/wp-json\/wp\/v2\/types\/post"}],"author":[{"embeddable":true,"href":"https:\/\/www.europesays.com\/sk\/wp-json\/wp\/v2\/users\/2"}],"replies":[{"embeddable":true,"href":"https:\/\/www.europesays.com\/sk\/wp-json\/wp\/v2\/comments?post=170845"}],"version-history":[{"count":0,"href":"https:\/\/www.europesays.com\/sk\/wp-json\/wp\/v2\/posts\/170845\/revisions"}],"wp:featuredmedia":[{"embeddable":true,"href":"https:\/\/www.europesays.com\/sk\/wp-json\/wp\/v2\/media\/170846"}],"wp:attachment":[{"href":"https:\/\/www.europesays.com\/sk\/wp-json\/wp\/v2\/media?parent=170845"}],"wp:term":[{"taxonomy":"category","embeddable":true,"href":"https:\/\/www.europesays.com\/sk\/wp-json\/wp\/v2\/categories?post=170845"},{"taxonomy":"post_tag","embeddable":true,"href":"https:\/\/www.europesays.com\/sk\/wp-json\/wp\/v2\/tags?post=170845"}],"curies":[{"name":"wp","href":"https:\/\/api.w.org\/{rel}","templated":true}]}}