{"id":170847,"date":"2026-09-04T22:11:19","date_gmt":"2026-09-04T22:11:19","guid":{"rendered":"https:\/\/www.europesays.com\/sk\/170847\/"},"modified":"2026-09-04T22:11:19","modified_gmt":"2026-09-04T22:11:19","slug":"foto-hviezda-lets-dance-tatiana-drexler-v-slube-pozrite-ako-vyzera-v-novej-ulohe-mala-som-strasny-stres","status":"publish","type":"post","link":"https:\/\/www.europesays.com\/sk\/170847\/","title":{"rendered":"FOTO Hviezda Let\u2019s Dance Tatiana Drexler v S\u013eube! Pozrite, ako vyzer\u00e1 v novej \u00falohe: Mala som stra\u0161n\u00fd stres"},"content":{"rendered":"\n<p article=\"[object Object]\" class=\"md:text-article-content leading-relaxed md:leading-normal mt-5 lg:mt-10 false\">U\u017e v pondelok 7. septembra sa na telev\u00edzne obrazovky vr\u00e1ti ob\u013e\u00faben\u00fd seri\u00e1l S\u013eub. Dej 4. s\u00e9rie doplnia nov\u00e9 postavy a jednej z \u00faloh sa chopila aj hviezda Let\u2019s Dance Tatiana Drexler. Dlhoro\u010dn\u00e1 porotky\u0148a stv\u00e1rni rak\u00fasku telev\u00edznu moder\u00e1torku, ktor\u00e1 pod\u013ea <a href=\"https:\/\/www.markiza.sk\/relacie\/slub\/clanok\/1048963-hviezda-let-s-dance-mieri-do-slubu-neuverite-aka-bude-jej-uloha\" id=\"e8f09f24-15d4-4599-a355-b47f43a2fab9\" target=\"_blank\" rel=\"nofollow noopener\">Mark\u00edzy<\/a> zohr\u00e1 v pr\u00edbehu d\u00f4le\u017eit\u00fa \u00falohu. Fotky n\u00e1jdete vo fotogal\u00e9riu.<\/p>\n<p article=\"[object Object]\" class=\"md:text-article-content leading-relaxed md:leading-normal mt-5 lg:mt-10 false\"> \u201eJa m\u00e1m tak\u00e9 poku\u0161enie sk\u00fa\u0161a\u0165 v\u0161etko, \u010do sa mi pon\u00fakne, tak\u017ee som sa hne\u010f rozhodla, \u017ee idem do toho. Ale nie je to tak\u00e9 \u013eahk\u00e9, ako to vyzer\u00e1!&#8220; povedala so smiechom Tatiana Drexler pre markiza.sk<\/p>\n<p article=\"[object Object]\" class=\"md:text-article-content leading-relaxed md:leading-normal mt-5 lg:mt-10 false\">Na kamery je s\u00edce zvyknut\u00e1, no nakr\u00facanie pre \u0148u bolo \u00faplne novou sk\u00fasenos\u0165ou. \u201eLet\u00b4s dance je \u017eiv\u00e9 vysielanie, tie kamery s\u00fa ove\u013ea \u010falej, vlastne o nich ani nevieme. C\u00edtime sa tam tak\u00ed slobodn\u00ed. Tu si chud\u00e1k kameraman musel odsadn\u00fa\u0165, aby som ho nevidela, preto\u017ee som ani nevedela, ako sa vol\u00e1m, nieto e\u0161te, \u010do tu rob\u00edm. Mala som stra\u0161n\u00fd stres, ale samozrejme som za t\u00fato sk\u00fasenos\u0165 rada,\u201c zverila sa porotky\u0148a.<\/p>\n<p>\u010co sa stalo po osudnom bozku?<\/p>\n<p article=\"[object Object]\" class=\"md:text-article-content leading-relaxed md:leading-normal mt-5 lg:mt-10 false\">Fin\u00e1le tretej s\u00e9rie nechalo div\u00e1kov v obrovskom nap\u00e4t\u00ed a cel\u00e9 leto sa nieslo v znamen\u00ed jedinej ot\u00e1zky: \u010co sa stalo po romantickom bozku Zuzany Fra\u0148ovej (Adri\u00e1na Brn\u010dalov\u00e1) a Michala Andr\u00e1\u0161a (Kristi\u00e1n Baran)?<\/p>\n<p article=\"[object Object]\" class=\"md:text-article-content leading-relaxed md:leading-normal mt-5 lg:mt-10 false\">Dej sa pos\u00fava o dva a pol mesiaca vpred \u2013 do jari roku 1986. Na\u0161li si k sebe hlavn\u00ed hrdinovia kone\u010dne cestu a vytvorili spolu s adopt\u00edvnym synom Kubkom (Liam Mes\u00edk) vysn\u00edvan\u00fa \u0161\u0165astn\u00fa rodinu? Alebo im osud do cesty postavil \u010fal\u0161ie prek\u00e1\u017eky a svoje \u0161\u0165astie bud\u00fa musie\u0165 h\u013eada\u0165 oddelene? Tvorcovia s\u013eubuj\u00fa, \u017ee odpovede dostaneme hne\u010f v prv\u00fdch \u010dastiach.<\/p>\n<p>Mraziv\u00fd tie\u0148 \u010cernoby\u013eu<\/p>\n<p article=\"[object Object]\" class=\"md:text-article-content leading-relaxed md:leading-normal mt-5 lg:mt-10 false\">Nov\u00e9 epiz\u00f3dy prines\u00fa nielen siln\u00e9 em\u00f3cie a humor, ale aj nap\u00e4tie spojen\u00e9 so skuto\u010dn\u00fdmi historick\u00fdmi udalos\u0165ami. P\u00ed\u0161e sa 29. apr\u00edl 1986 a za hranicami \u010ceskoslovenska do\u0161lo k hav\u00e1rii jadrovej elektr\u00e1rne v \u010cernobyle. <\/p>\n<p article=\"[object Object]\" class=\"md:text-article-content leading-relaxed md:leading-normal mt-5 lg:mt-10 false\">Pr\u00e1ve t\u00e1to udalos\u0165 privedie na sc\u00e9nu nov\u00fa postavu &#8211; vysoko\u0161kolsk\u00e9ho profesora Gaba Lazara, ktor\u00e9ho stv\u00e1r\u0148uje Marek Fa\u0161iang. Ako bude vyzera\u0165, si m\u00f4\u017eete pozrie\u0165 vo fotogal\u00e9rii.<\/p>\n<p article=\"[object Object]\" class=\"md:text-article-content leading-relaxed md:leading-normal mt-5 lg:mt-10 false\">Ten so svojimi \u0161tudentmi, vr\u00e1tane Veroniky Han\u00faskovej (Anna Magdal\u00e9na Hrobo\u0148ov\u00e1), po\u010das vyu\u010dovania testuje pr\u00edstroj na meranie r\u00e1dioakt\u00edvneho \u017eiarenia. Nameran\u00e9 alarmuj\u00face hodnoty najprv pripisuj\u00fa technickej chybe. Pravda je v\u0161ak ove\u013ea desivej\u0161ia. Ke\u010f\u017ee sa v tej dobe inform\u00e1cie \u0161\u00edrili len ve\u013emi pomaly, neistota a strach postupne za\u010dn\u00fa ovplyv\u0148ova\u0165 aj \u017eivoty na\u0161ich hrdinov.<\/p>\n<p article=\"[object Object]\" class=\"md:text-article-content leading-relaxed md:leading-normal mt-5 lg:mt-10 false\">\u201eMy dnes o hav\u00e1rii elektr\u00e1rne v \u010cernobyle vieme v\u0161etko, no vtedy sa k \u013eu\u010fom dost\u00e1vali len kus\u00e9 inform\u00e1cie zo zahrani\u010dia. O to v\u00e4\u010d\u0161ou v\u00fdzvou pre n\u00e1s bolo prinies\u0165 tento smutn\u00fd moment hist\u00f3rie na obrazovky tak, aby sme do\u0148 nevkladali na\u0161e dne\u0161n\u00e9 vedomosti,\u201c prezr\u00e1dza Alexandra Dubovsk\u00e1, riadite\u013eka Centra v\u00fdroby skupiny Mark\u00edza.<\/p>\n<p>\u017dena v mu\u017eskom svete narob\u00ed prim\u00e1rovi vr\u00e1sky<\/p>\n<p article=\"[object Object]\" class=\"md:text-article-content leading-relaxed md:leading-normal mt-5 lg:mt-10 false\">Druhou v\u00fdraznou posilou hereck\u00e9ho obsadenia je Simona Koll\u00e1rov\u00e1, ktor\u00e1 sa predstav\u00ed ako Inga Grendov\u00e1. T\u00e1to rozh\u013eaden\u00e1, ambici\u00f3zna a progres\u00edvna lek\u00e1rka nastupuje na oddelenie chirurgie.<\/p>\n<p article=\"[object Object]\" class=\"md:text-article-content leading-relaxed md:leading-normal mt-5 lg:mt-10 false\">Prim\u00e1r Roman Barto\u0161 (Vladim\u00edr Kobielsky) ju s\u00edce prijal ako symbol pokroku v \u0161pecializ\u00e1cii, ktor\u00e1 bola dlh\u00e9 roky v\u00fdsostne mu\u017eskou dom\u00e9nou, no r\u00fdchlo zist\u00ed, \u017ee si mo\u017eno zavaril. Ich n\u00e1zory na medic\u00ednu a pracovn\u00e9 postupy sa toti\u017e za\u010dn\u00fa poriadne zr\u00e1\u017ea\u0165.<\/p>\n<p article=\"[object Object]\" class=\"md:text-article-content leading-relaxed md:leading-normal mt-5 lg:mt-10 false\">\u201ePostavy lek\u00e1rky Inge a vysoko\u0161kolsk\u00e9ho profesora Gaba prines\u00fa do S\u013eubu op\u00e4\u0165 nov\u00e9 t\u00e9my, ktor\u00e9 rezonovali v spolo\u010dnosti v 80. rokoch, no mnoh\u00e9 z nich rie\u0161ime aj dnes \u2013 napr\u00edklad postavenie \u017eien v \u201amu\u017esk\u00fdch\u2018 profesi\u00e1ch \u010di stret zau\u017e\u00edvan\u00fdch postupov s t\u00fdmi inovat\u00edvnymi,\u201c dod\u00e1va hlavn\u00e1 scen\u00e1ristka Evita Twardzik.<\/p>\n<p article=\"[object Object]\" class=\"md:text-article-content leading-relaxed md:leading-normal mt-5 lg:mt-10 false\">Ch\u00fdba\u0165 v\u0161ak nebud\u00fa ani st\u00e1lice seri\u00e1lu. Div\u00e1ci sa m\u00f4\u017eu te\u0161i\u0165 na nov\u00e9 intrigy Evy Gregorovej (Michaela \u010cobejov\u00e1), \u010fal\u0161\u00ed v\u00fdvoj pr\u00edbehu Zdeny Han\u00faskovej (Gabika Dzur\u00edkov\u00e1), ve\u013ek\u00fa \u017eivotn\u00fa v\u00fdzvu pre prostorek\u00fa Andreu Andr\u00e1\u0161ov\u00fa (Krist\u00edna Siskov\u00e1) a nezamenite\u013en\u00fd humor rodiny Horv\u00e1thovcov.<\/p>\n","protected":false},"excerpt":{"rendered":"U\u017e v pondelok 7. septembra sa na telev\u00edzne obrazovky vr\u00e1ti ob\u013e\u00faben\u00fd seri\u00e1l S\u013eub. Dej 4. s\u00e9rie doplnia nov\u00e9&hellip;\n","protected":false},"author":2,"featured_media":170848,"comment_status":"","ping_status":"","sticky":false,"template":"","format":"standard","meta":{"footnotes":"","_share_on_mastodon":"0"},"categories":[15],"tags":[70,43,40,39,42,41,71],"class_list":["post-170847","post","type-post","status-publish","format-standard","has-post-thumbnail","category-zabava","tag-entertainment","tag-sk","tag-slovak","tag-slovakia","tag-slovencina","tag-slovensko","tag-zabava"],"share_on_mastodon":{"url":"https:\/\/pubeurope.com\/@sk\/117215067117771523","error":""},"_links":{"self":[{"href":"https:\/\/www.europesays.com\/sk\/wp-json\/wp\/v2\/posts\/170847","targetHints":{"allow":["GET"]}}],"collection":[{"href":"https:\/\/www.europesays.com\/sk\/wp-json\/wp\/v2\/posts"}],"about":[{"href":"https:\/\/www.europesays.com\/sk\/wp-json\/wp\/v2\/types\/post"}],"author":[{"embeddable":true,"href":"https:\/\/www.europesays.com\/sk\/wp-json\/wp\/v2\/users\/2"}],"replies":[{"embeddable":true,"href":"https:\/\/www.europesays.com\/sk\/wp-json\/wp\/v2\/comments?post=170847"}],"version-history":[{"count":0,"href":"https:\/\/www.europesays.com\/sk\/wp-json\/wp\/v2\/posts\/170847\/revisions"}],"wp:featuredmedia":[{"embeddable":true,"href":"https:\/\/www.europesays.com\/sk\/wp-json\/wp\/v2\/media\/170848"}],"wp:attachment":[{"href":"https:\/\/www.europesays.com\/sk\/wp-json\/wp\/v2\/media?parent=170847"}],"wp:term":[{"taxonomy":"category","embeddable":true,"href":"https:\/\/www.europesays.com\/sk\/wp-json\/wp\/v2\/categories?post=170847"},{"taxonomy":"post_tag","embeddable":true,"href":"https:\/\/www.europesays.com\/sk\/wp-json\/wp\/v2\/tags?post=170847"}],"curies":[{"name":"wp","href":"https:\/\/api.w.org\/{rel}","templated":true}]}}