{"id":170849,"date":"2026-09-04T22:12:17","date_gmt":"2026-09-04T22:12:17","guid":{"rendered":"https:\/\/www.europesays.com\/sk\/170849\/"},"modified":"2026-09-04T22:12:17","modified_gmt":"2026-09-04T22:12:17","slug":"slovensky-trener-sa-hneval-toto-by-sa-nemalo-stavat-bude-mat-incident-v-cesku-dohru-europske-sutaze-hokej-sportweb","status":"publish","type":"post","link":"https:\/\/www.europesays.com\/sk\/170849\/","title":{"rendered":"Slovensk\u00fd tr\u00e9ner sa hneval. Toto by sa nemalo st\u00e1va\u0165. Bude ma\u0165 incident v \u010cesku dohru? &#8211; Eur\u00f3pske s\u00fa\u0165a\u017ee &#8211; Hokej &#8211; \u0160portweb"},"content":{"rendered":"<p>Slovensk\u00fd tr\u00e9ner T\u0159inca Boris \u017dabka n\u00e1sledne ozn\u00e1mil rozhodcom, \u017ee na druh\u00fa tretinu u\u017e jeho t\u00edm nenast\u00fapi.<\/p>\n<p>Pod\u013ea vyjadrenia na webe T\u0159inca to urobil aj preto, aby sa em\u00f3cie zo z\u00e1pasu nepreniesli do ligy.<\/p>\n<p>Kova\u0159\u010d\u00edk bol pod\u013ea inform\u00e1cii denn\u00edka Sport po tvrdom z\u00e1kroku Jana \u0160\u010dotku v bezvedom\u00ed. Rozhodcovia stret ako faul nepos\u00fadili.<\/p>\n<p>\u201eDohodli sme sa a dali sme priestor rozhodcovi, nech sa pozrie na z\u00e1bery s t\u00fdm, \u017ee sa k tomu po pauze vr\u00e1time.<\/p>\n<p>Po pauze do\u0161iel rozhodca a ospravedl\u0148oval sa, \u017ee nem\u00e1 k dispoz\u00edcii ani jeden z\u00e1ber. To by sa pod\u013ea m\u0148a nemalo st\u00e1va\u0165,\u201c uviedol \u017dabka.<\/p>\n<p>Video<br \/>\nHokejov\u00e1 legenda Zdeno Ch\u00e1ra o svojej rozl\u00fa\u010dke: Bol to neskuto\u010dn\u00fd z\u00e1\u017eitok<\/p>\n<p class=\"detail_text_item_livebox_description\">Hokejov\u00e1 legenda Zdeno Ch\u00e1ra o svojej rozl\u00fa\u010dke: Bol to neskuto\u010dn\u00fd z\u00e1\u017eitok<\/p>\n<p>\nZdroj:<br \/>\nTASR\n<\/p>\n<p>Kova\u0159\u010d\u00edka v\u0161ak z \u013eadu museli odnies\u0165 na nosidl\u00e1ch a n\u00e1sledne ho zo \u0161tadi\u00f3na previezla sanitka do nemocnice.<\/p>\n<p>Hovorca T\u0159inca nesk\u00f4r informoval, \u017ee hr\u00e1\u010d je u\u017e pri vedom\u00ed a komunikuje. \u201eD\u00fafame, \u017ee to nebude na dlho,\u201c dodal slovensk\u00fd tr\u00e9ner.<\/p>\n<p>Po z\u00e1kroku sa na \u013eade spustila \u0161arv\u00e1tka a rozhodcovia viacero hr\u00e1\u010dov poslali na trestn\u00fa lavicu.<\/p>\n<p>\u201eToto je pr\u00e1ve ten hlavn\u00fd d\u00f4vod, kv\u00f4li ktor\u00e9mu sme to urobili, aby sa to neprenieslo do ligy.<\/p>\n<p>Nechceli sme, aby sme sa potom stretli niekde v lige a niekto sa zranil, alebo aby sa tam prenieslo nie\u010do, \u010do sme pr\u00e1ve nechceli. S tr\u00e9nerom dom\u00e1cich sme so to vysvetlili,\u201c dodal \u017dabka.<\/p>\n<p>Stretnutie sa tak skon\u010dilo pred\u010dasne za stavu 0:0 a hlavn\u00fd tr\u00e9ner a majite\u013e Komety Libor Z\u00e1bransk\u00fd k incidentu uviedol:<\/p>\n<p>&#8222;Vysvetlenie hlavn\u00e9ho tr\u00e9nera T\u0159inca k nedohraniu z\u00e1pasu rozumiem, ch\u00e1pem a re\u0161pektujem. Rovnako ako cel\u00fd n\u00e1\u0161 klub. Ne\u017eel\u00e1me si ni\u010d in\u00e9, ne\u017e aby bol Michal Kova\u0159\u010d\u00edk v poriadku.&#8220;<\/p>\n<p><a href=\"https:\/\/debata.pravda.sk\/debata\/2035679-slovensky-trener-sa-hneval-toto-by-sa-nemalo-stavat-bude-mat-incident-v-cesku-dohru\/\" class=\"detail_text_socials_item debata debata-count-decorator\" rel=\"nofollow noopener\" target=\"_blank\"><\/p>\n<p>debata<\/p>\n<p><\/a><\/p>\n<p><a href=\"https:\/\/www.pravda.sk\/mreporter\" class=\"detail_text_socials_item hide\" id=\"mreporter-button\" rel=\"nofollow noopener\" target=\"_blank\"><\/p>\n<p>mReport\u00e9r<\/p>\n<p><\/a><\/p>\n<p><img decoding=\"async\" src=\"https:\/\/ipravda.sk\/res\/www\/sorry.svg\" alt=\"\u013dutujeme\" height=\"75\"\/><\/p>\n<p>V\u00e1\u017een\u00ed \u010ditatelia, pod t\u00fdmto \u010dl\u00e1nkom sme neumo\u017enili diskusiu<\/p>\n<p>\nObsah \u010dl\u00e1nku a sk\u00fasenosti s administr\u00e1ciou deb\u00e1t n\u00e1m d\u00e1vaj\u00fa predpoklad, \u017ee aj na tomto mieste by prib\u00fadali<br \/>\npreva\u017ene pr\u00edspevky, ktor\u00e9 by boli v rozpore s pravidlami debaty aj dobr\u00fdmi mravmi.\n<\/p>\n<p>\n\u010eakujeme za pochopenie a te\u0161\u00edme sa na slu\u0161n\u00e9 debaty pod in\u00fdmi \u010dl\u00e1nkami.\n<\/p>\n<p>Rozumiem<\/p>\n","protected":false},"excerpt":{"rendered":"Slovensk\u00fd tr\u00e9ner T\u0159inca Boris \u017dabka n\u00e1sledne ozn\u00e1mil rozhodcom, \u017ee na druh\u00fa tretinu u\u017e jeho t\u00edm nenast\u00fapi. Pod\u013ea vyjadrenia&hellip;\n","protected":false},"author":2,"featured_media":170850,"comment_status":"","ping_status":"","sticky":false,"template":"","format":"standard","meta":{"footnotes":"","_share_on_mastodon":"0"},"categories":[13],"tags":[43,40,39,42,41,69,68],"class_list":["post-170849","post","type-post","status-publish","format-standard","has-post-thumbnail","category-sport","tag-sk","tag-slovak","tag-slovakia","tag-slovencina","tag-slovensko","tag-sport","tag-sports"],"share_on_mastodon":{"url":"https:\/\/pubeurope.com\/@sk\/117215071428057580","error":""},"_links":{"self":[{"href":"https:\/\/www.europesays.com\/sk\/wp-json\/wp\/v2\/posts\/170849","targetHints":{"allow":["GET"]}}],"collection":[{"href":"https:\/\/www.europesays.com\/sk\/wp-json\/wp\/v2\/posts"}],"about":[{"href":"https:\/\/www.europesays.com\/sk\/wp-json\/wp\/v2\/types\/post"}],"author":[{"embeddable":true,"href":"https:\/\/www.europesays.com\/sk\/wp-json\/wp\/v2\/users\/2"}],"replies":[{"embeddable":true,"href":"https:\/\/www.europesays.com\/sk\/wp-json\/wp\/v2\/comments?post=170849"}],"version-history":[{"count":0,"href":"https:\/\/www.europesays.com\/sk\/wp-json\/wp\/v2\/posts\/170849\/revisions"}],"wp:featuredmedia":[{"embeddable":true,"href":"https:\/\/www.europesays.com\/sk\/wp-json\/wp\/v2\/media\/170850"}],"wp:attachment":[{"href":"https:\/\/www.europesays.com\/sk\/wp-json\/wp\/v2\/media?parent=170849"}],"wp:term":[{"taxonomy":"category","embeddable":true,"href":"https:\/\/www.europesays.com\/sk\/wp-json\/wp\/v2\/categories?post=170849"},{"taxonomy":"post_tag","embeddable":true,"href":"https:\/\/www.europesays.com\/sk\/wp-json\/wp\/v2\/tags?post=170849"}],"curies":[{"name":"wp","href":"https:\/\/api.w.org\/{rel}","templated":true}]}}