{"id":170851,"date":"2026-09-04T22:18:14","date_gmt":"2026-09-04T22:18:14","guid":{"rendered":"https:\/\/www.europesays.com\/sk\/170851\/"},"modified":"2026-09-04T22:18:14","modified_gmt":"2026-09-04T22:18:14","slug":"real-madrid-podlahol-betisu-sevilla-v-4-kole-la-ligy","status":"publish","type":"post","link":"https:\/\/www.europesays.com\/sk\/170851\/","title":{"rendered":"Real Madrid pod\u013eahol Betisu Sevilla v 4. kole La Ligy"},"content":{"rendered":"<p>        A<\/p>\n<p>        A<\/p>\n<p>        Re\u017eim \u010d\u00edta\u010dky<\/p>\n<p>         Vypo\u010du\u0165 \u010dl\u00e1nok<\/p>\n<p>        Zdie\u013ea\u0165 \u010dl\u00e1nok<\/p>\n<p>\n           Futbalisti Realu Madrid utrpeli prv\u00fa prehru v aktu\u00e1lnom ro\u010dn\u00edku \u0161panielskej La Ligy, ke\u010f v 4. kole pod\u013eahli na ihrisku Realu Betis Sevilla 0:1. O v\u00ed\u0165azstve dom\u00e1cich rozhodol Troy Parrott, ktor\u00fd sk\u00f3roval v 81. min\u00fate. Real Madrid mal \u0161ancu na vyrovnanie v nadstavenom \u010dase, av\u0161ak g\u00f3l Carlosa Espiho nebol uznan\u00fd pre ofsajd. Real Betis Sevilla bude jedn\u00fdm zo s\u00faperov Slovana Bratislava v skupinovej f\u00e1ze Ligy majstrov, pri\u010dom slovensk\u00fd t\u00edm priv\u00edta Andal\u00fazanov 24. novembra.\n     <\/p>\n","protected":false},"excerpt":{"rendered":"A A Re\u017eim \u010d\u00edta\u010dky Vypo\u010du\u0165 \u010dl\u00e1nok Zdie\u013ea\u0165 \u010dl\u00e1nok Futbalisti Realu Madrid utrpeli prv\u00fa prehru v aktu\u00e1lnom ro\u010dn\u00edku \u0161panielskej&hellip;\n","protected":false},"author":2,"featured_media":170852,"comment_status":"","ping_status":"","sticky":false,"template":"","format":"standard","meta":{"footnotes":"","_share_on_mastodon":"0"},"categories":[22],"tags":[137,43,40,39,42,41],"class_list":["post-170851","post","type-post","status-publish","format-standard","has-post-thumbnail","category-kosice","tag-kosice","tag-sk","tag-slovak","tag-slovakia","tag-slovencina","tag-slovensko"],"share_on_mastodon":{"url":"https:\/\/pubeurope.com\/@sk\/117215094535416105","error":""},"_links":{"self":[{"href":"https:\/\/www.europesays.com\/sk\/wp-json\/wp\/v2\/posts\/170851","targetHints":{"allow":["GET"]}}],"collection":[{"href":"https:\/\/www.europesays.com\/sk\/wp-json\/wp\/v2\/posts"}],"about":[{"href":"https:\/\/www.europesays.com\/sk\/wp-json\/wp\/v2\/types\/post"}],"author":[{"embeddable":true,"href":"https:\/\/www.europesays.com\/sk\/wp-json\/wp\/v2\/users\/2"}],"replies":[{"embeddable":true,"href":"https:\/\/www.europesays.com\/sk\/wp-json\/wp\/v2\/comments?post=170851"}],"version-history":[{"count":0,"href":"https:\/\/www.europesays.com\/sk\/wp-json\/wp\/v2\/posts\/170851\/revisions"}],"wp:featuredmedia":[{"embeddable":true,"href":"https:\/\/www.europesays.com\/sk\/wp-json\/wp\/v2\/media\/170852"}],"wp:attachment":[{"href":"https:\/\/www.europesays.com\/sk\/wp-json\/wp\/v2\/media?parent=170851"}],"wp:term":[{"taxonomy":"category","embeddable":true,"href":"https:\/\/www.europesays.com\/sk\/wp-json\/wp\/v2\/categories?post=170851"},{"taxonomy":"post_tag","embeddable":true,"href":"https:\/\/www.europesays.com\/sk\/wp-json\/wp\/v2\/tags?post=170851"}],"curies":[{"name":"wp","href":"https:\/\/api.w.org\/{rel}","templated":true}]}}