{"id":170853,"date":"2026-09-04T22:26:08","date_gmt":"2026-09-04T22:26:08","guid":{"rendered":"https:\/\/www.europesays.com\/sk\/170853\/"},"modified":"2026-09-04T22:26:08","modified_gmt":"2026-09-04T22:26:08","slug":"diamantova-liga-duplantis-siesty-triumf-neziska-ma-svalove-problemy","status":"publish","type":"post","link":"https:\/\/www.europesays.com\/sk\/170853\/","title":{"rendered":"Diamantov\u00e1 liga: Duplantis \u0161iesty triumf nez\u00edska, m\u00e1 svalov\u00e9 probl\u00e9my"},"content":{"rendered":"<p>\u0160v\u00e9dsky skokan o \u017erdi Armand Duplantis sa odhl\u00e1sil z fin\u00e1le Diamantovej ligy tesne pred \u0161tartom piatkovej s\u00fa\u0165a\u017ee. Svetov\u00fd rekord\u00e9r to ozn\u00e1mil organiz\u00e1torom priamo na \u0161tadi\u00f3ne v Bruseli.<\/p>\n<p>\u201eMondo\u201c tak pri\u0161iel o \u0161ancu zabojova\u0165 o \u0161iesty triumf vo fin\u00e1le DL v s\u00e9rii. Dvojn\u00e1sobn\u00fd olympijsk\u00fd \u0161ampi\u00f3n a trojn\u00e1sobn\u00fd majster sveta si podal ruky s ostatn\u00fdmi \u017erdk\u00e1rmi a zam\u00e1val div\u00e1kom.<\/p>\n<p class=\"ql-align-center\">VIDEO: Reakcia Duplantisa na odst\u00fapenie z pretekov<\/p>\n<p>&#8222;Je to ten ist\u00fd alebo podobn\u00fd pocit, ak\u00fd som mal v Lond\u00fdne, ke\u010f som skon\u010dil. Podobn\u00e9 miesto a tak \u010falej. Je to super \u0165a\u017ek\u00e9, super \u0165a\u017ek\u00e9 robi\u0165 tak\u00e9to rozhodnutia.<\/p>\n<p>Boli to tak trochu preteky s \u010dasom. M\u00e1m pocit, \u017ee sme odviedli ve\u013ea skvelej pr\u00e1ce, aby som bol vo forme a pripraven\u00fd, ale na konci d\u0148a som jednoducho nemal dostatok \u010dasu.<\/p>\n<p>Je to v\u017edy naozaj, naozaj \u0165a\u017ek\u00e9 odst\u00fapi\u0165 z akejko\u013evek s\u00fa\u0165a\u017ee a naozaj ma mrz\u00ed, \u017ee som to musel urobi\u0165,&#8220; reagoval Duplantis.<\/p>\n<p>Vyjadril sa aj k tomu, \u010di sa stihne vr\u00e1ti\u0165 a predstav\u00ed sa na bud\u00facot\u00fd\u017ed\u0148ov\u00fdch Ultim\u00e1tnych MS v Budape\u0161ti:<\/p>\n<p>&#8222;Uvid\u00edme. Neviem. A&#8230; d\u00fafam v to. Moment\u00e1lne sa sna\u017e\u00edm zosta\u0165 \u010do najviac pokojn\u00fd, sebavedom\u00fd alebo naozaj pozit\u00edvny, ako je to len mo\u017en\u00e9, preto\u017ee moja hlava je \u00faplne inde a sna\u017e\u00edm sa len zosta\u0165 uvo\u013enen\u00fd. Je to naozaj hrozn\u00fd pocit.&#8220;<\/p>\n<p>Po jeho odst\u00fapen\u00ed bol hlavn\u00fd favorit na triumf Gr\u00e9k Emmanouil Karalis.<\/p>\n<p>Duplantis uviedol, \u017ee c\u00edtil mierne nap\u00e4tie v nohe. Probl\u00e9m sa objavil aj po\u010das rozcvi\u010dky. \u201eJe to hrozn\u00e9. V\u017edy chcete s\u00fa\u0165a\u017ei\u0165. L\u00e1me mi to srdce. Toto tak ve\u013emi nen\u00e1vid\u00edm,\u201c citovala ho agent\u00fara AFP.<\/p>\n","protected":false},"excerpt":{"rendered":"\u0160v\u00e9dsky skokan o \u017erdi Armand Duplantis sa odhl\u00e1sil z fin\u00e1le Diamantovej ligy tesne pred \u0161tartom piatkovej s\u00fa\u0165a\u017ee. Svetov\u00fd&hellip;\n","protected":false},"author":2,"featured_media":170854,"comment_status":"","ping_status":"","sticky":false,"template":"","format":"standard","meta":{"footnotes":"","_share_on_mastodon":"0"},"categories":[13],"tags":[43,40,39,42,41,69,68],"class_list":["post-170853","post","type-post","status-publish","format-standard","has-post-thumbnail","category-sport","tag-sk","tag-slovak","tag-slovakia","tag-slovencina","tag-slovensko","tag-sport","tag-sports"],"share_on_mastodon":{"url":"https:\/\/pubeurope.com\/@sk\/117215125990286593","error":""},"_links":{"self":[{"href":"https:\/\/www.europesays.com\/sk\/wp-json\/wp\/v2\/posts\/170853","targetHints":{"allow":["GET"]}}],"collection":[{"href":"https:\/\/www.europesays.com\/sk\/wp-json\/wp\/v2\/posts"}],"about":[{"href":"https:\/\/www.europesays.com\/sk\/wp-json\/wp\/v2\/types\/post"}],"author":[{"embeddable":true,"href":"https:\/\/www.europesays.com\/sk\/wp-json\/wp\/v2\/users\/2"}],"replies":[{"embeddable":true,"href":"https:\/\/www.europesays.com\/sk\/wp-json\/wp\/v2\/comments?post=170853"}],"version-history":[{"count":0,"href":"https:\/\/www.europesays.com\/sk\/wp-json\/wp\/v2\/posts\/170853\/revisions"}],"wp:featuredmedia":[{"embeddable":true,"href":"https:\/\/www.europesays.com\/sk\/wp-json\/wp\/v2\/media\/170854"}],"wp:attachment":[{"href":"https:\/\/www.europesays.com\/sk\/wp-json\/wp\/v2\/media?parent=170853"}],"wp:term":[{"taxonomy":"category","embeddable":true,"href":"https:\/\/www.europesays.com\/sk\/wp-json\/wp\/v2\/categories?post=170853"},{"taxonomy":"post_tag","embeddable":true,"href":"https:\/\/www.europesays.com\/sk\/wp-json\/wp\/v2\/tags?post=170853"}],"curies":[{"name":"wp","href":"https:\/\/api.w.org\/{rel}","templated":true}]}}