{"id":170857,"date":"2026-09-04T22:29:07","date_gmt":"2026-09-04T22:29:07","guid":{"rendered":"https:\/\/www.europesays.com\/sk\/170857\/"},"modified":"2026-09-04T22:29:07","modified_gmt":"2026-09-04T22:29:07","slug":"slovenskemu-hudobnikovi-v-taliansku-ukradli-elektricku-harfu","status":"publish","type":"post","link":"https:\/\/www.europesays.com\/sk\/170857\/","title":{"rendered":"Slovensk\u00e9mu hudobn\u00edkovi v Taliansku ukradli elektrick\u00fa harfu"},"content":{"rendered":"<p>POLIGNANO A MARE &#8211; Slovensk\u00fd hudobn\u00edk a zn\u00e1my harfista Jakub Rizman za\u017eil po\u010das svojho pobytu v Taliansku obrovsk\u00fd \u0161ok. V ob\u013e\u00fabenom pr\u00edmorskom meste\u010dku Polignano a Mare mu nezn\u00e1my p\u00e1chate\u013e vykradol zaparkovan\u00e9 auto. Zlodej si odniesol jeho vz\u00e1cnu elektrick\u00fa harfu a zosil\u0148ova\u010d, bez ktor\u00fdch nem\u00f4\u017ee koncertova\u0165. Z\u00fafal\u00fd umelec teraz pros\u00ed verejnos\u0165 o pomoc a za inform\u00e1cie ved\u00face k n\u00e1jdeniu n\u00e1stroja pon\u00faka odmenu 500 eur.<\/p>\n<p>K nepr\u00edjemn\u00e9mu incidentu do\u0161lo v pondelok 24. augusta v ob\u013e\u00fabenej lokalite Torre Incina v meste\u010dku Polignano a Mare na juhu Talianska. Slovensk\u00fd hudobn\u00edk Jakub Rizman sa na mieste na chv\u00ed\u013eu zastavil, aby sa pokochal v\u00fdh\u013eadom na more. Ke\u010f sa v\u0161ak po kr\u00e1tkom \u010dase vr\u00e1til k svojmu zaparkovan\u00e9mu vozidlu, \u010dakal ho mraziv\u00fd poh\u013ead \u2013 auto bolo vykradnut\u00e9 a jeho najcennej\u0161ie veci pre\u010d.<\/p>\n<p>Zlodeji si odniesli \u0161peci\u00e1lnu elektrick\u00fa harfu a zosil\u0148ova\u010d. Pre umelca nejde len o finan\u010dn\u00fa stratu, ale predov\u0161etk\u00fdm o obrovsk\u00fa profesion\u00e1lnu a citov\u00fa ujmu, ke\u010f\u017ee n\u00e1stroj vyu\u017e\u00edva pri svojej ka\u017edodennej pr\u00e1ci a vyst\u00fapeniach.<\/p>\n<p>Vyp\u00edsal odmenu 500 eur a pros\u00ed o pomoc<\/p>\n<p>Ke\u010f\u017ee n\u00e1stroje s\u00fa ve\u013emi \u0161pecifick\u00e9 a pre be\u017en\u00e9ho \u010dloveka \u010di zlodeja len \u0165a\u017eko predajn\u00e9, slovensk\u00fd hudobn\u00edk sa rozhodol naprie\u010d talianskymi m\u00e9diami a soci\u00e1lnymi sie\u0165ami zverejni\u0165 naliehav\u00fa v\u00fdzvu. Pre ka\u017ed\u00e9ho, kto poskytne u\u017eito\u010dn\u00e9 inform\u00e1cie ved\u00face k n\u00e1jdeniu ukradnutej harfy a zosil\u0148ova\u010da, pon\u00faka Jakub Rizman finan\u010dn\u00fa odmenu vo v\u00fd\u0161ke 500 eur.<\/p>\n<p>V\u00fdzva smeruje najm\u00e4 k \u013eu\u010fom, ktor\u00ed sa 24. augusta pohybovali v okol\u00ed Torre Incina a v\u0161imli si podozriv\u00e9 osoby alebo pohyb pri vozidl\u00e1ch. Z\u00e1rove\u0148 apeluje na verejnos\u0165, aby si v\u0161\u00edmala baz\u00e1rov\u00e9 ponuky \u010di inzer\u00e1ty na internete, kde by sa unik\u00e1tny n\u00e1stroj mohol objavi\u0165.<\/p>\n","protected":false},"excerpt":{"rendered":"POLIGNANO A MARE &#8211; Slovensk\u00fd hudobn\u00edk a zn\u00e1my harfista Jakub Rizman za\u017eil po\u010das svojho pobytu v Taliansku obrovsk\u00fd&hellip;\n","protected":false},"author":2,"featured_media":170858,"comment_status":"","ping_status":"","sticky":false,"template":"","format":"standard","meta":{"footnotes":"","_share_on_mastodon":"0"},"categories":[8],"tags":[48279,48278,298,33,43,40,42,36,50,537,49,48],"class_list":["post-170857","post","type-post","status-publish","format-standard","has-post-thumbnail","category-svet","tag-harfa","tag-jakub-rizman","tag-kradez","tag-news","tag-sk","tag-slovak","tag-slovencina","tag-spravy","tag-svet","tag-taliansko","tag-world","tag-world-news"],"share_on_mastodon":{"url":"https:\/\/pubeurope.com\/@sk\/117215137827630484","error":""},"_links":{"self":[{"href":"https:\/\/www.europesays.com\/sk\/wp-json\/wp\/v2\/posts\/170857","targetHints":{"allow":["GET"]}}],"collection":[{"href":"https:\/\/www.europesays.com\/sk\/wp-json\/wp\/v2\/posts"}],"about":[{"href":"https:\/\/www.europesays.com\/sk\/wp-json\/wp\/v2\/types\/post"}],"author":[{"embeddable":true,"href":"https:\/\/www.europesays.com\/sk\/wp-json\/wp\/v2\/users\/2"}],"replies":[{"embeddable":true,"href":"https:\/\/www.europesays.com\/sk\/wp-json\/wp\/v2\/comments?post=170857"}],"version-history":[{"count":0,"href":"https:\/\/www.europesays.com\/sk\/wp-json\/wp\/v2\/posts\/170857\/revisions"}],"wp:featuredmedia":[{"embeddable":true,"href":"https:\/\/www.europesays.com\/sk\/wp-json\/wp\/v2\/media\/170858"}],"wp:attachment":[{"href":"https:\/\/www.europesays.com\/sk\/wp-json\/wp\/v2\/media?parent=170857"}],"wp:term":[{"taxonomy":"category","embeddable":true,"href":"https:\/\/www.europesays.com\/sk\/wp-json\/wp\/v2\/categories?post=170857"},{"taxonomy":"post_tag","embeddable":true,"href":"https:\/\/www.europesays.com\/sk\/wp-json\/wp\/v2\/tags?post=170857"}],"curies":[{"name":"wp","href":"https:\/\/api.w.org\/{rel}","templated":true}]}}