{"id":170859,"date":"2026-09-04T22:32:16","date_gmt":"2026-09-04T22:32:16","guid":{"rendered":"https:\/\/www.europesays.com\/sk\/170859\/"},"modified":"2026-09-04T22:32:16","modified_gmt":"2026-09-04T22:32:16","slug":"como-1907-triumfoval-nad-fc-janov-v-talianskej-serie-a","status":"publish","type":"post","link":"https:\/\/www.europesays.com\/sk\/170859\/","title":{"rendered":"Como 1907 triumfoval nad FC Janov v talianskej Serie A"},"content":{"rendered":"<p>           Futbalisti Como 1907 dosiahli presved\u010div\u00e9 v\u00ed\u0165azstvo 4:1 na ihrisku FC Janov v r\u00e1mci 3. kola talianskej Serie A. V\u010faka tomuto \u00faspechu sa posunuli na priebe\u017en\u00e9 prv\u00e9 miesto v ne\u00faplnej tabu\u013eke so siedmimi bodmi. Naopak, FC Janov pokra\u010duje v s\u00e9rii prehier, ke\u010f\u017ee prehral v\u0161etky tri doteraj\u0161ie z\u00e1pasy a nach\u00e1dza sa na poslednom 20. mieste so sk\u00f3re 1:7.<\/p>\n<p>V z\u00e1pase sa strelecky presadili Osmaji\u010d za Janov v 19. min\u00fate, zatia\u013e \u010do za Como sk\u00f3rovali Baturina v 25. min\u00fate, Diao dvakr\u00e1t v 30. a 78. min\u00fate a Paz v 40. min\u00fate.\n     <\/p>\n","protected":false},"excerpt":{"rendered":"Futbalisti Como 1907 dosiahli presved\u010div\u00e9 v\u00ed\u0165azstvo 4:1 na ihrisku FC Janov v r\u00e1mci 3. kola talianskej Serie A.&hellip;\n","protected":false},"author":2,"featured_media":170860,"comment_status":"","ping_status":"","sticky":false,"template":"","format":"standard","meta":{"footnotes":"","_share_on_mastodon":"0"},"categories":[22],"tags":[137,43,40,39,42,41],"class_list":["post-170859","post","type-post","status-publish","format-standard","has-post-thumbnail","category-kosice","tag-kosice","tag-sk","tag-slovak","tag-slovakia","tag-slovencina","tag-slovensko"],"share_on_mastodon":{"url":"https:\/\/pubeurope.com\/@sk\/117215149498142728","error":""},"_links":{"self":[{"href":"https:\/\/www.europesays.com\/sk\/wp-json\/wp\/v2\/posts\/170859","targetHints":{"allow":["GET"]}}],"collection":[{"href":"https:\/\/www.europesays.com\/sk\/wp-json\/wp\/v2\/posts"}],"about":[{"href":"https:\/\/www.europesays.com\/sk\/wp-json\/wp\/v2\/types\/post"}],"author":[{"embeddable":true,"href":"https:\/\/www.europesays.com\/sk\/wp-json\/wp\/v2\/users\/2"}],"replies":[{"embeddable":true,"href":"https:\/\/www.europesays.com\/sk\/wp-json\/wp\/v2\/comments?post=170859"}],"version-history":[{"count":0,"href":"https:\/\/www.europesays.com\/sk\/wp-json\/wp\/v2\/posts\/170859\/revisions"}],"wp:featuredmedia":[{"embeddable":true,"href":"https:\/\/www.europesays.com\/sk\/wp-json\/wp\/v2\/media\/170860"}],"wp:attachment":[{"href":"https:\/\/www.europesays.com\/sk\/wp-json\/wp\/v2\/media?parent=170859"}],"wp:term":[{"taxonomy":"category","embeddable":true,"href":"https:\/\/www.europesays.com\/sk\/wp-json\/wp\/v2\/categories?post=170859"},{"taxonomy":"post_tag","embeddable":true,"href":"https:\/\/www.europesays.com\/sk\/wp-json\/wp\/v2\/tags?post=170859"}],"curies":[{"name":"wp","href":"https:\/\/api.w.org\/{rel}","templated":true}]}}