{"id":170861,"date":"2026-09-04T22:46:12","date_gmt":"2026-09-04T22:46:12","guid":{"rendered":"https:\/\/www.europesays.com\/sk\/170861\/"},"modified":"2026-09-04T22:46:12","modified_gmt":"2026-09-04T22:46:12","slug":"osn-prijala-novu-mapu-afrika-vacsia-usa-mensie","status":"publish","type":"post","link":"https:\/\/www.europesays.com\/sk\/170861\/","title":{"rendered":"OSN prijala nov\u00fa mapu: Afrika v\u00e4\u010d\u0161ia, USA men\u0161ie"},"content":{"rendered":"<p>        A<\/p>\n<p>        A<\/p>\n<p>        Re\u017eim \u010d\u00edta\u010dky<\/p>\n<p>         Vypo\u010du\u0165 \u010dl\u00e1nok<\/p>\n<p>        Zdie\u013ea\u0165 \u010dl\u00e1nok<\/p>\n<p>\n           Valn\u00e9 zhroma\u017edenie OSN schv\u00e1lilo nov\u00fa svetov\u00fa mapu, ktor\u00e1 zv\u00e4\u010d\u0161uje africk\u00fd kontinent a zmen\u0161uje Severn\u00fa Ameriku a Eur\u00f3pu, \u010do vyvolalo nes\u00fahlas vo Washingtone. Rezol\u00facia, podporen\u00e1 164 krajinami, m\u00e1 za cie\u013e presnej\u0161ie zobrazenie kontinent\u00e1lnych rozloh. Spojen\u00e9 \u0161t\u00e1ty hlasovali proti a \u0161es\u0165 \u010fal\u0161\u00edch \u0161t\u00e1tov sa zdr\u017ealo. Nov\u00e1 mapa, zn\u00e1ma ako kartografick\u00e1 projekcia Equal Earth, zlep\u0161uje presnos\u0165 zobrazenia sveta a vyz\u00fdva \u010dlensk\u00e9 \u0161t\u00e1ty, aby ju pou\u017e\u00edvali namiesto tradi\u010dnej Mercatorovej projekcie, vytvorenej v roku 1569 pre n\u00e1morn\u00fa navig\u00e1ciu. Minister zahrani\u010dn\u00fdch vec\u00ed Toga, Robert Dussey, zd\u00f4raznil, \u017ee mapy ovplyv\u0148uj\u00fa vzdel\u00e1vanie a kolekt\u00edvne vn\u00edmanie, a preto by nemali by\u0165 skreslen\u00e9. Spojen\u00e9 \u0161t\u00e1ty kritizovali rezol\u00faciu ako d\u00f4vod straty d\u00f4veryhodnosti OSN, pri\u010dom ich z\u00e1stupky\u0148a Yaryna Ferencevych uviedla, \u017ee sa namiesto skuto\u010dn\u00fdch probl\u00e9mov diskutuje o map\u00e1ch zo 16. storo\u010dia. Mercatorova projekcia presne zobrazovala tvary a uhly, ale skres\u013eovala ve\u013ekosti, \u010do sp\u00f4sobilo, \u017ee severn\u00e9 regi\u00f3ny vyzerali v\u00e4\u010d\u0161ie. Projekcia Equal Earth, predstaven\u00e1 v roku 2018, zv\u00e4\u010d\u0161uje Afriku, Latinsk\u00fa Ameriku, Ju\u017en\u00fa \u00c1ziu a Oce\u00e1niu. Franc\u00fazsko, ktor\u00e9 spolusponzorovalo rezol\u00faciu, ozn\u00e1milo, \u017ee opust\u00ed Mercatorovu projekciu, ktor\u00e1 nespr\u00e1vne zv\u00fdraz\u0148uje USA, Rusko a \u010c\u00ednu. Minister zahrani\u010dn\u00fdch vec\u00ed Jean-Noel Barrot uviedol, \u017ee hoci zmena m\u00e1p nezmen\u00ed svet, opravuje skreslen\u00e9 zobrazenie, \u010do je akt pravdy. Iniciat\u00edva prich\u00e1dza v \u010dase, ke\u010f sa Franc\u00fazsko sna\u017e\u00ed zlep\u0161i\u0165 vz\u0165ahy s Afrikou, najm\u00e4 s b\u00fdval\u00fdmi kol\u00f3niami.\n     <\/p>\n","protected":false},"excerpt":{"rendered":"A A Re\u017eim \u010d\u00edta\u010dky Vypo\u010du\u0165 \u010dl\u00e1nok Zdie\u013ea\u0165 \u010dl\u00e1nok Valn\u00e9 zhroma\u017edenie OSN schv\u00e1lilo nov\u00fa svetov\u00fa mapu, ktor\u00e1 zv\u00e4\u010d\u0161uje africk\u00fd&hellip;\n","protected":false},"author":2,"featured_media":170862,"comment_status":"","ping_status":"","sticky":false,"template":"","format":"standard","meta":{"footnotes":"","_share_on_mastodon":"0"},"categories":[22],"tags":[137,43,40,39,42,41],"class_list":["post-170861","post","type-post","status-publish","format-standard","has-post-thumbnail","category-kosice","tag-kosice","tag-sk","tag-slovak","tag-slovakia","tag-slovencina","tag-slovensko"],"share_on_mastodon":{"url":"https:\/\/pubeurope.com\/@sk\/117215204642333071","error":""},"_links":{"self":[{"href":"https:\/\/www.europesays.com\/sk\/wp-json\/wp\/v2\/posts\/170861","targetHints":{"allow":["GET"]}}],"collection":[{"href":"https:\/\/www.europesays.com\/sk\/wp-json\/wp\/v2\/posts"}],"about":[{"href":"https:\/\/www.europesays.com\/sk\/wp-json\/wp\/v2\/types\/post"}],"author":[{"embeddable":true,"href":"https:\/\/www.europesays.com\/sk\/wp-json\/wp\/v2\/users\/2"}],"replies":[{"embeddable":true,"href":"https:\/\/www.europesays.com\/sk\/wp-json\/wp\/v2\/comments?post=170861"}],"version-history":[{"count":0,"href":"https:\/\/www.europesays.com\/sk\/wp-json\/wp\/v2\/posts\/170861\/revisions"}],"wp:featuredmedia":[{"embeddable":true,"href":"https:\/\/www.europesays.com\/sk\/wp-json\/wp\/v2\/media\/170862"}],"wp:attachment":[{"href":"https:\/\/www.europesays.com\/sk\/wp-json\/wp\/v2\/media?parent=170861"}],"wp:term":[{"taxonomy":"category","embeddable":true,"href":"https:\/\/www.europesays.com\/sk\/wp-json\/wp\/v2\/categories?post=170861"},{"taxonomy":"post_tag","embeddable":true,"href":"https:\/\/www.europesays.com\/sk\/wp-json\/wp\/v2\/tags?post=170861"}],"curies":[{"name":"wp","href":"https:\/\/api.w.org\/{rel}","templated":true}]}}