{"id":170863,"date":"2026-09-04T22:54:11","date_gmt":"2026-09-04T22:54:11","guid":{"rendered":"https:\/\/www.europesays.com\/sk\/170863\/"},"modified":"2026-09-04T22:54:11","modified_gmt":"2026-09-04T22:54:11","slug":"la-liga-vysledky-dnes-real-betis-real-madrid-10","status":"publish","type":"post","link":"https:\/\/www.europesays.com\/sk\/170863\/","title":{"rendered":"La Liga \/ v\u00fdsledky &#8211; dnes \/ Real Betis &#8211; Real Madrid 1:0"},"content":{"rendered":"<p>Futbalisti Realu Betis triumfovali v 4. kole La Ligy na dom\u00e1com ihrisku proti Realu Madrid 1:0. O jedin\u00fd g\u00f3l stretnutia sa postaral v 81. min\u00fate Troy Parrott. Sevillsk\u00fd klub pricestuje do Bratislavy, kde 24.11. v Lige majstrov. vyzve \u0160K Slovan Bratislava.<\/p>\n<p class=\"intext-link type-link\"><a href=\"https:\/\/sport.aktuality.sk\/futbal\/clanok\/online-real-betis-real-madrid-la-liga-live-2026090416590686999\" target=\"_self\" rel=\"nofollow noopener\">Duel Real Betis &#8211; Real Madrid ste mohli sledova\u0165 ONLINE na \u0160PORT.sk &gt;&gt;<\/a><\/p>\n<p>Stretnutie od\u0161tartovalo pod\u013ea papierov\u00fdch predpokladov a hostia z Madridu si okam\u017eite vypracovali \u00fazemn\u00fa prevahu zalo\u017een\u00fa na trpezlivej kombin\u00e1cii v strede po\u013ea. Dom\u00e1ca obrana musela by\u0165 od \u00favodu v strehu, pri\u010dom prv\u00fdkr\u00e1t v\u00e1\u017enej\u0161ie zahrozil hos\u0165uj\u00faci Vin\u00edcius J\u00fanior, ktor\u00e9ho jedovat\u00fd pokus z \u00f4smej min\u00faty len o milimetre minul \u013eav\u00fa \u017er\u010f. Rovnak\u00fd hr\u00e1\u010d mal po necelej \u0161tvr\u0165hodine hry na kopa\u010dke otv\u00e1rac\u00ed g\u00f3l, no po dravom prieniku do \u0161estn\u00e1stky ope\u010diatkoval iba kon\u0161trukciu br\u00e1nky. Real Betis sa spoliehal predov\u0161etk\u00fdm na r\u00fdchle proti\u00fatoky a strely zo strednej vzdialenosti. S\u013eubne vyzeral najm\u00e4 plachtiaci pokus Antonyho a zakon\u010denie Cucha Hern\u00e1ndeza, no brank\u00e1r Courtois nemusel rie\u0161i\u0165 zlo\u017eitej\u0161ie situ\u00e1cie. S bl\u00ed\u017eiacim sa z\u00e1verom prv\u00e9ho dejstva ofenz\u00edvny tlak host\u00ed gradoval. Obrovsk\u00fa tutovku najsk\u00f4r sp\u00e1lil Kylian Mbapp\u00e9, ktor\u00e9ho dva pokusy po ide\u00e1lnej prihr\u00e1vke od Vin\u00edciusa obetavo zablokovali obranca Natan a striedaj\u00faci Marc Bartra, ktor\u00fd na ihrisku po polhodine hry nahradil zranen\u00e9ho Diega Llorenteho. V samom z\u00e1vere \u00favodnej \u0161tyridsa\u0165p\u00e4\u0165min\u00fatovky \u010daroval dom\u00e1ci brank\u00e1r \u00c1lvaro Valles. Ten najsk\u00f4r n\u00e1dhernou robinson\u00e1dou zne\u0161kodnil hlavi\u010dku Juda Bellinghama po rohovom kope a vz\u00e1p\u00e4t\u00ed kon\u010dekmi prstov vytiahol spopod brvna aj nebezpe\u010dn\u00e9 zakon\u010denie Deana Huijsena.<\/p>\n<p>Po zmene str\u00e1n pokra\u010doval taktick\u00fd boj, v ktorom spo\u010diatku diktoval tempo hry na\u010falej favorizovan\u00fd madridsk\u00fd celok. Do fin\u00e1lnej f\u00e1zy sa op\u00e4\u0165 dostal akt\u00edvny Mbapp\u00e9, no jeho streleck\u00fd pokus najsk\u00f4r mieril nepresne a nesk\u00f4r vo vylo\u017eenej \u0161anci stroskotal na pohotovom a dobre postavenom Vallesovi. Na tr\u00e1vniku postupne prib\u00fadalo nervozity a ostr\u00fdch z\u00e1krokov. Hlavn\u00fd rozhodca Alejandro Hern\u00e1ndez musel hru viackr\u00e1t k\u00faskova\u0165, \u010do vy\u00fastilo do \u017elt\u00fdch kariet pre Eduarda Camavingu, Ibrahima Konat\u00e9ho a dokonca potrestal aj lavi\u010dku host\u00ed, ke\u010f udelil kartu za v\u00e1\u0161niv\u00e9 protesty Jos\u00e9ho Mourinha. Obaja tr\u00e9neri sa sna\u017eili o\u017eivi\u0165 hern\u00fd prejav s\u00e9riou striedan\u00ed. K\u00fdm hostia poslali na tr\u00e1vnik Bernarda Silvu \u010di Trenta Alexandra-Arnolda, dom\u00e1ci kormideln\u00edk poslal na p\u013eac \u00c1lvara Fidalga a Troya Parrotta. Tento \u0165ah sa uk\u00e1zal ako majstrovsk\u00fd. Betis v z\u00e1vere\u010dnej dvadsa\u0165min\u00fatovke prevzal iniciat\u00edvu, za\u010dal viac dr\u017ea\u0165 loptu na svojich kopa\u010dk\u00e1ch a trpezlivo si pripravoval priestor na \u00fader. Zlomov\u00fd moment pri\u0161iel v 81. min\u00fate, kedy pr\u00e1ve striedaj\u00faci Troy Parrott presn\u00fdm z\u00e1sahom \u0161okoval hviezdnu defenz\u00edvu host\u00ed a poslal dom\u00e1cich do vedenia. V 87. min\u00fate sa podarilo Realu Madrid sk\u00f3rova\u0165, av\u0161ak g\u00f3l Carlosa Espiho neplatil pre ofsajd. V 90.+4. min\u00fate mal Kylian Mbapp\u00e9 jedine\u010dn\u00fa mo\u017enos\u0165 vyrovna\u0165, no nariaden\u00fa penaltu zahodil. Real Betis si pred viac ako 60-tis\u00edc div\u00e1kmi postr\u00e1\u017eil senza\u010dn\u00e9 v\u00ed\u0165azstvo.<\/p>\n","protected":false},"excerpt":{"rendered":"Futbalisti Realu Betis triumfovali v 4. kole La Ligy na dom\u00e1com ihrisku proti Realu Madrid 1:0. O jedin\u00fd&hellip;\n","protected":false},"author":2,"featured_media":170864,"comment_status":"","ping_status":"","sticky":false,"template":"","format":"standard","meta":{"footnotes":"","_share_on_mastodon":"0"},"categories":[13],"tags":[5470,14002,2317,43,40,39,42,41,69,68],"class_list":["post-170863","post","type-post","status-publish","format-standard","has-post-thumbnail","category-sport","tag-laliga","tag-real-betis","tag-real-madrid-cf","tag-sk","tag-slovak","tag-slovakia","tag-slovencina","tag-slovensko","tag-sport","tag-sports"],"share_on_mastodon":{"url":"https:\/\/pubeurope.com\/@sk\/117215236378067485","error":""},"_links":{"self":[{"href":"https:\/\/www.europesays.com\/sk\/wp-json\/wp\/v2\/posts\/170863","targetHints":{"allow":["GET"]}}],"collection":[{"href":"https:\/\/www.europesays.com\/sk\/wp-json\/wp\/v2\/posts"}],"about":[{"href":"https:\/\/www.europesays.com\/sk\/wp-json\/wp\/v2\/types\/post"}],"author":[{"embeddable":true,"href":"https:\/\/www.europesays.com\/sk\/wp-json\/wp\/v2\/users\/2"}],"replies":[{"embeddable":true,"href":"https:\/\/www.europesays.com\/sk\/wp-json\/wp\/v2\/comments?post=170863"}],"version-history":[{"count":0,"href":"https:\/\/www.europesays.com\/sk\/wp-json\/wp\/v2\/posts\/170863\/revisions"}],"wp:featuredmedia":[{"embeddable":true,"href":"https:\/\/www.europesays.com\/sk\/wp-json\/wp\/v2\/media\/170864"}],"wp:attachment":[{"href":"https:\/\/www.europesays.com\/sk\/wp-json\/wp\/v2\/media?parent=170863"}],"wp:term":[{"taxonomy":"category","embeddable":true,"href":"https:\/\/www.europesays.com\/sk\/wp-json\/wp\/v2\/categories?post=170863"},{"taxonomy":"post_tag","embeddable":true,"href":"https:\/\/www.europesays.com\/sk\/wp-json\/wp\/v2\/tags?post=170863"}],"curies":[{"name":"wp","href":"https:\/\/api.w.org\/{rel}","templated":true}]}}