{"id":170867,"date":"2026-09-04T23:07:23","date_gmt":"2026-09-04T23:07:23","guid":{"rendered":"https:\/\/www.europesays.com\/sk\/170867\/"},"modified":"2026-09-04T23:07:23","modified_gmt":"2026-09-04T23:07:23","slug":"ake-auto-mate-doma-znacka-a-farba-prezradia-aky-ste-2","status":"publish","type":"post","link":"https:\/\/www.europesays.com\/sk\/170867\/","title":{"rendered":"Ak\u00e9 auto m\u00e1te doma? Zna\u010dka a farba prezradia, ak\u00fd ste"},"content":{"rendered":"<p>Mercedes-Benz<\/p>\n<p class=\"ParagraphBlock_paragraph__hJWYe\">Poh\u013ead na trojc\u00edpu hviezdu zna\u010dky Mercedes-Benz na kapote prezr\u00e1dza \u0161of\u00e9ra, ktor\u00fd dosiahol \u017eivotn\u00fa zrelos\u0165, m\u00e1 r\u00e1d vysok\u00fd komfort a potrp\u00ed si na zasl\u00fa\u017een\u00fd \u00faspech. Ak v\u00e1\u0161 Mercedes \u017eiari v tradi\u010dnej striebornej alebo \u010diernej farbe, zosob\u0148ujete nad\u010dasov\u00fa eleganciu, sebavedom\u00fa v\u00e1\u017enos\u0165, diplomatick\u00e9 spr\u00e1vanie a t\u00fa\u017ebu po nekompromisnom pohodl\u00ed na dlh\u00fdch cest\u00e1ch. Biela farba na tejto zna\u010dke zas nazna\u010duje v\u00e1\u0161 zmysel pre prest\u00ed\u017e, otvorenos\u0165, vizion\u00e1rske my\u0161lienky a chu\u0165 u\u017e\u00edva\u0165 si plodov svojej tvrdej pr\u00e1ce v plnom rozsahu. Ako majite\u013e tohto automobilu si cen\u00edte pokoj v kab\u00edne, \u0161pi\u010dkov\u00e9 odhlu\u010dnenie a pocit nadh\u013eadu, ktor\u00fd v\u00e1m umo\u017e\u0148uje prepl\u00e1va\u0165 hustou prem\u00e1vkou bez zbyto\u010dn\u00e9ho stresu. V pracovnom \u017eivote \u010dasto zauj\u00edmate ved\u00face poz\u00edcie, kde sa vy\u017eaduje rozvaha, strategick\u00e9 myslenie a schopnos\u0165 vies\u0165 druh\u00fdch s prirodzen\u00fdm re\u0161pektom.<\/p>\n<p><a href=\"https:\/\/eva.pluska.sk\/gal\/lifestyle\/ake-auto-mate-doma-znacka-a-farba-prezradia-aky-v-skutocnosti-ste-toto-ste-o-sebe-netusili\/1?itm_modul=in_article_single_photo&amp;itm_brand=eva&amp;itm_template=article&amp;itm_area=current_article_gallery&amp;itm_cb_position=1\" id=\"imageBlock-7\" class=\"ImageBlock_figure___uBP3\" style=\"max-width:640px\" rel=\"nofollow noopener\" target=\"_blank\"><img decoding=\"async\" src=\"https:\/\/www.europesays.com\/sk\/wp-content\/uploads\/2026\/09\/a099d6b9-2eb5-45f2-aa76-b88bbc793617.webp\"  alt=\"Ak\u00e9 auto m\u00e1te doma? Zna\u010dka a farba prezradia, ak\u00fd v skuto\u010dnosti ste \u2013 toto ste o sebe netu\u0161ili\" class=\"image_image__WAVaT\" loading=\"eager\"\/><\/a><\/p>\n<p class=\"image-block-caption\">Ak\u00e9 auto m\u00e1te doma? Zna\u010dka a farba prezradia, ak\u00fd v skuto\u010dnosti ste \u2013 toto ste o sebe netu\u0161ili<\/p>\n<p class=\"ParagraphBlock_paragraph__hJWYe\">Niekedy v\u0161ak m\u00f4\u017eete na okolie p\u00f4sobi\u0165 nepriechodne, pr\u00edli\u0161 sebavedome alebo vzdialene od probl\u00e9mov be\u017en\u00fdch \u013eud\u00ed, \u010do vytv\u00e1ra ne\u017eiad\u00facu bari\u00e9ru. Va\u0161ou k\u013e\u00fa\u010dovou praktickou radou je vedome pestova\u0165 pokoru, pr\u00edstupnos\u0165 a akt\u00edvne na\u010d\u00fava\u0165 n\u00e1zorom \u013eud\u00ed zo v\u0161etk\u00fdch spolo\u010densk\u00fdch vrstiev. Uk\u00e1\u017ete svojmu okoliu, \u017ee pod povrchom \u00faspe\u0161n\u00e9ho a zabezpe\u010den\u00e9ho \u010dloveka sa skr\u00fdva empatick\u00e1 osobnos\u0165 s otvoren\u00fdm srdcom. Pri prev\u00e1dzke v\u00e1\u0161ho vozidla nezab\u00fadajte na poctiv\u00fd \u00fadr\u017ebov\u00fd servis vzduchov\u00e9ho podvozku a \u0161pi\u010dkovej elektroniky, preto\u017ee len stopercentn\u00fd stav techniky v\u00e1m zaru\u010d\u00ed ten prav\u00fd, neru\u0161en\u00fd komfort, pre ktor\u00fd ste si t\u00fato zna\u010dku vybrali.<\/p>\n","protected":false},"excerpt":{"rendered":"Mercedes-Benz Poh\u013ead na trojc\u00edpu hviezdu zna\u010dky Mercedes-Benz na kapote prezr\u00e1dza \u0161of\u00e9ra, ktor\u00fd dosiahol \u017eivotn\u00fa zrelos\u0165, m\u00e1 r\u00e1d vysok\u00fd&hellip;\n","protected":false},"author":2,"featured_media":170868,"comment_status":"","ping_status":"","sticky":false,"template":"","format":"standard","meta":{"footnotes":"","_share_on_mastodon":"0"},"categories":[15],"tags":[70,43,40,39,42,41,71],"class_list":["post-170867","post","type-post","status-publish","format-standard","has-post-thumbnail","category-zabava","tag-entertainment","tag-sk","tag-slovak","tag-slovakia","tag-slovencina","tag-slovensko","tag-zabava"],"share_on_mastodon":{"url":"https:\/\/pubeurope.com\/@sk\/117215287738844358","error":""},"_links":{"self":[{"href":"https:\/\/www.europesays.com\/sk\/wp-json\/wp\/v2\/posts\/170867","targetHints":{"allow":["GET"]}}],"collection":[{"href":"https:\/\/www.europesays.com\/sk\/wp-json\/wp\/v2\/posts"}],"about":[{"href":"https:\/\/www.europesays.com\/sk\/wp-json\/wp\/v2\/types\/post"}],"author":[{"embeddable":true,"href":"https:\/\/www.europesays.com\/sk\/wp-json\/wp\/v2\/users\/2"}],"replies":[{"embeddable":true,"href":"https:\/\/www.europesays.com\/sk\/wp-json\/wp\/v2\/comments?post=170867"}],"version-history":[{"count":0,"href":"https:\/\/www.europesays.com\/sk\/wp-json\/wp\/v2\/posts\/170867\/revisions"}],"wp:featuredmedia":[{"embeddable":true,"href":"https:\/\/www.europesays.com\/sk\/wp-json\/wp\/v2\/media\/170868"}],"wp:attachment":[{"href":"https:\/\/www.europesays.com\/sk\/wp-json\/wp\/v2\/media?parent=170867"}],"wp:term":[{"taxonomy":"category","embeddable":true,"href":"https:\/\/www.europesays.com\/sk\/wp-json\/wp\/v2\/categories?post=170867"},{"taxonomy":"post_tag","embeddable":true,"href":"https:\/\/www.europesays.com\/sk\/wp-json\/wp\/v2\/tags?post=170867"}],"curies":[{"name":"wp","href":"https:\/\/api.w.org\/{rel}","templated":true}]}}