{"id":170873,"date":"2026-09-04T23:22:06","date_gmt":"2026-09-04T23:22:06","guid":{"rendered":"https:\/\/www.europesays.com\/sk\/170873\/"},"modified":"2026-09-04T23:22:06","modified_gmt":"2026-09-04T23:22:06","slug":"chance-liga-david-krcik-prestupil-z-plzne-do-pardubic","status":"publish","type":"post","link":"https:\/\/www.europesays.com\/sk\/170873\/","title":{"rendered":"Chance liga: D\u00e1vid Kr\u010d\u00edk prest\u00fapil z Plzne do Pardub\u00edc"},"content":{"rendered":"<p>Futbalista D\u00e1vid Kr\u010d\u00edk prest\u00fapil z Plzne do Pardub\u00edc. Dvadsa\u0165sedemro\u010dn\u00fd stredn\u00fd obranca, ktor\u00fd je s\u00fa\u010das\u0165ou k\u00e1dra slovenskej reprezent\u00e1cie, v piatok podp\u00edsal v novom p\u00f4sobisku zmluvu na \u0161tyri roky. <\/p>\n<p>V\u00fdchodo\u010desk\u00fd klub o tom informoval na svojej webovej str\u00e1nke. Kr\u010d\u00edka si v zime priviedol z Karvinej dnes u\u017e b\u00fdval\u00fd tr\u00e9ner Viktorie Martin Hysk\u00fd, ktor\u00e9ho vedenie plzensk\u00e9ho klubu v auguste odvolalo pre zl\u00fd vstup do sez\u00f3ny. <\/p>\n<p>Nov\u00fd kou\u010d Radoslav Kov\u00e1\u010d nasadil slovensk\u00e9ho obrancu ako striedaj\u00faceho hr\u00e1\u010da do pred\u013a\u017eenia odvetn\u00e9ho z\u00e1pasu 4. predkola proti Crvenej zvezde Belehrad a stop\u00e9r rozhodol dvojz\u00e1pas g\u00f3lom na 5:1.<\/p>\n<p>V dom\u00e1cej s\u00fa\u0165a\u017ei Kr\u010d\u00edk od vyl\u00fa\u010denia v tre\u0165om kole v Tepliciach a n\u00e1sledn\u00e9ho disciplin\u00e1rneho trestu nenast\u00fapil. <\/p>\n<p>Po pr\u00edchode Kov\u00e1\u010da a nieko\u013ek\u00fdch nov\u00fdch pos\u00edl do obrany by slovensk\u00fd reprezentant zrejme pri\u0161iel o miesto v z\u00e1kladnej zostave, preto na z\u00e1pade \u010ciech pred\u010dasne kon\u010d\u00ed jeho p\u00f4sobenie.<\/p>\n<p>Na jar pritom patril k opor\u00e1m t\u00edmu. V minulej ligovej sez\u00f3ne strelil 12 g\u00f3lov a bol jednozna\u010dne najprodukt\u00edvnej\u0161\u00edm obrancom celej s\u00fa\u0165a\u017ee. Za slovensk\u00fa seniorsk\u00fa reprezent\u00e1ciu m\u00e1 na konte dva \u0161tarty, oba v tomto roku.<\/p>\n<p>\u201eD\u00e1vid mal v\u017edy v\u00fdborn\u00fd pr\u00edstup a spr\u00e1val sa ako profesion\u00e1l. Napr\u00edklad jeho posledn\u00fd g\u00f3l proti Crvenej zvezde bol nezabudnute\u013en\u00fd. <\/p>\n<p>Aktu\u00e1lne by pod nov\u00fdm tr\u00e9nerom nedost\u00e1val to\u013eko pr\u00edle\u017eitost\u00ed, ko\u013eko by si s\u00e1m predstavoval. Po vz\u00e1jomnej dohode sa teda na\u0161e cesty rozch\u00e1dzaj\u00fa,\u201c uviedol \u0161portov\u00fd riadite\u013e Viktorie Martin Voz\u00e1bal.<\/p>\n<p>\u201ePocity s\u00fa vynikaj\u00face. Som ve\u013emi v\u010fa\u010dn\u00fd Pardubiciam, \u017ee o m\u0148a prejavili tak\u00fd obrovsk\u00fd z\u00e1ujem. C\u00edtim z nich ve\u013ek\u00fa d\u00f4veru a chcem sa im za \u0148u odv\u010fa\u010di\u0165 na ihrisku. <\/p>\n<p>Viem d\u00e1va\u0165 g\u00f3ly, \u010do som potvrdil aj v minulej sez\u00f3ne. Pevne teda ver\u00edm, \u017ee t\u00fdmito g\u00f3lmi pom\u00f4\u017eem aj Pardubiciam,\u201c povedal Kr\u010d\u00edk.<\/p>\n","protected":false},"excerpt":{"rendered":"Futbalista D\u00e1vid Kr\u010d\u00edk prest\u00fapil z Plzne do Pardub\u00edc. Dvadsa\u0165sedemro\u010dn\u00fd stredn\u00fd obranca, ktor\u00fd je s\u00fa\u010das\u0165ou k\u00e1dra slovenskej reprezent\u00e1cie, v&hellip;\n","protected":false},"author":2,"featured_media":170874,"comment_status":"","ping_status":"","sticky":false,"template":"","format":"standard","meta":{"footnotes":"","_share_on_mastodon":"0"},"categories":[13],"tags":[43,40,39,42,41,69,68],"class_list":["post-170873","post","type-post","status-publish","format-standard","has-post-thumbnail","category-sport","tag-sk","tag-slovak","tag-slovakia","tag-slovencina","tag-slovensko","tag-sport","tag-sports"],"share_on_mastodon":{"url":"https:\/\/pubeurope.com\/@sk\/117215346466013507","error":""},"_links":{"self":[{"href":"https:\/\/www.europesays.com\/sk\/wp-json\/wp\/v2\/posts\/170873","targetHints":{"allow":["GET"]}}],"collection":[{"href":"https:\/\/www.europesays.com\/sk\/wp-json\/wp\/v2\/posts"}],"about":[{"href":"https:\/\/www.europesays.com\/sk\/wp-json\/wp\/v2\/types\/post"}],"author":[{"embeddable":true,"href":"https:\/\/www.europesays.com\/sk\/wp-json\/wp\/v2\/users\/2"}],"replies":[{"embeddable":true,"href":"https:\/\/www.europesays.com\/sk\/wp-json\/wp\/v2\/comments?post=170873"}],"version-history":[{"count":0,"href":"https:\/\/www.europesays.com\/sk\/wp-json\/wp\/v2\/posts\/170873\/revisions"}],"wp:featuredmedia":[{"embeddable":true,"href":"https:\/\/www.europesays.com\/sk\/wp-json\/wp\/v2\/media\/170874"}],"wp:attachment":[{"href":"https:\/\/www.europesays.com\/sk\/wp-json\/wp\/v2\/media?parent=170873"}],"wp:term":[{"taxonomy":"category","embeddable":true,"href":"https:\/\/www.europesays.com\/sk\/wp-json\/wp\/v2\/categories?post=170873"},{"taxonomy":"post_tag","embeddable":true,"href":"https:\/\/www.europesays.com\/sk\/wp-json\/wp\/v2\/tags?post=170873"}],"curies":[{"name":"wp","href":"https:\/\/api.w.org\/{rel}","templated":true}]}}