{"id":170875,"date":"2026-09-04T23:44:11","date_gmt":"2026-09-04T23:44:11","guid":{"rendered":"https:\/\/www.europesays.com\/sk\/170875\/"},"modified":"2026-09-04T23:44:11","modified_gmt":"2026-09-04T23:44:11","slug":"lela-odmietla-jazdit-elektrickou-zadovazila-si-luxusne-auto-vemola-si-ju-podal-jedinou-vetou-sport24-sk","status":"publish","type":"post","link":"https:\/\/www.europesays.com\/sk\/170875\/","title":{"rendered":"Lela odmietla jazdi\u0165 elektri\u010dkou, zadov\u00e1\u017eila si luxusn\u00e9 auto. V\u00e9mola si ju podal jedinou vetou &#8211; \u0160port24.sk"},"content":{"rendered":"<p><a href=\"https:\/\/news.google.com\/rss\/articles\/CBMiwgJBVV95cUxON2JiY2hzLVdjVjA0Wjd2ZGlsbDNBY1RJYmxXOFlrQzc2S3hXVEVNbnd5OGNYbVNBb0ZDTmFHR05XRHYyeExUVk5VRTNtRGRSRkxSRU1FM0ItUWRGdXI5NHpSazdjSURjczlhdWJ2RkdJX3pWeHlHZ0tlQ1J4ZkpVX1ZDU1VMRVZ3Ym5Ccko4d3NQN2NoNEp4MWZWOUdYT0ZFblR6SWVxc3Mxd0MzckdWQk1NRW1zcExFRFJod2JBaWNDMkppa0kwUE9MNEhLbUt1VkJEb3lpZzNWQjNKV3REbVhSR2JtVWJSUWc1TnFTRlFjT0k0N1I0aS0teTVTV0xSUGU2Z3JuQ2RHeDZnMHBmdTdONEY5aDU1N0xKTUlOSFQzcTRfWXd0Rlo3a1pYM29pQVMxUDhLaVJwdGtUbFVOYzh3?oc=5\" target=\"_blank\" rel=\"nofollow noopener\">Lela odmietla jazdi\u0165 elektri\u010dkou, zadov\u00e1\u017eila si luxusn\u00e9 auto. V\u00e9mola si ju podal jedinou vetou<\/a>&nbsp;&nbsp;\u0160port24.sk<a href=\"https:\/\/news.google.com\/rss\/articles\/CBMiwgFBVV95cUxPcmdVR0t2Mk11T09SdmlJUE81UjRfc1NLckVjeFNIT3BvS0Y5OW1aSlRsYVhLeEZWTFJadTN3OUtSTVpnb3o0NDdWaHhmNWt2T2xHZ1NZMGhGcklOTHBSNmhUVi1CZ2FlM3I2LWd4WWVpT2dJOHVFZWlhMFE0bVdycElNQ2lKVEk1UVpsVnowR0pfTkVYWlE0bHFpZ0hFekw0Z2NLTHo3YkRFS1RkLXppd2ZuT05Rak5ya3Fzb3ByS0hPUQ?oc=5\" target=\"_blank\" rel=\"nofollow noopener\">Spor o deti. V\u00e9molu na\u0161tartovala Lelina ponuka: Bu\u010f sa dohodneme, alebo budem bojova\u0165, odkazuje<\/a>&nbsp;&nbsp;\u0160port24.sk<a href=\"https:\/\/news.google.com\/rss\/articles\/CBMiqgFBVV95cUxOQXpkNy0wYWRncGZlYlUyRDBZNjhyOUtFc2lGbW03UjVjNnI2emVXVS1OdERPc2hoa09aMUVfMF9tZEtGbjlKb2VwQzVaYUNpM2FYc2JPcHJyYk00UEJJQzZfS0o4cEtUbmdtZDVRcVE0eko3U296UHV2MENaSWlyQVJZZk8wbE5jN29ReFFqX1dSZ3VycDJVWG9pQmhkMV9PeEVRcEdndEU0UQ?oc=5\" target=\"_blank\" rel=\"nofollow noopener\">Lela si na\u0161la n\u00e1hradu! Reakcia Karlosa V\u00e9molu v\u00e1s dostane: Ostr\u00fd odkaz<\/a>&nbsp;&nbsp;\u0160portov\u00fd \u010cas<a href=\"https:\/\/news.google.com\/rss\/articles\/CBMiogFBVV95cUxPRUFMdW81MFduVTJqM09pdFhLcXEwVkxNMjNObjUtUFB1Y05BNUlERkNpQzl5bWR1YXkxT2FYNWY2NFNPT1FpUzRpMXhmdTVxZnF5bDB3QTFoS3NNSjlaaC0wSG8zRnhWLWlrNzlzaTNObkY0SFh5dDMzUnZVY2tlUlkxR2g3Q3JzdlhzV1FzZnJ2Tzg2Q3ROWnNsTkhSU1NmeGc?oc=5\" target=\"_blank\" rel=\"nofollow noopener\">Veci, ktor\u00e9 pred\u00e1vala Lela V\u00e9mola po\u010das baz\u00e1ru v Prahe<\/a>&nbsp;&nbsp;Pravda<a href=\"https:\/\/news.google.com\/rss\/articles\/CBMi0wFBVV95cUxPbVlWR1lLQW50LVd4d2ZxZ0pneGxsMW41eDJISkFsTmIxLTRSZ1NhYU1TSjlsRGJwY0FZd1RTTkN1czFRc2ZXVVQxdDRwNG1WZTRnMHZKRU5UMmsySUV1NkhoQnFqNjJUNVBLLXlBVEFFYzZkaDJjelQyU0RRNHhMSUM3SlI4Q0RBdDFUNy1fZG5CWGRETm40cEtFVXVhbzJjeWNWNFRDT2NaUmROTkktU1pWTDR5aTJJN1JnV2hfbmFkQ1ltWE5FTjg0MDRXRThnSjYw?oc=5\" target=\"_blank\" rel=\"nofollow noopener\">Takto vyzeral V\u00ddPREDAJ \u0161atn\u00edka Lely V\u00e9moly v pra\u017eskej kaviarni: Tieto k\u00fasky i\u0161li na dra\u010dku<\/a>&nbsp;&nbsp;Svetevity.sk<\/p>\n","protected":false},"excerpt":{"rendered":"Lela odmietla jazdi\u0165 elektri\u010dkou, zadov\u00e1\u017eila si luxusn\u00e9 auto. V\u00e9mola si ju podal jedinou vetou&nbsp;&nbsp;\u0160port24.skSpor o deti. V\u00e9molu na\u0161tartovala&hellip;\n","protected":false},"author":2,"featured_media":170876,"comment_status":"","ping_status":"","sticky":false,"template":"","format":"standard","meta":{"footnotes":"","_share_on_mastodon":"0"},"categories":[20],"tags":[127,126,70,128,43,129,40,39,42,41,71],"class_list":["post-170875","post","type-post","status-publish","format-standard","has-post-thumbnail","category-slavne-osobnosti","tag-celebrities","tag-celebrity","tag-entertainment","tag-famous-people","tag-sk","tag-slavne-osobnosti","tag-slovak","tag-slovakia","tag-slovencina","tag-slovensko","tag-zabava"],"share_on_mastodon":{"url":"https:\/\/pubeurope.com\/@sk\/117215432720714731","error":""},"_links":{"self":[{"href":"https:\/\/www.europesays.com\/sk\/wp-json\/wp\/v2\/posts\/170875","targetHints":{"allow":["GET"]}}],"collection":[{"href":"https:\/\/www.europesays.com\/sk\/wp-json\/wp\/v2\/posts"}],"about":[{"href":"https:\/\/www.europesays.com\/sk\/wp-json\/wp\/v2\/types\/post"}],"author":[{"embeddable":true,"href":"https:\/\/www.europesays.com\/sk\/wp-json\/wp\/v2\/users\/2"}],"replies":[{"embeddable":true,"href":"https:\/\/www.europesays.com\/sk\/wp-json\/wp\/v2\/comments?post=170875"}],"version-history":[{"count":0,"href":"https:\/\/www.europesays.com\/sk\/wp-json\/wp\/v2\/posts\/170875\/revisions"}],"wp:featuredmedia":[{"embeddable":true,"href":"https:\/\/www.europesays.com\/sk\/wp-json\/wp\/v2\/media\/170876"}],"wp:attachment":[{"href":"https:\/\/www.europesays.com\/sk\/wp-json\/wp\/v2\/media?parent=170875"}],"wp:term":[{"taxonomy":"category","embeddable":true,"href":"https:\/\/www.europesays.com\/sk\/wp-json\/wp\/v2\/categories?post=170875"},{"taxonomy":"post_tag","embeddable":true,"href":"https:\/\/www.europesays.com\/sk\/wp-json\/wp\/v2\/tags?post=170875"}],"curies":[{"name":"wp","href":"https:\/\/api.w.org\/{rel}","templated":true}]}}