{"id":170877,"date":"2026-09-05T00:04:13","date_gmt":"2026-09-05T00:04:13","guid":{"rendered":"https:\/\/www.europesays.com\/sk\/170877\/"},"modified":"2026-09-05T00:04:13","modified_gmt":"2026-09-05T00:04:13","slug":"video-famozna-premiera-mladeho-slovaka-vo-finsku-zaziaril-dvoma-golmi-europske-sutaze-hokej-sportweb","status":"publish","type":"post","link":"https:\/\/www.europesays.com\/sk\/170877\/","title":{"rendered":"VIDEO: Fam\u00f3zna premi\u00e9ra mlad\u00e9ho Slov\u00e1ka, vo F\u00ednsku za\u017eiaril dvoma g\u00f3lmi &#8211; Eur\u00f3pske s\u00fa\u0165a\u017ee &#8211; Hokej &#8211; \u0160portweb"},"content":{"rendered":"<p>V piatkovom z\u00e1pase 1. kola prispel dvoma g\u00f3lmi k v\u00ed\u0165azstvu Pelicans Lahti nad Vaasan Sport 7:1.<\/p>\n<p>Myklucha nast\u00fapil ako center tretieho \u00fatoku.<\/p>\n<p>Do streleckej listiny sa prv\u00fdkr\u00e1t zap\u00edsal v 8. min\u00fate, v polovici prvej tretiny zv\u00fd\u0161il na priebe\u017en\u00fdch 3:0.<\/p>\n<p>Slovensk\u00fd \u00fato\u010dn\u00edk nadviazal vydaren\u00fdm debutom na \u00faspe\u0161n\u00fd z\u00e1ver pr\u00edpravy, ke\u010f v gener\u00e1lke na nov\u00fa sez\u00f3nu zaznamenal \u0161tyri asistencie.<\/p>\n<p><a href=\"https:\/\/debata.pravda.sk\/debata\/2036085-video-famozna-premiera-mladeho-slovaka-vo-finsku-zaziaril-dvoma-golmi\/\" class=\"detail_text_socials_item debata debata-count-decorator\" rel=\"nofollow noopener\" target=\"_blank\"><\/p>\n<p>debata<\/p>\n<p><\/a><\/p>\n<p><a href=\"https:\/\/www.pravda.sk\/mreporter\" class=\"detail_text_socials_item hide\" id=\"mreporter-button\" rel=\"nofollow noopener\" target=\"_blank\"><\/p>\n<p>mReport\u00e9r<\/p>\n<p><\/a><\/p>\n<p><img decoding=\"async\" src=\"https:\/\/ipravda.sk\/res\/www\/sorry.svg\" alt=\"\u013dutujeme\" height=\"75\"\/><\/p>\n<p>V\u00e1\u017een\u00ed \u010ditatelia, pod t\u00fdmto \u010dl\u00e1nkom sme neumo\u017enili diskusiu<\/p>\n<p>\nObsah \u010dl\u00e1nku a sk\u00fasenosti s administr\u00e1ciou deb\u00e1t n\u00e1m d\u00e1vaj\u00fa predpoklad, \u017ee aj na tomto mieste by prib\u00fadali<br \/>\npreva\u017ene pr\u00edspevky, ktor\u00e9 by boli v rozpore s pravidlami debaty aj dobr\u00fdmi mravmi.\n<\/p>\n<p>\n\u010eakujeme za pochopenie a te\u0161\u00edme sa na slu\u0161n\u00e9 debaty pod in\u00fdmi \u010dl\u00e1nkami.\n<\/p>\n<p>Rozumiem<\/p>\n","protected":false},"excerpt":{"rendered":"V piatkovom z\u00e1pase 1. kola prispel dvoma g\u00f3lmi k v\u00ed\u0165azstvu Pelicans Lahti nad Vaasan Sport 7:1. Myklucha nast\u00fapil&hellip;\n","protected":false},"author":2,"featured_media":170878,"comment_status":"","ping_status":"","sticky":false,"template":"","format":"standard","meta":{"footnotes":"","_share_on_mastodon":"0"},"categories":[13],"tags":[43,40,39,42,41,69,68],"class_list":["post-170877","post","type-post","status-publish","format-standard","has-post-thumbnail","category-sport","tag-sk","tag-slovak","tag-slovakia","tag-slovencina","tag-slovensko","tag-sport","tag-sports"],"share_on_mastodon":{"url":"https:\/\/pubeurope.com\/@sk\/117215511585565200","error":""},"_links":{"self":[{"href":"https:\/\/www.europesays.com\/sk\/wp-json\/wp\/v2\/posts\/170877","targetHints":{"allow":["GET"]}}],"collection":[{"href":"https:\/\/www.europesays.com\/sk\/wp-json\/wp\/v2\/posts"}],"about":[{"href":"https:\/\/www.europesays.com\/sk\/wp-json\/wp\/v2\/types\/post"}],"author":[{"embeddable":true,"href":"https:\/\/www.europesays.com\/sk\/wp-json\/wp\/v2\/users\/2"}],"replies":[{"embeddable":true,"href":"https:\/\/www.europesays.com\/sk\/wp-json\/wp\/v2\/comments?post=170877"}],"version-history":[{"count":0,"href":"https:\/\/www.europesays.com\/sk\/wp-json\/wp\/v2\/posts\/170877\/revisions"}],"wp:featuredmedia":[{"embeddable":true,"href":"https:\/\/www.europesays.com\/sk\/wp-json\/wp\/v2\/media\/170878"}],"wp:attachment":[{"href":"https:\/\/www.europesays.com\/sk\/wp-json\/wp\/v2\/media?parent=170877"}],"wp:term":[{"taxonomy":"category","embeddable":true,"href":"https:\/\/www.europesays.com\/sk\/wp-json\/wp\/v2\/categories?post=170877"},{"taxonomy":"post_tag","embeddable":true,"href":"https:\/\/www.europesays.com\/sk\/wp-json\/wp\/v2\/tags?post=170877"}],"curies":[{"name":"wp","href":"https:\/\/api.w.org\/{rel}","templated":true}]}}