{"id":170881,"date":"2026-09-05T00:32:16","date_gmt":"2026-09-05T00:32:16","guid":{"rendered":"https:\/\/www.europesays.com\/sk\/170881\/"},"modified":"2026-09-05T00:32:16","modified_gmt":"2026-09-05T00:32:16","slug":"ralf-schumacher-sa-po-nehode-v-televiznej-sou-hneva-na-moderatorku-naozaj-to-prehnala","status":"publish","type":"post","link":"https:\/\/www.europesays.com\/sk\/170881\/","title":{"rendered":"Ralf Schumacher sa po nehode v telev\u00edznej \u0161ou hnev\u00e1 na moder\u00e1torku: Naozaj to prehnala"},"content":{"rendered":"<p>B\u00fdval\u00fd pilot Formuly 1 ostro skritizoval moder\u00e1torku programu, v ktorom minul\u00fd v\u00edkend utrpel v\u00e1\u017ene zranenie ramena. Ralf Schumacher musel v pondelok podst\u00fapi\u0165 oper\u00e1ciu, najviac ho v\u0161ak nahnevala reakcia Laury Wontorrovej po\u010das ich vz\u00e1jomn\u00e9ho rozhovoru bezprostredne po nehode.<\/p>\n<p>Brat legend\u00e1rneho pretek\u00e1ra Michaela Schumachera sa z\u00fa\u010dastnil na telev\u00edznej \u0161ou s n\u00e1zvom Jetski Star World Championship, v ktorej zn\u00e1mi hostia s\u00fa\u0165a\u017eia proti sebe v individu\u00e1lnych a t\u00edmov\u00fdch pretekoch na vodn\u00fdch sk\u00fatroch.<\/p>\n<p><a class=\"news-item-image\" target=\"_self\" href=\"https:\/\/sport.aktuality.sk\/motosport\/clanok\/ralf-schumacher-nehoda-operacia-vodny-skuter-2026083114214207084\" rel=\"nofollow noopener\"><img alt=\"Po p\u00e1de vedel, \u017ee je zle. Ralf Schumacher mal nehodu po\u010das telev\u00edznej \u0161ou, musel \u00eds\u0165 pod n\u00f4\u017e\" src=\"data:image\/gif;base64,R0lGODlhAQABAIAAAAAAAP\/\/\/yH5BAEAAAAALAAAAAABAAEAAAIBRAA7\" decoding=\"async\" data-nimg=\"responsive\" class=\"side-article\" style=\"position:absolute;top:0;left:0;bottom:0;right:0;box-sizing:border-box;padding:0;border:none;margin:auto;display:block;width:0;height:0;min-width:100%;max-width:100%;min-height:100%;max-height:100%\"\/><img alt=\"Po p\u00e1de vedel, \u017ee je zle. Ralf Schumacher mal nehodu po\u010das telev\u00edznej \u0161ou, musel \u00eds\u0165 pod n\u00f4\u017e\" src=\"https:\/\/www.europesays.com\/sk\/wp-content\/uploads\/2026\/09\/59d70624-e69a-40f9-b8d6-bad0f1225fc0.png\" decoding=\"async\" data-nimg=\"responsive\" style=\"position:absolute;top:0;left:0;bottom:0;right:0;box-sizing:border-box;padding:0;border:none;margin:auto;display:block;width:0;height:0;min-width:100%;max-width:100%;min-height:100%;max-height:100%\" class=\"side-article\" loading=\"lazy\"\/><\/a><\/p>\n<p class=\"news-item-description\">B\u00fdval\u00fd pretek\u00e1r Formuly 1 Ralf Schumacher priamo pred kamerami utrpel nepr\u00edjemn\u00fa nehodu, ktor\u00e1 sa napokon nezaobi\u0161la bez zdravotn\u00fdch komplik\u00e1ci\u00ed. Brat Michaela Schumachera, ktor\u00fd je pova\u017eovan\u00fd za najlep\u0161ieho nemeck\u00e9ho pretek\u00e1ra v\u0161etk\u00fdch \u010dias, sa nevyhne chirurgick\u00e9mu z\u00e1kroku.<\/p>\n<p>Ralf Schumacher narazil do b\u00f3je a spolu so zn\u00e1mou nemeckou telev\u00edznou osobnos\u0165ou Stefanom Raabom spadol do vody. Ke\u010f sa pok\u00fa\u0161al vyliez\u0165, vyk\u013abil si rameno a \u00fadajne sa mu odlomil aj k\u00fasok kosti, kv\u00f4li \u010domu musel v pondelok podst\u00fapi\u0165 chirurgick\u00fd z\u00e1krok.<\/p>\n<p>\u201eToto je u\u017e tretia oper\u00e1cia m\u00f4jho ramena. D\u00fafam, \u017ee sa v\u0161etko r\u00fdchlo zahoj\u00ed. Pravdepodobne potrv\u00e1 \u0161es\u0165 a\u017e osem mesiacov, k\u00fdm bude v\u0161etko op\u00e4\u0165 v poriadku,\u201c uviedol 51-ro\u010dn\u00fd Nemec, ktor\u00fd oper\u00e1ciu zvl\u00e1dol dobre.<\/p>\n<p>Ostr\u00e1 kritika na adresu moder\u00e1torky<\/p>\n<p>\u201eNapriek v\u0161etk\u00e9mu som i\u0161iel na rozhovor, ktor\u00fd sme mali absolvova\u0165. Naozaj to bolelo, cel\u00fd som sa triasol. Ale pozn\u00e1te ma, nie som typ, ktor\u00fd sa s\u0165a\u017euje. Najlep\u0161ie, \u010do jej napadlo, bolo poveda\u0165 pred cel\u00fdm publikom: \u201aNo, v in\u00fdch programoch sa tak\u00e9to veci st\u00e1vaj\u00fa \u010dastej\u0161ie. Jednoducho to rameno vr\u00e1tia na miesto,\u2018\u201d povedal Schumacher v podcaste Sky.<\/p>\n<p>Spr\u00e1vanie moder\u00e1torky Laury Wontorrovej kritizoval aj v rozhovore pre nemeck\u00fd denn\u00edk BILD. \u201eTriasol som sa od bolesti, bolo to naozaj hrozn\u00e9. Nechcel som v\u0161ak pokazi\u0165 \u0161ou. Naozaj to prehnala a bola pr\u00edli\u0161 dotierav\u00e1,\u201d uviedol s\u00fa\u010dasn\u00fd analytik Formuly 1, ktor\u00fd sa tento v\u00edkend aj napriek zraneniu pravdepodobne z\u00fa\u010dastn\u00ed na Ve\u013ekej cene Talianska.<\/p>\n","protected":false},"excerpt":{"rendered":"B\u00fdval\u00fd pilot Formuly 1 ostro skritizoval moder\u00e1torku programu, v ktorom minul\u00fd v\u00edkend utrpel v\u00e1\u017ene zranenie ramena. Ralf Schumacher&hellip;\n","protected":false},"author":2,"featured_media":170882,"comment_status":"","ping_status":"","sticky":false,"template":"","format":"standard","meta":{"footnotes":"","_share_on_mastodon":"0"},"categories":[13],"tags":[5503,4528,43,40,39,42,41,69,68],"class_list":["post-170881","post","type-post","status-publish","format-standard","has-post-thumbnail","category-sport","tag-formula-1","tag-ralf-schumacher","tag-sk","tag-slovak","tag-slovakia","tag-slovencina","tag-slovensko","tag-sport","tag-sports"],"share_on_mastodon":{"url":"https:\/\/pubeurope.com\/@sk\/117215621995819940","error":""},"_links":{"self":[{"href":"https:\/\/www.europesays.com\/sk\/wp-json\/wp\/v2\/posts\/170881","targetHints":{"allow":["GET"]}}],"collection":[{"href":"https:\/\/www.europesays.com\/sk\/wp-json\/wp\/v2\/posts"}],"about":[{"href":"https:\/\/www.europesays.com\/sk\/wp-json\/wp\/v2\/types\/post"}],"author":[{"embeddable":true,"href":"https:\/\/www.europesays.com\/sk\/wp-json\/wp\/v2\/users\/2"}],"replies":[{"embeddable":true,"href":"https:\/\/www.europesays.com\/sk\/wp-json\/wp\/v2\/comments?post=170881"}],"version-history":[{"count":0,"href":"https:\/\/www.europesays.com\/sk\/wp-json\/wp\/v2\/posts\/170881\/revisions"}],"wp:featuredmedia":[{"embeddable":true,"href":"https:\/\/www.europesays.com\/sk\/wp-json\/wp\/v2\/media\/170882"}],"wp:attachment":[{"href":"https:\/\/www.europesays.com\/sk\/wp-json\/wp\/v2\/media?parent=170881"}],"wp:term":[{"taxonomy":"category","embeddable":true,"href":"https:\/\/www.europesays.com\/sk\/wp-json\/wp\/v2\/categories?post=170881"},{"taxonomy":"post_tag","embeddable":true,"href":"https:\/\/www.europesays.com\/sk\/wp-json\/wp\/v2\/tags?post=170881"}],"curies":[{"name":"wp","href":"https:\/\/api.w.org\/{rel}","templated":true}]}}