{"id":170883,"date":"2026-09-05T00:35:13","date_gmt":"2026-09-05T00:35:13","guid":{"rendered":"https:\/\/www.europesays.com\/sk\/170883\/"},"modified":"2026-09-05T00:35:13","modified_gmt":"2026-09-05T00:35:13","slug":"obrovske-nestastie-na-jadrane-zomrela-matka-%e2%80%a0-45-s-dcerou-%e2%80%a0-22-z-okolnosti-ich-smrti-mrazi","status":"publish","type":"post","link":"https:\/\/www.europesays.com\/sk\/170883\/","title":{"rendered":"Obrovsk\u00e9 ne\u0161\u0165astie na Jadrane: Zomrela matka (\u2020 45) s dc\u00e9rou (\u2020 22), z okolnost\u00ed ich smrti MRAZ\u00cd!"},"content":{"rendered":"\n<p article=\"[object Object]\" class=\"md:text-article-content leading-relaxed md:leading-normal mt-5 lg:mt-10 false\">Rodinn\u00e1 dovolenka v \u010ciernej Hore sa pre dvojicu z bosnianskeho Sarajeva skon\u010dila obrovskou trag\u00e9diou. V ob\u013e\u00fabenom letovisku Dobra Voda ne\u010faleko mesta Bar pri\u0161li o \u017eivot matka (\u2020 45) a jej dc\u00e9ra (\u2020 22). <a href=\"https:\/\/net.hr\/danas\/svijet\/velika-tragedija-u-crnoj-gori-umrle-majka-i-kci-iz-sarajeva-31f18480-a5ce-11f1-936f-9600040c8f8e\" id=\"985f64c3-95e0-4d00-8359-35728bf01775\" target=\"_blank\" rel=\"nofollow noopener\">Ako informoval port\u00e1l Danas<\/a>, k ne\u0161\u0165astiu do\u0161lo za neobvykl\u00fdch a mimoriadne smutn\u00fdch okolnost\u00ed.<\/p>\n<p>   Matka a dc\u00e9ra zo Sarajeva zomreli po\u010das dovolenky v \u010ciernej Hore.K trag\u00e9dii do\u0161lo v turistickom letovisku Dobra Voda pri meste Bar.\u017deny zomreli za nejasn\u00fdch okolnost\u00ed.Bezprostrednou pr\u00ed\u010dinou smrti bola n\u00e1hla z\u00e1stava srdca.Pol\u00edcia vyl\u00fa\u010dila cudzie zavinenie alebo sp\u00e1chanie trestn\u00e9ho \u010dinu.   <\/p>\n<p article=\"[object Object]\" class=\"md:text-article-content leading-relaxed md:leading-normal mt-5 lg:mt-10 false\">Dobra Voda patr\u00ed k najvyh\u013ead\u00e1vanej\u0161\u00edm a najv\u00e4\u010d\u0161\u00edm turistick\u00fdm centr\u00e1m v \u010ciernej Hore, pri\u010dom turistov l\u00e1ka najm\u00e4 na priazniv\u00e9 ceny. Koncom augusta sa v\u0161ak dovolenka v tejto zn\u00e1mej lokalite skon\u010dila tragicky pre dve \u017eeny z Bosny a Hercegoviny.<\/p>\n<p article=\"[object Object]\" class=\"md:text-article-content leading-relaxed md:leading-normal mt-5 lg:mt-10 false\">Patol\u00f3g spresnil, \u017ee dvojica zahynula za nejasn\u00fdch okolnost\u00ed. &#8222;Najprv skonala dc\u00e9ra a pribli\u017ene o hodinu nesk\u00f4r zomrela aj jej matka,&#8220; poznamenal s t\u00fdm, \u017ee bezprostrednou pr\u00ed\u010dinou smrti bola n\u00e1hla z\u00e1stava srdca. Miestne org\u00e1ny po preveren\u00ed incidentu vyl\u00fa\u010dili cudzie zavinenie \u010di sp\u00e1chanie trestn\u00e9ho \u010dinu.<\/p>\n","protected":false},"excerpt":{"rendered":"Rodinn\u00e1 dovolenka v \u010ciernej Hore sa pre dvojicu z bosnianskeho Sarajeva skon\u010dila obrovskou trag\u00e9diou. V ob\u013e\u00fabenom letovisku Dobra&hellip;\n","protected":false},"author":2,"featured_media":170884,"comment_status":"","ping_status":"","sticky":false,"template":"","format":"standard","meta":{"footnotes":"","_share_on_mastodon":"0"},"categories":[8],"tags":[33,43,40,42,36,50,49,48],"class_list":["post-170883","post","type-post","status-publish","format-standard","has-post-thumbnail","category-svet","tag-news","tag-sk","tag-slovak","tag-slovencina","tag-spravy","tag-svet","tag-world","tag-world-news"],"share_on_mastodon":{"url":"https:\/\/pubeurope.com\/@sk\/117215633261992714","error":""},"_links":{"self":[{"href":"https:\/\/www.europesays.com\/sk\/wp-json\/wp\/v2\/posts\/170883","targetHints":{"allow":["GET"]}}],"collection":[{"href":"https:\/\/www.europesays.com\/sk\/wp-json\/wp\/v2\/posts"}],"about":[{"href":"https:\/\/www.europesays.com\/sk\/wp-json\/wp\/v2\/types\/post"}],"author":[{"embeddable":true,"href":"https:\/\/www.europesays.com\/sk\/wp-json\/wp\/v2\/users\/2"}],"replies":[{"embeddable":true,"href":"https:\/\/www.europesays.com\/sk\/wp-json\/wp\/v2\/comments?post=170883"}],"version-history":[{"count":0,"href":"https:\/\/www.europesays.com\/sk\/wp-json\/wp\/v2\/posts\/170883\/revisions"}],"wp:featuredmedia":[{"embeddable":true,"href":"https:\/\/www.europesays.com\/sk\/wp-json\/wp\/v2\/media\/170884"}],"wp:attachment":[{"href":"https:\/\/www.europesays.com\/sk\/wp-json\/wp\/v2\/media?parent=170883"}],"wp:term":[{"taxonomy":"category","embeddable":true,"href":"https:\/\/www.europesays.com\/sk\/wp-json\/wp\/v2\/categories?post=170883"},{"taxonomy":"post_tag","embeddable":true,"href":"https:\/\/www.europesays.com\/sk\/wp-json\/wp\/v2\/tags?post=170883"}],"curies":[{"name":"wp","href":"https:\/\/api.w.org\/{rel}","templated":true}]}}