{"id":170885,"date":"2026-09-05T00:45:13","date_gmt":"2026-09-05T00:45:13","guid":{"rendered":"https:\/\/www.europesays.com\/sk\/170885\/"},"modified":"2026-09-05T00:45:13","modified_gmt":"2026-09-05T00:45:13","slug":"dara-rolins-sa-vydala-ukazala-prvu-svadobnu-fotku-2","status":"publish","type":"post","link":"https:\/\/www.europesays.com\/sk\/170885\/","title":{"rendered":"Dara Rolins sa vydala: Uk\u00e1zala prv\u00fa svadobn\u00fa fotku"},"content":{"rendered":"<p class=\"joj-description-18 font-semibold\">Dara Rolins a b\u00fdval\u00fd futbalista Pavel Nedv\u011bd s\u00fa svoji. Spev\u00e1\u010dka radostn\u00fa novinku ozn\u00e1mila fan\u00fa\u0161ikom pred p\u00e1r d\u0148ami prostredn\u00edctvom instagramu a teraz uk\u00e1zala aj \u00fachvatn\u00e9 svadobn\u00e9 \u0161aty, ktor\u00e9 jej navrhol tento Slov\u00e1k!<\/p>\n<p>    <a href=\"https:\/\/topstar.noviny.sk\/galeria\/20421-dara-rolins\/a61ff22a-a6bf-4938-a815-8ba4f268edd8?back_url=https%3A%2F%2Fwww.joj.sk%2Fclanok%2F1254050-zeny-su-hotove-zo-svadobnych-siat-dary-rolins-najkrajsie-ake-sme-videli\" class=\"group flex-auto\" rel=\"nofollow noopener\" target=\"_blank\"><\/p>\n<p>        <img decoding=\"async\" src=\"https:\/\/www.europesays.com\/sk\/wp-content\/uploads\/2026\/09\/1788569113_402_a61ff22a-a6bf-4938-a815-8ba4f268edd8.png\" alt=\"\" class=\"w-full h-full object-cover\" draggable=\"false\" onerror=\"this.style.display='none';this.nextElementSibling.style.display='flex';\" title=\"Dara Rolins\"\/><\/p>\n<p>    <\/a><\/p>\n<p>\u200bDara Rolins a Pavel Nedv\u011bd si 2. septembra 2026, povedali svoje vyt\u00fa\u017een\u00e9 \u00e1no. Ve\u013ek\u00fa novinku potvrdila samotn\u00e1 spev\u00e1\u010dka na svojom Instagrame. Zverejnila romantick\u00fd z\u00e1ber ich prepleten\u00fdch r\u00fak, na ktor\u00fdch sa vyn\u00edmaj\u00fa luxusn\u00e9 obr\u00fa\u010dky. Z fotografie je z\u00e1rove\u0148 vidie\u0165 \u010das\u0165 Darin\u00fdch bielych svadobn\u00fdch \u0161iat aj elegantn\u00fd outfit \u017een\u00edcha. \u201e02.09.2026. Svoji,\u201c\u00a0\u00a0nap\u00edsala stru\u010dne, no v\u00fdsti\u017ene \u010derstv\u00e1 nevesta.<\/p>\n<p>Netrvalo dlho a spev\u00e1\u010dka uk\u00e1zala cel\u00e9 svadobn\u00e9 \u0161aty, na ktor\u00e9 boli mnoh\u00e9 \u017eeny zvedav\u00e9. O jedine\u010dn\u00fa svadobn\u00fa r\u00f3bu sa postaral slovensk\u00fd fotograf a n\u00e1vrh\u00e1r Luk\u00e1\u0161 Kimli\u010dka. Pr\u00e1ve jemu sa podarilo vytvori\u0165 v\u00fdnimo\u010dn\u00e9 m\u00f3dne dielo, ktor\u00e9 \u017eeny vychv\u00e1lili. &#8222;NAJKRAJ\u0160IE \u0161aty, ak\u00e9 som kedy videla a to ja som estetick\u00fd &#8222;pacient&#8220;&#8230; Navrhnut\u00e9, u\u0161it\u00e9 a doladen\u00e9 k dokonalosti,&#8220; zhodli sa mnoh\u00e9 fan\u00fa\u0161i\u010dky spev\u00e1\u010dky.\u00a0<\/p>\n<p>Romantika na ich milovanom mieste<\/p>\n<p>Svadba sa konala v kruhu najbli\u017e\u0161\u00edch pri talianskom jazere Lago Maggiore. Toto miesto m\u00e1 pre dvojicu mimoriadny v\u00fdznam \u2013 v jeho bl\u00edzkosti si toti\u017e buduj\u00fa spolo\u010dn\u00fd domov a Taliansko dlhodobo pova\u017euj\u00fa za svoju druh\u00fa vlas\u0165. Len de\u0148 pred obradom priniesli m\u00e9di\u00e1 inform\u00e1cie o pripravovanej utajenej veselici. Dara ani Pavel v\u0161ak dohady nepotvrdili a svoje \u0161\u0165astie si a\u017e do poslednej chv\u00edle str\u00e1\u017eili. Teraz spev\u00e1\u010dka kone\u010dne prezradila aj detaily z jej ve\u013ek\u00e9ho d\u0148a. Mladoman\u017eelia zvolili luxusn\u00e9 obr\u00fa\u010dky zna\u010dky Cartier a o svadobn\u00fa kyticu sa postaral tie\u017e Luk\u00e1\u0161 Kimli\u010dka. Dru\u017ei\u010dkami boli Darine tane\u010dnice a svedky\u0148a nevesty jej dc\u00e9ra Lola.\u00a0<\/p>\n<p>L\u00e1ska spev\u00e1\u010dky a futbalovej legendy<\/p>\n<p>Dara Rolins a Pavel Nedv\u011bd tvoria p\u00e1r od roku 2021. Svoj vz\u0165ah spo\u010diatku dr\u017eali v tajnosti a verejne ho potvrdili a\u017e po nieko\u013ek\u00fdch mesiacoch. Futbalov\u00e1 legenda po\u017eiadala spev\u00e1\u010dku o ruku na Nov\u00fd rok 2025 po\u010das romantick\u00e9ho pobytu v talianskom Livigne. \u201eTaliansko je tak\u00fd n\u00e1\u0161 druh\u00fd domov, tak\u017ee je kr\u00e1sne, \u017ee sa to stalo pr\u00e1ve tam,\u201c povedala Dara po z\u00e1snub\u00e1ch. Hoci e\u0161te ned\u00e1vno spev\u00e1\u010dka tvrdila, \u017ee pr\u00edpravy svadby nehrotia a nikam sa nepon\u00e1h\u013eaj\u00fa, napokon v\u0161etk\u00fdch dokonale prekvapili. Dara a Pavel vst\u00fapili do novej \u017eivotnej etapy presne vo svojom \u0161t\u00fdle \u2013 romanticky, elegantne a bez zbyto\u010dn\u00e9ho rozruchu.<\/p>\n","protected":false},"excerpt":{"rendered":"Dara Rolins a b\u00fdval\u00fd futbalista Pavel Nedv\u011bd s\u00fa svoji. Spev\u00e1\u010dka radostn\u00fa novinku ozn\u00e1mila fan\u00fa\u0161ikom pred p\u00e1r d\u0148ami prostredn\u00edctvom&hellip;\n","protected":false},"author":2,"featured_media":170886,"comment_status":"","ping_status":"","sticky":false,"template":"","format":"standard","meta":{"footnotes":"","_share_on_mastodon":"0"},"categories":[15],"tags":[1420,6289,70,1424,73,1418,1421,174,6290,1419,887,1423,994,1265,43,40,39,42,41,185,107,97,1012,1422,71,687],"class_list":["post-170885","post","type-post","status-publish","format-standard","has-post-thumbnail","category-zabava","tag-archiv","tag-dara-rolins","tag-entertainment","tag-epizody","tag-filmy","tag-joj","tag-live","tag-online","tag-pavel-nedved","tag-plus","tag-program","tag-relacie","tag-rozhovory","tag-serialy","tag-sk","tag-slovak","tag-slovakia","tag-slovencina","tag-slovensko","tag-svadba","tag-televizia","tag-tv","tag-video","tag-vysielanie","tag-zabava","tag-zakulisie"],"share_on_mastodon":{"url":"https:\/\/pubeurope.com\/@sk\/117215673017879711","error":""},"_links":{"self":[{"href":"https:\/\/www.europesays.com\/sk\/wp-json\/wp\/v2\/posts\/170885","targetHints":{"allow":["GET"]}}],"collection":[{"href":"https:\/\/www.europesays.com\/sk\/wp-json\/wp\/v2\/posts"}],"about":[{"href":"https:\/\/www.europesays.com\/sk\/wp-json\/wp\/v2\/types\/post"}],"author":[{"embeddable":true,"href":"https:\/\/www.europesays.com\/sk\/wp-json\/wp\/v2\/users\/2"}],"replies":[{"embeddable":true,"href":"https:\/\/www.europesays.com\/sk\/wp-json\/wp\/v2\/comments?post=170885"}],"version-history":[{"count":0,"href":"https:\/\/www.europesays.com\/sk\/wp-json\/wp\/v2\/posts\/170885\/revisions"}],"wp:featuredmedia":[{"embeddable":true,"href":"https:\/\/www.europesays.com\/sk\/wp-json\/wp\/v2\/media\/170886"}],"wp:attachment":[{"href":"https:\/\/www.europesays.com\/sk\/wp-json\/wp\/v2\/media?parent=170885"}],"wp:term":[{"taxonomy":"category","embeddable":true,"href":"https:\/\/www.europesays.com\/sk\/wp-json\/wp\/v2\/categories?post=170885"},{"taxonomy":"post_tag","embeddable":true,"href":"https:\/\/www.europesays.com\/sk\/wp-json\/wp\/v2\/tags?post=170885"}],"curies":[{"name":"wp","href":"https:\/\/api.w.org\/{rel}","templated":true}]}}