{"id":170887,"date":"2026-09-05T00:46:22","date_gmt":"2026-09-05T00:46:22","guid":{"rendered":"https:\/\/www.europesays.com\/sk\/170887\/"},"modified":"2026-09-05T00:46:22","modified_gmt":"2026-09-05T00:46:22","slug":"nike-liga-svedsky-kridelnik-kenan-bilalovic-novou-posilou-msk-zilina","status":"publish","type":"post","link":"https:\/\/www.europesays.com\/sk\/170887\/","title":{"rendered":"Nik\u00e9 liga: \u0160v\u00e9dsky kr\u00eddeln\u00edk Kenan Bilalovi\u010d novou posilou M\u0160K \u017dilina"},"content":{"rendered":"<p>Vedenie futbalov\u00e9ho klubu M\u0160K \u017dilina posilnilo svoje rady o 21-ro\u010dn\u00e9ho \u0161v\u00e9dskeho kr\u00eddeln\u00edka Kenana Bilalovi\u0107a. Pod Dube\u0148 prich\u00e1dza zo \u0161k\u00f3tskeho Aberdeenu. <\/p>\n<p>Hr\u00e1\u010d s bosnianskymi kore\u0148mi bude v \u017elto-zelenom drese p\u00f4sobi\u0165 formou hos\u0165ovania minim\u00e1lne do konca tejto sez\u00f3ny, pri\u010dom M\u0160K disponuje aj opciou na jeho trval\u00fd prestup. Informovala o tom ofici\u00e1lna webov\u00e1 str\u00e1nka \u017diliny.<\/p>\n<p>Bilalovi\u010d str\u00e1vil uplynul\u00e9 tri sez\u00f3ny vo farb\u00e1ch IFK V\u00e4rnamo, kde zbieral sk\u00fasenosti v najvy\u0161\u0161ej \u0161v\u00e9dskej s\u00fa\u0165a\u017ei. S\u00fa\u010das\u0165ou jeho futbalovej cesty bolo aj hos\u0165ovanie v Sk\u00f6vde AIK, odkia\u013e sa n\u00e1sledne odrazil k prestupu do \u0161k\u00f3tskeho Aberdeenu. <\/p>\n<p>Som pln\u00fd o\u010dak\u00e1vania a te\u0161\u00edm sa na to<\/p>\n<p>Na p\u00f4sobenie v \u017diline sa te\u0161\u00ed. \u201e\u0160tvrtok bol v d\u00f4sledku cestovania dos\u0165 dlh\u00fd, no dnes som u\u017e v \u017diline, m\u00e1m za sebou v\u0161etky formality a stihol som aj \u010das\u0165 tr\u00e9ningu. <\/p>\n<p>Som pln\u00fd o\u010dak\u00e1vania a te\u0161\u00edm sa na to, ke\u010f v\u0161etk\u00fdch spozn\u00e1m lep\u0161ie,&#8220; uviedol pre klubov\u00fd web.<\/p>\n<p>K prv\u00fdm rozhovorom so z\u00e1stupcami \u017diliny pri\u0161lo pribli\u017ene pred tromi t\u00fd\u017ed\u0148ami. <\/p>\n<p>Viem, ako dok\u00e1\u017ee \u017dilina rozv\u00edja\u0165 mlad\u00fdch hr\u00e1\u010dov<\/p>\n<p>\u201ePredstavili mi svoje pl\u00e1ny a potom u\u017e v\u0161etko i\u0161lo ve\u013emi r\u00fdchlo. Mal som z toho dobr\u00fd pocit, preto som dnes tu. <\/p>\n<p>Viem, ako dok\u00e1\u017ee \u017dilina rozv\u00edja\u0165 mlad\u00fdch hr\u00e1\u010dov, a ver\u00edm, \u017ee to m\u00f4\u017ee fungova\u0165 aj v mojom pr\u00edpade. Zaujal ma aj hern\u00fd \u0161t\u00fdl t\u00edmu. <\/p>\n<p>Pozeral som nieko\u013eko posledn\u00fdch z\u00e1pasov a p\u00e1\u010dilo sa mi, \u017ee mu\u017estvo chce dominova\u0165 a hra\u0165 akt\u00edvne. Mysl\u00edm si, \u017ee pr\u00e1ve tak\u00fd futbal mi vyhovuje.&#8220;<\/p>\n<p>N\u00e1zov dru\u017estvaDru\u017estvo<\/p>\n<p>Z<\/p>\n<p>V<\/p>\n<p>R<\/p>\n<p>P<\/p>\n<p>Sk\u00f3re<\/p>\n<p>B<\/p>\n<p>Forma<\/p>\n<p><img decoding=\"async\" alt=\"M\u0160K \u017dilina\" src=\"https:\/\/www.europesays.com\/sk\/wp-content\/uploads\/2026\/09\/1788569174_724_logo.jpeg\" loading=\"lazy\" class=\"sc-6aa096f3-1 bCXhxY\"\/>M\u0160K \u017dilinaM\u0160K \u017dilina<\/p>\n<p>6<\/p>\n<p>4<\/p>\n<p>1<\/p>\n<p>1<\/p>\n<p>15:12<\/p>\n<p>13<\/p>\n<p><img decoding=\"async\" alt=\"FK DAC 1904 Dunajsk\u00e1 Streda\" src=\"https:\/\/www.europesays.com\/sk\/wp-content\/uploads\/2026\/09\/1788569175_976_logo.jpeg\" loading=\"lazy\" class=\"sc-6aa096f3-1 bCXhxY\"\/>FK DAC 1904 Dunajsk\u00e1 StredaFK DAC 1904 Dunajsk\u00e1 Streda<\/p>\n<p>5<\/p>\n<p>4<\/p>\n<p>1<\/p>\n<p>0<\/p>\n<p>17:2<\/p>\n<p>13<\/p>\n<p><img decoding=\"async\" alt=\"FC Spartak Trnava\" src=\"https:\/\/www.europesays.com\/sk\/wp-content\/uploads\/2026\/09\/1788569176_427_logo.jpeg\" loading=\"lazy\" class=\"sc-6aa096f3-1 bCXhxY\"\/>FC Spartak TrnavaFC Spartak Trnava<\/p>\n<p>6<\/p>\n<p>4<\/p>\n<p>1<\/p>\n<p>1<\/p>\n<p>13:5<\/p>\n<p>13<\/p>\n<p><img decoding=\"async\" alt=\"\u0160K Slovan Bratislava futbal\" src=\"https:\/\/www.europesays.com\/sk\/wp-content\/uploads\/2026\/09\/1788569176_976_logo.jpeg\" loading=\"lazy\" class=\"sc-6aa096f3-1 bCXhxY\"\/>\u0160K Slovan Bratislava futbal\u0160K Slovan Bratislava futbal<\/p>\n<p>5<\/p>\n<p>4<\/p>\n<p>0<\/p>\n<p>1<\/p>\n<p>15:3<\/p>\n<p>12<\/p>\n<p><img decoding=\"async\" alt=\"FK \u017deleziarne Podbrezov\u00e1\" src=\"https:\/\/www.europesays.com\/sk\/wp-content\/uploads\/2026\/09\/1788569177_536_logo.jpeg\" loading=\"lazy\" class=\"sc-6aa096f3-1 bCXhxY\"\/>FK \u017deleziarne Podbrezov\u00e1FK \u017deleziarne Podbrezov\u00e1<\/p>\n<p>6<\/p>\n<p>3<\/p>\n<p>1<\/p>\n<p>2<\/p>\n<p>10:12<\/p>\n<p>10<\/p>\n<p><img decoding=\"async\" alt=\"MFK Zempl\u00edn Michalovce\" src=\"https:\/\/www.europesays.com\/sk\/wp-content\/uploads\/2026\/09\/1788569178_225_logo.jpeg\" loading=\"lazy\" class=\"sc-6aa096f3-1 bCXhxY\"\/>MFK Zempl\u00edn MichalovceMFK Zempl\u00edn Michalovce<\/p>\n<p>6<\/p>\n<p>2<\/p>\n<p>1<\/p>\n<p>3<\/p>\n<p>5:7<\/p>\n<p>7<\/p>\n<p><img decoding=\"async\" alt=\"MFK Skalica\" src=\"https:\/\/www.europesays.com\/sk\/wp-content\/uploads\/2026\/09\/1788569179_222_logo.jpeg\" loading=\"lazy\" class=\"sc-6aa096f3-1 bCXhxY\"\/>MFK SkalicaMFK Skalica<\/p>\n<p>6<\/p>\n<p>2<\/p>\n<p>1<\/p>\n<p>3<\/p>\n<p>9:15<\/p>\n<p>7<\/p>\n<p><img decoding=\"async\" alt=\"FC KO\u0160ICE\" src=\"https:\/\/www.europesays.com\/sk\/wp-content\/uploads\/2026\/09\/1788569179_194_logo.jpeg\" loading=\"lazy\" class=\"sc-6aa096f3-1 bCXhxY\"\/>FC KO\u0160ICEFC KO\u0160ICE<\/p>\n<p>5<\/p>\n<p>1<\/p>\n<p>3<\/p>\n<p>1<\/p>\n<p>14:13<\/p>\n<p>6<\/p>\n<p><img decoding=\"async\" alt=\"AS Tren\u010d\u00edn\" src=\"https:\/\/www.europesays.com\/sk\/wp-content\/uploads\/2026\/09\/1788569180_642_logo.jpeg\" loading=\"lazy\" class=\"sc-6aa096f3-1 bCXhxY\"\/>AS Tren\u010d\u00ednAS Tren\u010d\u00edn<\/p>\n<p>5<\/p>\n<p>1<\/p>\n<p>2<\/p>\n<p>2<\/p>\n<p>7:11<\/p>\n<p>5<\/p>\n<p><img decoding=\"async\" alt=\"MFK Dukla Bansk\u00e1 Bystrica\" src=\"https:\/\/www.europesays.com\/sk\/wp-content\/uploads\/2026\/09\/1788569181_751_logo.jpeg\" loading=\"lazy\" class=\"sc-6aa096f3-1 bCXhxY\"\/>MFK Dukla Bansk\u00e1 BystricaMFK Dukla Bansk\u00e1 Bystrica<\/p>\n<p>6<\/p>\n<p>1<\/p>\n<p>1<\/p>\n<p>4<\/p>\n<p>6:15<\/p>\n<p>4<\/p>\n<p><img decoding=\"async\" alt=\"KFC Kom\u00e1rno futbal\" src=\"https:\/\/www.europesays.com\/sk\/wp-content\/uploads\/2026\/09\/1788569182_472_logo.jpeg\" loading=\"lazy\" class=\"sc-6aa096f3-1 bCXhxY\"\/>KFC Kom\u00e1rno futbalKFC Kom\u00e1rno futbal<\/p>\n<p>6<\/p>\n<p>0<\/p>\n<p>3<\/p>\n<p>3<\/p>\n<p>6:11<\/p>\n<p>3<\/p>\n<p><img decoding=\"async\" alt=\"MFK Ru\u017eomberok\" src=\"https:\/\/www.europesays.com\/sk\/wp-content\/uploads\/2026\/09\/1788569182_503_logo.jpeg\" loading=\"lazy\" class=\"sc-6aa096f3-1 bCXhxY\"\/>MFK Ru\u017eomberokMFK Ru\u017eomberok<\/p>\n<p>6<\/p>\n<p>0<\/p>\n<p>1<\/p>\n<p>5<\/p>\n<p>4:15<\/p>\n<p>1<\/p>\n<p>Z = z\u00e1pasy, V = V\u00fdhry, R = Rem\u00edzy, P = Prehry, B = Body<\/p>\n","protected":false},"excerpt":{"rendered":"Vedenie futbalov\u00e9ho klubu M\u0160K \u017dilina posilnilo svoje rady o 21-ro\u010dn\u00e9ho \u0161v\u00e9dskeho kr\u00eddeln\u00edka Kenana Bilalovi\u0107a. Pod Dube\u0148 prich\u00e1dza zo&hellip;\n","protected":false},"author":2,"featured_media":170888,"comment_status":"","ping_status":"","sticky":false,"template":"","format":"standard","meta":{"footnotes":"","_share_on_mastodon":"0"},"categories":[13],"tags":[43,40,39,42,41,69,68],"class_list":["post-170887","post","type-post","status-publish","format-standard","has-post-thumbnail","category-sport","tag-sk","tag-slovak","tag-slovakia","tag-slovencina","tag-slovensko","tag-sport","tag-sports"],"share_on_mastodon":{"url":"https:\/\/pubeurope.com\/@sk\/117215676820681716","error":""},"_links":{"self":[{"href":"https:\/\/www.europesays.com\/sk\/wp-json\/wp\/v2\/posts\/170887","targetHints":{"allow":["GET"]}}],"collection":[{"href":"https:\/\/www.europesays.com\/sk\/wp-json\/wp\/v2\/posts"}],"about":[{"href":"https:\/\/www.europesays.com\/sk\/wp-json\/wp\/v2\/types\/post"}],"author":[{"embeddable":true,"href":"https:\/\/www.europesays.com\/sk\/wp-json\/wp\/v2\/users\/2"}],"replies":[{"embeddable":true,"href":"https:\/\/www.europesays.com\/sk\/wp-json\/wp\/v2\/comments?post=170887"}],"version-history":[{"count":0,"href":"https:\/\/www.europesays.com\/sk\/wp-json\/wp\/v2\/posts\/170887\/revisions"}],"wp:featuredmedia":[{"embeddable":true,"href":"https:\/\/www.europesays.com\/sk\/wp-json\/wp\/v2\/media\/170888"}],"wp:attachment":[{"href":"https:\/\/www.europesays.com\/sk\/wp-json\/wp\/v2\/media?parent=170887"}],"wp:term":[{"taxonomy":"category","embeddable":true,"href":"https:\/\/www.europesays.com\/sk\/wp-json\/wp\/v2\/categories?post=170887"},{"taxonomy":"post_tag","embeddable":true,"href":"https:\/\/www.europesays.com\/sk\/wp-json\/wp\/v2\/tags?post=170887"}],"curies":[{"name":"wp","href":"https:\/\/api.w.org\/{rel}","templated":true}]}}