{"id":170889,"date":"2026-09-05T00:49:10","date_gmt":"2026-09-05T00:49:10","guid":{"rendered":"https:\/\/www.europesays.com\/sk\/170889\/"},"modified":"2026-09-05T00:49:10","modified_gmt":"2026-09-05T00:49:10","slug":"minister-blanar-si-predvola-ruskeho-velvyslanca-na-slovensku","status":"publish","type":"post","link":"https:\/\/www.europesays.com\/sk\/170889\/","title":{"rendered":"Minister Blan\u00e1r si predvol\u00e1 rusk\u00e9ho ve\u013evyslanca na Slovensku"},"content":{"rendered":"<p>Blan\u00e1r si predvol\u00e1 rusk\u00e9ho ve\u013evyslanca. Reaguje t\u00fdm na dne\u0161n\u00e9 rusk\u00e9 \u00fatoky na Kyjev.<\/p>\n<p class=\"article-content-paragraph mb-4\">Po diplomatick\u00fdch krokoch viacer\u00fdch kraj\u00edn E\u00da, medzi nimi \u010ceska \u010di Nemecka, si rusk\u00e9ho ve\u013evyslanca predvol\u00e1 aj Slovensko.<\/p>\n<p class=\"article-content-paragraph mb-4\">T\u00fato inform\u00e1ciu ozn\u00e1mil samotn\u00fd minister zahrani\u010dn\u00fdch vec\u00ed Juraj Blan\u00e1r kr\u00e1tko po tom, \u010do ods\u00fadil dne\u0161n\u00e9 rusk\u00e9 \u00fatoky na Ukrajinu a Kyjev.<\/p>\n<p class=\"article-content-paragraph mb-4\">Blan\u00e1r konkr\u00e9tne spomenul rusk\u00fd \u00fatok na \u00fastredie Ukrajinskej bezpe\u010dnostnej slu\u017eby (SBU), ktor\u00e9 sa nach\u00e1dza ne\u010faleko slovenskej ambas\u00e1dy v Kyjeve. Minister z\u00e1rove\u0148 ozn\u00e1mil, \u017ee ve\u013evyslanectvo bude nateraz fungova\u0165 v obmedzenom re\u017eime.<\/p>\n<p class=\"article-content-paragraph mb-4\">V s\u00favislosti s \u00fatokom si slovensk\u00e1 diplomacia predvol\u00e1 rusk\u00e9ho ve\u013evyslanca Sergeja Vadimovi\u010da Andrejeva.<\/p>\n<p class=\"article-content-paragraph mb-4\">Ministerstvo z\u00e1rove\u0148 vyzvalo Rusko, aby ne\u00fato\u010dilo na civilistov a civiln\u00e9 objekty.<\/p>\n<p class=\"article-content-paragraph mb-4\">\u201eVyz\u00fdvame Rusko, aby sa zdr\u017ealo krokov, ktor\u00e9 m\u00f4\u017eu ohrozi\u0165 \u017eivoty a bezpe\u010dnos\u0165 nevinn\u00fdch civilistov.\u201c<\/p>\n<p lang=\"und\" dir=\"ltr\">\ud83c\uddf8\ud83c\uddf0 Minister J. Blan\u00e1r: D\u00f4razne odsudzujeme dne\u0161n\u00fd rusk\u00fd \u00fatok pr\u00fadov\u00fdm dronom na budovu ukrajinskej bezpe\u010dnostnej slu\u017eby, ktor\u00e1 sa nach\u00e1dza ne\u010faleko konzul\u00e1rneho \u00faseku slovensk\u00e9ho ve\u013evyslanectva v Kyjeve. Z bezpe\u010dnostn\u00fdch d\u00f4vodov je vyu\u017e\u00edvan\u00fd v obmedzenej miere a nikto sa tam\u2026<\/p>\n<p>\u2014 Slovakia MFA \ud83c\uddf8\ud83c\uddf0 (@SlovakiaMFA) <a href=\"https:\/\/x.com\/SlovakiaMFA\/status\/2095946138666827789?ref_src=twsrc%5Etfw\" rel=\"nofollow\">September 4, 2026<\/a> Nap\u00e4tie medzi Ruskom a Eur\u00f3pou rastie<\/p>\n<p class=\"article-content-paragraph mb-4\">Slovensk\u00fd krok prich\u00e1dza v \u010dase rast\u00faceho nap\u00e4tia medzi Ruskom a viacer\u00fdmi eur\u00f3pskymi krajinami.<\/p>\n<p class=\"article-content-paragraph mb-4\">Nemecko tento t\u00fd\u017ede\u0148 ofici\u00e1lne obvinilo Moskvu z augustov\u00e9ho pokusu o \u00fatok na letisku Lipsko\/Halle, kde na\u0161li dron s v\u00fdbu\u0161ninou v bl\u00edzkosti ukrajinsk\u00e9ho n\u00e1kladn\u00e9ho lietadla.<\/p>\n<p class=\"article-content-paragraph mb-4\">Pod\u013ea nemeckej vl\u00e1dy ukazuj\u00fa policajn\u00e9 vy\u0161etrovanie aj inform\u00e1cie tajn\u00fdch slu\u017eieb na zodpovednos\u0165 Ruska. Moskva obvinenia odmieta.<\/p>\n<p class=\"article-content-paragraph mb-4\">Nemecko n\u00e1sledne ozn\u00e1milo zatvorenie rusk\u00e9ho gener\u00e1lneho konzul\u00e1tu v Bonne, ukon\u010denie fungovania Rusk\u00e9ho domu v Berl\u00edne \u010di spr\u00edsnenie kontrol rusk\u00fdch ob\u010danov pri vstupe do krajiny. Berl\u00edn chce z\u00e1rove\u0148 na \u00farovni E\u00da presadi\u0165 \u010fal\u0161ie sankcie vo\u010di \u013eu\u010fom spojen\u00fdm s rusk\u00fdmi hybridn\u00fdmi oper\u00e1ciami.<\/p>\n<p>Rusk\u00fdch diplomatov si predvol\u00e1vaj\u00fa aj \u010fal\u0161ie krajiny<\/p>\n<p class=\"article-content-paragraph mb-4\">K diplomatick\u00fdm krokom sa pridalo aj \u010cesko. Minister zahrani\u010dn\u00fdch vec\u00ed Petr Macinka si vo \u0161tvrtok predvolal rusk\u00fa ve\u013evyslanky\u0148u Annu Ponomarevov\u00fa. Jej vysvetlenie, \u017ee obvinenia vo\u010di Rusku s\u00fa provok\u00e1ciou, odmietol a ozn\u00e1mil aj \u010fal\u0161ie recipro\u010dn\u00e9 opatrenia vo\u010di rusk\u00fdm diplomatom.<\/p>\n<p class=\"article-content-paragraph mb-4\">Rusk\u00e9ho ve\u013evyslanca si predvolalo aj Po\u013esko. Var\u0161ava pod\u013ea ministra zahrani\u010dn\u00fdch vec\u00ed Rados\u0142awa Sikorsk\u00e9ho chcela vyjadri\u0165 \u201erozhodn\u00e9 ods\u00fadenie\u201c rusk\u00fdch krokov po incidentoch v Nemecku.<\/p>\n","protected":false},"excerpt":{"rendered":"Blan\u00e1r si predvol\u00e1 rusk\u00e9ho ve\u013evyslanca. Reaguje t\u00fdm na dne\u0161n\u00e9 rusk\u00e9 \u00fatoky na Kyjev. Po diplomatick\u00fdch krokoch viacer\u00fdch kraj\u00edn&hellip;\n","protected":false},"author":2,"featured_media":170890,"comment_status":"","ping_status":"","sticky":false,"template":"","format":"standard","meta":{"footnotes":"","_share_on_mastodon":"0"},"categories":[8],"tags":[33,43,40,42,36,50,49,48],"class_list":["post-170889","post","type-post","status-publish","format-standard","has-post-thumbnail","category-svet","tag-news","tag-sk","tag-slovak","tag-slovencina","tag-spravy","tag-svet","tag-world","tag-world-news"],"share_on_mastodon":{"url":"https:\/\/pubeurope.com\/@sk\/117215688330685969","error":""},"_links":{"self":[{"href":"https:\/\/www.europesays.com\/sk\/wp-json\/wp\/v2\/posts\/170889","targetHints":{"allow":["GET"]}}],"collection":[{"href":"https:\/\/www.europesays.com\/sk\/wp-json\/wp\/v2\/posts"}],"about":[{"href":"https:\/\/www.europesays.com\/sk\/wp-json\/wp\/v2\/types\/post"}],"author":[{"embeddable":true,"href":"https:\/\/www.europesays.com\/sk\/wp-json\/wp\/v2\/users\/2"}],"replies":[{"embeddable":true,"href":"https:\/\/www.europesays.com\/sk\/wp-json\/wp\/v2\/comments?post=170889"}],"version-history":[{"count":0,"href":"https:\/\/www.europesays.com\/sk\/wp-json\/wp\/v2\/posts\/170889\/revisions"}],"wp:featuredmedia":[{"embeddable":true,"href":"https:\/\/www.europesays.com\/sk\/wp-json\/wp\/v2\/media\/170890"}],"wp:attachment":[{"href":"https:\/\/www.europesays.com\/sk\/wp-json\/wp\/v2\/media?parent=170889"}],"wp:term":[{"taxonomy":"category","embeddable":true,"href":"https:\/\/www.europesays.com\/sk\/wp-json\/wp\/v2\/categories?post=170889"},{"taxonomy":"post_tag","embeddable":true,"href":"https:\/\/www.europesays.com\/sk\/wp-json\/wp\/v2\/tags?post=170889"}],"curies":[{"name":"wp","href":"https:\/\/api.w.org\/{rel}","templated":true}]}}