{"id":170891,"date":"2026-09-05T00:52:11","date_gmt":"2026-09-05T00:52:11","guid":{"rendered":"https:\/\/www.europesays.com\/sk\/170891\/"},"modified":"2026-09-05T00:52:11","modified_gmt":"2026-09-05T00:52:11","slug":"kosice-night-run-si-uzilo-rekordnych-dvetisic-bezcov","status":"publish","type":"post","link":"https:\/\/www.europesays.com\/sk\/170891\/","title":{"rendered":"Ko\u0161ice Night Run si u\u017eilo rekordn\u00fdch dvetis\u00edc be\u017ecov"},"content":{"rendered":"<p style=\"text-align:justify;\">Ko\u0161ick\u00fd No\u010dn\u00fd Beh mal tento piatok akoby vybaven\u00e9 po\u010dasie. Bolo ide\u00e1lne na beh, \u010do sa uk\u00e1zalo aj v\u00a0lep\u0161\u00edch v\u00fdsledkoch. \u201eSom r\u00e1d, \u017ee dopadol naozaj na v\u00fdborn\u00fa. Pre m\u0148a je asi podstatn\u00e9 to, ako to hodnotia na\u0161i be\u017eci &#8211; 2000 \u013eud\u00ed a ver\u00edm, \u017ee ohlasy z ich strany, aspo\u0148 \u010do vn\u00edmam do t\u00fdchto min\u00fat, s\u00fa naozaj super,\u201c uviedol hlavn\u00fd organiz\u00e1tor podujatia Marek Petr\u00e1\u0161.<\/p>\n<p style=\"text-align:justify;\">To, \u017ee sa registr\u00e1cia naplnila u\u017e nieko\u013eko dn\u00ed pred behom, je d\u00f4kazom z\u00e1ujmu o\u00a0toto podujatie: \u201eKo\u0161ice Night Run m\u00e1 kapacitu zv\u00fd\u0161i\u0165 po\u010dty be\u017ecov, \u010do sa n\u00e1m potvrdzovalo aj v priebehu tohto roka, \u017ee oproti predch\u00e1dzaj\u00facemu roku sme mali 25 -percentn\u00fd priemern\u00fd n\u00e1rast po\u010dtu be\u017ecov,\u201c dodal Petr\u00e1\u0161.\u00a0<\/p>\n<p style=\"text-align:justify;\">Na \u0161tarte v\u0161ak neboli len Ko\u0161i\u010dania. Be\u017eci poch\u00e1dzali z\u00a0viac ako 300 miest a\u00a0obc\u00ed. Po Ko\u0161iciach ich bolo najviac z\u00a0Pre\u0161ova, Ro\u017e\u0148avy aj Michaloviec. Najsilnej\u0161ie ro\u010dn\u00edky boli 1988 a\u00a01989. Ko\u0161ice Night Run zl\u00e1kal aj be\u017ecov z\u00a0\u010ceska, Ukrajiny, Slovinska, USA, Ve\u013ekej Brit\u00e1nie, Ma\u010farska, Po\u013eska, Srbska \u010di \u010ciernej Hory.<\/p>\n<p style=\"text-align:justify;\">Hlavn\u00fdm organiz\u00e1torom podujatia je R\u00e1dio Ko\u0161ice a spoluorganiz\u00e1torom mesto Ko\u0161ice. \u201eNie je d\u00f4vod ru\u0161i\u0165 veci, ktor\u00e9 funguj\u00fa. Nie je d\u00f4vod meni\u0165 veci, ktor\u00e9 funguj\u00fa, a toto je ob\u013e\u00faben\u00e9 podujatie. Ak dobre viem, je tu viac ako 2000 be\u017ecov. A ja si mysl\u00edm, \u017ee tento beh m\u00e1 svoj potenci\u00e1l, aby sme ho e\u0161te tro\u0161ku naf\u00fakli. Ur\u010dite m\u00e1me e\u0161te nejak\u00fd priestor a treba h\u013eada\u0165 \u010fal\u0161\u00edch a \u010fal\u0161\u00edch, ktor\u00ed bud\u00fa ma\u0165 chu\u0165 beha\u0165 s nami, \u010di u\u017e organiz\u00e1tormi, \u010di u\u017e spolu s mestom, alebo s R\u00e1diom Ko\u0161ice,\u201c uviedol prim\u00e1tor Ko\u0161\u00edc Jaroslav Pola\u010dek.<\/p>\n<p style=\"text-align:justify;\">P\u00f3diov\u00e9 umiestnenia a\u00a0dokonal\u00e1 atmosf\u00e9ra v\u0161ak nie s\u00fa jedinou odmenou pre be\u017ecov. V\u0161etci zaregistrovan\u00ed \u0161portovci, ktor\u00ed \u00faspe\u0161ne dobehli do cie\u013ea, s\u00fa automaticky zaraden\u00ed do \u017erebovania o 250-eurov\u00fd voucher na letenky z\u00a0Letiska Ko\u0161ice. Postupne ich vy\u017erebujeme v\u00a0\u00e9teri R\u00e1dia Ko\u0161ice. \u010eal\u0161\u00ed, v\u00a0porad\u00ed u\u017e 13. ro\u010dn\u00edk je napl\u00e1novan\u00fd na 3. septembra 2027.<\/p>\n","protected":false},"excerpt":{"rendered":"Ko\u0161ick\u00fd No\u010dn\u00fd Beh mal tento piatok akoby vybaven\u00e9 po\u010dasie. Bolo ide\u00e1lne na beh, \u010do sa uk\u00e1zalo aj v\u00a0lep\u0161\u00edch&hellip;\n","protected":false},"author":2,"featured_media":170892,"comment_status":"","ping_status":"","sticky":false,"template":"","format":"standard","meta":{"footnotes":"","_share_on_mastodon":"0"},"categories":[22],"tags":[137,43,40,39,42,41],"class_list":["post-170891","post","type-post","status-publish","format-standard","has-post-thumbnail","category-kosice","tag-kosice","tag-sk","tag-slovak","tag-slovakia","tag-slovencina","tag-slovensko"],"share_on_mastodon":{"url":"https:\/\/pubeurope.com\/@sk\/117215700107034553","error":""},"_links":{"self":[{"href":"https:\/\/www.europesays.com\/sk\/wp-json\/wp\/v2\/posts\/170891","targetHints":{"allow":["GET"]}}],"collection":[{"href":"https:\/\/www.europesays.com\/sk\/wp-json\/wp\/v2\/posts"}],"about":[{"href":"https:\/\/www.europesays.com\/sk\/wp-json\/wp\/v2\/types\/post"}],"author":[{"embeddable":true,"href":"https:\/\/www.europesays.com\/sk\/wp-json\/wp\/v2\/users\/2"}],"replies":[{"embeddable":true,"href":"https:\/\/www.europesays.com\/sk\/wp-json\/wp\/v2\/comments?post=170891"}],"version-history":[{"count":0,"href":"https:\/\/www.europesays.com\/sk\/wp-json\/wp\/v2\/posts\/170891\/revisions"}],"wp:featuredmedia":[{"embeddable":true,"href":"https:\/\/www.europesays.com\/sk\/wp-json\/wp\/v2\/media\/170892"}],"wp:attachment":[{"href":"https:\/\/www.europesays.com\/sk\/wp-json\/wp\/v2\/media?parent=170891"}],"wp:term":[{"taxonomy":"category","embeddable":true,"href":"https:\/\/www.europesays.com\/sk\/wp-json\/wp\/v2\/categories?post=170891"},{"taxonomy":"post_tag","embeddable":true,"href":"https:\/\/www.europesays.com\/sk\/wp-json\/wp\/v2\/tags?post=170891"}],"curies":[{"name":"wp","href":"https:\/\/api.w.org\/{rel}","templated":true}]}}