{"id":170893,"date":"2026-09-05T01:04:11","date_gmt":"2026-09-05T01:04:11","guid":{"rendered":"https:\/\/www.europesays.com\/sk\/170893\/"},"modified":"2026-09-05T01:04:11","modified_gmt":"2026-09-05T01:04:11","slug":"diskusia-do-boja-o-primatora-bratislavy-zasiahla-nahravka-podla-zuzany-subovej-usvedcuje-martina-winklera-ze-vzal-peniaze-na-kampan-od-zoroslava-kollara-aktuality","status":"publish","type":"post","link":"https:\/\/www.europesays.com\/sk\/170893\/","title":{"rendered":"Diskusia: Do boja o prim\u00e1tora Bratislavy zasiahla nahr\u00e1vka. Pod\u013ea Zuzany \u0160ubovej usved\u010duje Martina Winklera, \u017ee vzal peniaze na kampa\u0148 od Zoroslava Koll\u00e1ra &#8211; Aktuality"},"content":{"rendered":"<p><a href=\"https:\/\/news.google.com\/rss\/articles\/CBMilAJBVV95cUxPLXZ4dE1LQkpMakNmbGN6bEJYanBFcTNydV95YlpuaUVfV0Z3ZFo0YUNaQWVMbWJWdmprczRDci1saDhPMlYyck1uTTRhTE5hQnZ0ZGZuYWt0Wi0zaFF1LXZIdUsxLVEyaGlZSWtwNkNiRUhaUk1UVWtXaTJKMlN2TFBOcm5IdmpfN1FsYlc1YzNtbHJob2xkcnI5MkxVTTRyUm5oTklONkFFS0NUMEVPNzhEN1Atc1BTS2dlLWU2OS1FOVVwOXM0c0xHd2ZsdlVrcUZ6WVJ6WndpQU9tVkNrRVJ1bGgyVUZRLTQyQWJiX1p1WTlsMC1HeUZwanJ6LXFaSTJhZDdIeVQyb1hWMkRFMDkxSTk?oc=5\" target=\"_blank\" rel=\"nofollow noopener\">Diskusia: Do boja o prim\u00e1tora Bratislavy zasiahla nahr\u00e1vka. Pod\u013ea Zuzany \u0160ubovej usved\u010duje Martina Winklera, \u017ee vzal peniaze na kampa\u0148 od Zoroslava Koll\u00e1ra<\/a>&nbsp;&nbsp;Aktuality<a href=\"https:\/\/news.google.com\/rss\/articles\/CBMitAFBVV95cUxNaGJuaG05dmxHR21YVEk0b0wwRnRhN3p0bGlNbGFZN3ItYzRlRmtzWl9YMTNDdWtTSkd3ZWhrMDFFaTNhVWEtaUUzSTVtLU0yTUhERk5vNG5LWUFGSVd3Xy1PRkpYVTlHbjJQQTVKem5xX1ZPQVBYQ1BnaVpGN3VlZmcwLXM0azRGalZ0OWc0LXkwUFdNVWxvNG1nQThrYXVKMTdyRlRsWko5YS12dXYxT2NITmU?oc=5\" target=\"_blank\" rel=\"nofollow noopener\">Nahr\u00e1vka: Winkler priznal, \u017ee zobral peniaze na bratislavsk\u00fa kampa\u0148 od Zoroslava Koll\u00e1ra<\/a>&nbsp;&nbsp;Denn\u00edk N<a href=\"https:\/\/news.google.com\/rss\/articles\/CBMi9AFBVV95cUxQMnVSd0g5eW9QNW5YVGFINjVKM0ZrSERrdm4yVjdJc2FlSUZ4ZXhqS1FNUm1KWFd6cXFtQ29xM3V5SEd2dlowYmpTS09BMkE2YUkwcXd6ZmhDYmthWl90aTJydXJNbVFDS3JjM2tsTnhSQ19UaEhoNEUyRENmY2YzX19ic3JsalloYUgwczl5TUI4VzY5MUF1cU1renBzd2dLbnZtZ2IwSEc4bko5ZWVGN19kZ3A4eDZhVjZaQUNva1F0bktTTUpHMnlCS1JsejNCR3JLd3hKUHRnRnBGQ1hXcnNub2Y5NWwtSFFCamxNTi1xR1FE?oc=5\" target=\"_blank\" rel=\"nofollow noopener\">Nahr\u00e1vka zamie\u0161ala boj o Bratislavu, pol\u00edcia udrela na da\u0148ov\u00fa chobotnicu a vl\u00e1dna koal\u00edcia chyst\u00e1 nov\u00e9 v\u00fddavky (denn\u00fd v\u00fdber)<\/a>&nbsp;&nbsp;Aktuality<a href=\"https:\/\/news.google.com\/rss\/articles\/CBMizAFBVV95cUxNUkk0NTVsNW44LTJ3RFYtMkxwMXRqSU9nSVlUQmJIRWdLMzh4dEJQbzAwRjROeTdBeVdZVm5EOFRJdmV2cFhmS1hIMmt6aGtlSUI2TUJ3RTVDUTdGVHVXdXNBWmtxZ0I0eElVeVAxNTBwUmF5VTNhUThoYjNKMkp0SUZ5YkRMdTAzT2JMZG5XOU5adDB3VGdYazk2REpmbnFjNDFDRXd5VWpBYjY4RGNEbGRfekNPQnJBUWE0aElXNDlEMEE0S2ppaVE1a08?oc=5\" target=\"_blank\" rel=\"nofollow noopener\">Winkler na nahr\u00e1vke hovor\u00ed o peniazoch od Zoroslava Koll\u00e1ra. Mali mu rozbehn\u00fa\u0165 kampa\u0148 v Bratislave<\/a>&nbsp;&nbsp;ta3.com<a href=\"https:\/\/news.google.com\/rss\/articles\/CBMi1gFBVV95cUxPSzMyZUxkU3ctbnR1SHpaQmhXaWFwTk9QNG80bThfQVY2YkJzMFNaRHlXRUlWREtXMGZXSnlpanBDM0hBdGg0dlBKam1CWjNPS2Q3TFdRUS0zUnhnOWJXa1ptaXBUdzB3MUJQN0RIb3JBaG4wOGtTS1Q1VDZiazY2dHVpZVRVZGl0U1hqa3RzSlE5SWZZRTVaODF0MzBhWTFxYzNSMjVvTVJBcHNuQzlLWXZ1TENZcXptYXctZTlVTXprV0tQcTZUSXVJQlZocy1yODlCaG1B?oc=5\" target=\"_blank\" rel=\"nofollow noopener\">\u0160kand\u00e1l v boji o Bratislavu: Tajn\u00e1 nahr\u00e1vka usved\u010dila Winklera, od ods\u00faden\u00e9ho Koll\u00e1ra bral peniaze na kampa\u0148<\/a>&nbsp;&nbsp;Refresher News<\/p>\n","protected":false},"excerpt":{"rendered":"Diskusia: Do boja o prim\u00e1tora Bratislavy zasiahla nahr\u00e1vka. Pod\u013ea Zuzany \u0160ubovej usved\u010duje Martina Winklera, \u017ee vzal peniaze na&hellip;\n","protected":false},"author":2,"featured_media":170894,"comment_status":"","ping_status":"","sticky":false,"template":"","format":"standard","meta":{"footnotes":"","_share_on_mastodon":"0"},"categories":[6],"tags":[136,1693,494,43,40,44,39,42,45,41,16450,12291,6426],"class_list":["post-170893","post","type-post","status-publish","format-standard","has-post-thumbnail","category-slovensko","tag-bratislava","tag-komunalne-volby","tag-martin-winkler","tag-sk","tag-slovak","tag-slovak-republic","tag-slovakia","tag-slovencina","tag-slovenska-republika","tag-slovensko","tag-volby-2026","tag-zoroslav-kollar","tag-zuzana-subova"],"share_on_mastodon":{"url":"https:\/\/pubeurope.com\/@sk\/117215747398010779","error":""},"_links":{"self":[{"href":"https:\/\/www.europesays.com\/sk\/wp-json\/wp\/v2\/posts\/170893","targetHints":{"allow":["GET"]}}],"collection":[{"href":"https:\/\/www.europesays.com\/sk\/wp-json\/wp\/v2\/posts"}],"about":[{"href":"https:\/\/www.europesays.com\/sk\/wp-json\/wp\/v2\/types\/post"}],"author":[{"embeddable":true,"href":"https:\/\/www.europesays.com\/sk\/wp-json\/wp\/v2\/users\/2"}],"replies":[{"embeddable":true,"href":"https:\/\/www.europesays.com\/sk\/wp-json\/wp\/v2\/comments?post=170893"}],"version-history":[{"count":0,"href":"https:\/\/www.europesays.com\/sk\/wp-json\/wp\/v2\/posts\/170893\/revisions"}],"wp:featuredmedia":[{"embeddable":true,"href":"https:\/\/www.europesays.com\/sk\/wp-json\/wp\/v2\/media\/170894"}],"wp:attachment":[{"href":"https:\/\/www.europesays.com\/sk\/wp-json\/wp\/v2\/media?parent=170893"}],"wp:term":[{"taxonomy":"category","embeddable":true,"href":"https:\/\/www.europesays.com\/sk\/wp-json\/wp\/v2\/categories?post=170893"},{"taxonomy":"post_tag","embeddable":true,"href":"https:\/\/www.europesays.com\/sk\/wp-json\/wp\/v2\/tags?post=170893"}],"curies":[{"name":"wp","href":"https:\/\/api.w.org\/{rel}","templated":true}]}}