{"id":170895,"date":"2026-09-05T01:05:17","date_gmt":"2026-09-05T01:05:17","guid":{"rendered":"https:\/\/www.europesays.com\/sk\/170895\/"},"modified":"2026-09-05T01:05:17","modified_gmt":"2026-09-05T01:05:17","slug":"pred-hrhovom-doslo-k-smrtelnej-zrazke-kamiona-a-osobneho-auta","status":"publish","type":"post","link":"https:\/\/www.europesays.com\/sk\/170895\/","title":{"rendered":"Pred Hrhovom do\u0161lo k smrte\u013enej zr\u00e1\u017eke kami\u00f3na a osobn\u00e9ho auta"},"content":{"rendered":"<p>V piatok predpoludn\u00edm zamierili z\u00e1chrann\u00e9 zlo\u017eky k dopravnej <a href=\"https:\/\/www.kosicak.sk\/temy\/dopravna-nehoda\" class=\"link-tag\" style=\"\" rel=\"nofollow noopener\" target=\"_blank\">nehode<\/a> na ceste I\/16 pri Hrhove v smere od Ko\u0161\u00edc na Ro\u017e\u0148avu, kde na \u00farovni Hrhovsk\u00fdch rybn\u00edkov do\u0161lo k \u010delnej zr\u00e1\u017eke n\u00e1kladn\u00e9ho a dvoch osobn\u00fdch vozidiel.<\/p>\n<p>Pod\u013ea inform\u00e1ci\u00ed hovorcu krajsk\u00fdch hasi\u010dov Jozefa B\u00e1linta sa v jednom osobnom vozidle nach\u00e1dza osoba s devasta\u010dn\u00fdmi zraneniami, na miesto smerovali aj <a href=\"https:\/\/www.kosicak.sk\/temy\/zachranari\" class=\"link-tag\" style=\"\" rel=\"nofollow noopener\" target=\"_blank\">z\u00e1chran\u00e1ri<\/a>. Krajsk\u00e1 <a href=\"https:\/\/www.kosicak.sk\/temy\/vlamacka\" class=\"link-tag\" style=\"\" rel=\"nofollow noopener\" target=\"_blank\">pol\u00edcia<\/a> potvrdila, \u017ee nehoda si vy\u017eiadala jeden \u013eudsk\u00fd \u017eivot. \u010eal\u0161ie osoby neutrpeli \u017eiadne zranenia.<\/p>\n<p>Prem\u00e1vka je riaden\u00e1 striedavo v jednom jazdnom pruhu. Obch\u00e1dzka je mo\u017en\u00e1 cez obec Hrhov.<\/p>\n<p>Okolnosti a presn\u00e9 pr\u00ed\u010diny dopravnej nehody s\u00fa predmetom objas\u0148ovania. Bli\u017e\u0161ie inform\u00e1cie dopln\u00edme.<\/p>\n<p><img decoding=\"async\" src=\"https:\/\/www.europesays.com\/sk\/wp-content\/uploads\/2026\/09\/zdroj-facebookpolicia-sr-kosicky-kraj-20260904123503.webp\" loading=\"lazy\" width=\"1600\" height=\"1200\"\/>Zdroj: Facebook\/Pol\u00edcia SR- Ko\u0161ick\u00fd kraj                        <\/p>\n","protected":false},"excerpt":{"rendered":"V piatok predpoludn\u00edm zamierili z\u00e1chrann\u00e9 zlo\u017eky k dopravnej nehode na ceste I\/16 pri Hrhove v smere od Ko\u0161\u00edc&hellip;\n","protected":false},"author":2,"featured_media":170896,"comment_status":"","ping_status":"","sticky":false,"template":"","format":"standard","meta":{"footnotes":"","_share_on_mastodon":"0"},"categories":[32],"tags":[373,376,374,386,34,37,375,385,382,384,381,380,33,378,379,43,40,39,42,41,36,38,35,377,383],"class_list":["post-170895","post","type-post","status-publish","format-standard","has-post-thumbnail","category-spravy","tag-doprava","tag-doprava-v-ziline","tag-doprava-zilina","tag-dopravny-servis-zilina","tag-headlines","tag-hlavne-spravy","tag-hliadky-zilina","tag-kolona-strecno","tag-kolona-zilina","tag-nehoda-strecno","tag-nehoda-v-ziline","tag-nehoda-zilina","tag-news","tag-obmedzenie-zilina","tag-policajne-hliadky-a-radary-zilina","tag-sk","tag-slovak","tag-slovakia","tag-slovencina","tag-slovensko","tag-spravy","tag-titulky","tag-top-stories","tag-uzavierka-zilina","tag-uzavreta-cesta-zilina"],"share_on_mastodon":{"url":"https:\/\/pubeurope.com\/@sk\/117215751584844041","error":""},"_links":{"self":[{"href":"https:\/\/www.europesays.com\/sk\/wp-json\/wp\/v2\/posts\/170895","targetHints":{"allow":["GET"]}}],"collection":[{"href":"https:\/\/www.europesays.com\/sk\/wp-json\/wp\/v2\/posts"}],"about":[{"href":"https:\/\/www.europesays.com\/sk\/wp-json\/wp\/v2\/types\/post"}],"author":[{"embeddable":true,"href":"https:\/\/www.europesays.com\/sk\/wp-json\/wp\/v2\/users\/2"}],"replies":[{"embeddable":true,"href":"https:\/\/www.europesays.com\/sk\/wp-json\/wp\/v2\/comments?post=170895"}],"version-history":[{"count":0,"href":"https:\/\/www.europesays.com\/sk\/wp-json\/wp\/v2\/posts\/170895\/revisions"}],"wp:featuredmedia":[{"embeddable":true,"href":"https:\/\/www.europesays.com\/sk\/wp-json\/wp\/v2\/media\/170896"}],"wp:attachment":[{"href":"https:\/\/www.europesays.com\/sk\/wp-json\/wp\/v2\/media?parent=170895"}],"wp:term":[{"taxonomy":"category","embeddable":true,"href":"https:\/\/www.europesays.com\/sk\/wp-json\/wp\/v2\/categories?post=170895"},{"taxonomy":"post_tag","embeddable":true,"href":"https:\/\/www.europesays.com\/sk\/wp-json\/wp\/v2\/tags?post=170895"}],"curies":[{"name":"wp","href":"https:\/\/api.w.org\/{rel}","templated":true}]}}