{"id":170897,"date":"2026-09-05T01:06:07","date_gmt":"2026-09-05T01:06:07","guid":{"rendered":"https:\/\/www.europesays.com\/sk\/170897\/"},"modified":"2026-09-05T01:06:07","modified_gmt":"2026-09-05T01:06:07","slug":"protesty-v-bolivii-farmari-demonstruju-proti-zvyseniu-cien-nafty","status":"publish","type":"post","link":"https:\/\/www.europesays.com\/sk\/170897\/","title":{"rendered":"Protesty v Bol\u00edvii: Farm\u00e1ri demon\u0161truj\u00fa proti zv\u00fd\u0161eniu cien nafty"},"content":{"rendered":"<p>        A<\/p>\n<p>        A<\/p>\n<p>        Re\u017eim \u010d\u00edta\u010dky<\/p>\n<p>         Vypo\u010du\u0165 \u010dl\u00e1nok<\/p>\n<p>        Zdie\u013ea\u0165 \u010dl\u00e1nok<\/p>\n<p>           V centr\u00e1lnom meste Cochabamba v Bol\u00edvii sa v piatok zhroma\u017edilo nieko\u013eko stoviek pestovate\u013eov koky a podporovate\u013eov b\u00fdval\u00e9ho prezidenta Eva Moralesa, aby protestovali proti zdvojn\u00e1sobeniu cien nafty vl\u00e1dou. Demon\u0161tr\u00e1cia sa konala napriek v\u00fdnimo\u010dn\u00e9mu stavu, ktor\u00fd vyhl\u00e1sil centristick\u00fd prezident Rodrigo Paz v j\u00fani po t\u00fd\u017ed\u0148och masov\u00fdch protestov proti vl\u00e1de.<\/p>\n<p>V\u00e4\u010d\u0161inou domorod\u00ed demon\u0161tranti po\u017eadovali, aby Paz zru\u0161il dekr\u00e9t, ktor\u00fd zdvojn\u00e1sobuje cenu nafty pre spotrebite\u013eov nakupuj\u00facich vo ve\u013ek\u00fdch mno\u017estv\u00e1ch, vr\u00e1tane farm\u00e1rov, z 0,80 na 1,50 dol\u00e1ra za liter. Vl\u00e1da zv\u00fd\u0161ila cenu, aby obmedzila pa\u0161ovanie paliva do in\u00fdch kraj\u00edn, \u010do zhor\u0161uje nedostatok v Bol\u00edvii.<\/p>\n<p>Jeden z protestuj\u00facich \u0165ahal traktor lanom a kri\u010dal: \u201e\u017diadna nafta, \u017eiadna nafta!\u201c Elena Aine, 40-ro\u010dn\u00e1 farm\u00e1rka, uviedla, \u017ee zv\u00fd\u0161enie cien \u201ev\u00fdrazne ovplyv\u0148uje rast\u00face n\u00e1klady na z\u00e1kladn\u00e9 potreby pre v\u0161etk\u00fdch\u201c.<\/p>\n<p>Pol\u00edcia sa nepok\u00fasila rozohna\u0165 protestuj\u00facich, hoci tak\u00e9to zhroma\u017edenia s\u00fa zak\u00e1zan\u00e9 po\u010das v\u00fdnimo\u010dn\u00e9ho stavu. V stredu vl\u00e1da ozn\u00e1mila \u00fa\u013eavu pre mal\u00fdch farm\u00e1rov, ktor\u00ed bud\u00fa m\u00f4c\u0165 nakupova\u0165 a\u017e 2 500 litrov paliva mesa\u010dne za star\u00fa cenu 0,80 dol\u00e1ra za liter. T\u00e1to \u00fa\u013eava v\u0161ak protestuj\u00facich neuspokojila.<\/p>\n<p>Paz sa dostal k moci minul\u00fd rok uprostred najhor\u0161ej ekonomickej kr\u00edzy v And\u00e1ch za \u0161tyri desa\u0165ro\u010dia, pozna\u010denej ak\u00fatnym nedostatkom paliva a dol\u00e1rov. Jedn\u00fdm z jeho prv\u00fdch krokov bolo zru\u0161enie dot\u00e1ci\u00ed na palivo zaveden\u00fdch odch\u00e1dzaj\u00facimi socialistami, ktor\u00e9 vy\u010derp\u00e1vali dev\u00edzov\u00e9 rezervy Bol\u00edvie. Napriek tomu s\u00fa rady na palivo na niektor\u00fdch \u010derpac\u00edch staniciach st\u00e1le dlh\u00e9 nieko\u013eko kilometrov.<\/p>\n<p>Morales, prv\u00fd domorod\u00fd prezident Bol\u00edvie, ktor\u00fd viedol krajinu od roku 2006 do 2019, je jedn\u00fdm z najostrej\u0161\u00edch kritikov Paza. \u201eT\u00e1to vl\u00e1da nem\u00e1 ve\u013ek\u00fa bud\u00facnos\u0165. E\u0161te menej Rodrigo Paz ako politik,\u201c povedal Morales pre telev\u00edznu sie\u0165 Red America v piatok.\n     <\/p>\n","protected":false},"excerpt":{"rendered":"A A Re\u017eim \u010d\u00edta\u010dky Vypo\u010du\u0165 \u010dl\u00e1nok Zdie\u013ea\u0165 \u010dl\u00e1nok V centr\u00e1lnom meste Cochabamba v Bol\u00edvii sa v piatok zhroma\u017edilo&hellip;\n","protected":false},"author":2,"featured_media":170898,"comment_status":"","ping_status":"","sticky":false,"template":"","format":"standard","meta":{"footnotes":"","_share_on_mastodon":"0"},"categories":[22],"tags":[137,43,40,39,42,41],"class_list":["post-170897","post","type-post","status-publish","format-standard","has-post-thumbnail","category-kosice","tag-kosice","tag-sk","tag-slovak","tag-slovakia","tag-slovencina","tag-slovensko"],"share_on_mastodon":{"url":"https:\/\/pubeurope.com\/@sk\/117215755369919344","error":""},"_links":{"self":[{"href":"https:\/\/www.europesays.com\/sk\/wp-json\/wp\/v2\/posts\/170897","targetHints":{"allow":["GET"]}}],"collection":[{"href":"https:\/\/www.europesays.com\/sk\/wp-json\/wp\/v2\/posts"}],"about":[{"href":"https:\/\/www.europesays.com\/sk\/wp-json\/wp\/v2\/types\/post"}],"author":[{"embeddable":true,"href":"https:\/\/www.europesays.com\/sk\/wp-json\/wp\/v2\/users\/2"}],"replies":[{"embeddable":true,"href":"https:\/\/www.europesays.com\/sk\/wp-json\/wp\/v2\/comments?post=170897"}],"version-history":[{"count":0,"href":"https:\/\/www.europesays.com\/sk\/wp-json\/wp\/v2\/posts\/170897\/revisions"}],"wp:featuredmedia":[{"embeddable":true,"href":"https:\/\/www.europesays.com\/sk\/wp-json\/wp\/v2\/media\/170898"}],"wp:attachment":[{"href":"https:\/\/www.europesays.com\/sk\/wp-json\/wp\/v2\/media?parent=170897"}],"wp:term":[{"taxonomy":"category","embeddable":true,"href":"https:\/\/www.europesays.com\/sk\/wp-json\/wp\/v2\/categories?post=170897"},{"taxonomy":"post_tag","embeddable":true,"href":"https:\/\/www.europesays.com\/sk\/wp-json\/wp\/v2\/tags?post=170897"}],"curies":[{"name":"wp","href":"https:\/\/api.w.org\/{rel}","templated":true}]}}