{"id":170965,"date":"2026-09-05T05:49:13","date_gmt":"2026-09-05T05:49:13","guid":{"rendered":"https:\/\/www.europesays.com\/sk\/170965\/"},"modified":"2026-09-05T05:49:13","modified_gmt":"2026-09-05T05:49:13","slug":"opus-potesi-fanusikov-mira-zbirku-specialnym-albumom-v-bratislave-ho-pokrsti-miro-jaros-a-katka-zbirkova","status":"publish","type":"post","link":"https:\/\/www.europesays.com\/sk\/170965\/","title":{"rendered":"Opus pote\u0161\u00ed fan\u00fa\u0161ikov Mira \u017dbirku \u0161peci\u00e1lnym albumom. V Bratislave ho pokrst\u00ed Miro Jaro\u0161 a Katka \u017dbirkov\u00e1"},"content":{"rendered":"<p>Miro \u017dbirka, 80. rokyZdroj: arch\u00edv spev\u00e1ka<\/p>\n<p>V novembri (10.11.) si pripomenieme 5. v\u00fdro\u010die odchodu slovenskej hudobnej legendy, spev\u00e1ka a skladate\u013ea Mira \u017dbirku. Jeho piesne v\u0161ak \u017eij\u00fa \u010falej a po kompletnej diskografii vyd\u00e1va vydavate\u013estvo OPUS pre fan\u00fa\u0161ikov exkluz\u00edvny album Miro \u017dbirka &#8211; SPECIAL. Vych\u00e1dza na LP, CD a digit\u00e1lne 4. septembra.<\/p>\n<p>Jedine\u010dn\u00e1 kolekcia prin\u00e1\u0161a piesne, ktor\u00e9 sa nenach\u00e1dzaj\u00fa na jeho radov\u00fdch albumoch. S\u00fa medzi nimi jedny z prv\u00fdch Mekyho nahr\u00e1vok s Modusom a orchestrom Gustava Offermanna (Keby, Suzi, Nepla\u010d mal\u00e1, Z\u00e1hadn\u00e1, Kr\u00e1\u013e detsk\u00fdch ciest), raritn\u00e1 nahr\u00e1vka (Ollie Torr Remix piesne Sl\u00e1vou opit\u00fd), pesni\u010dky z muzik\u00e1lu Smoliari (Tajn\u00e1 \u0161\u0165astn\u00e1 hviezda s Marikou Gombitovou, Keby som tak raz).<\/p>\n<p>Ale aj spolupr\u00e1ce s De\u017eom Ursinym (R\u00e1no, ve\u010der) a nech\u00fdba ani anglick\u00e1 verzia skladby V slep\u00fdch uli\u010dk\u00e1ch &#8211; The Love Song, s ktorou Meky v roku 1982 vyhral medzin\u00e1rodn\u00fd festival vo Villachu a megahit Ka\u017ed\u00fd de\u0148 bud\u00fa vraj Vianoce, ktor\u00fd nahrali s Mari\u00e1nom Kochansk\u00fdm zo skupiny Lojzo. Album zostavil st\u00e1ly spolupracovn\u00edk Opusu Juraj \u010curn\u00fd\u00a0v spolupr\u00e1ci s\u00a0Katkou\u00a0\u017dbirkovou.<\/p>\n<p>&#8222;Som ve\u013emi rada, \u017ee sa podarilo zostavi\u0165 a vyda\u0165 tento album. Je to kr\u00e1sna spomienka na skladby, ktor\u00e9 mapuj\u00fa Mekyho kari\u00e9ru a ktor\u00e9 boli \u010dasto nedostupn\u00e9. Niektor\u00e9 z nich som ani nepoznala, lebo Meky sa ve\u013emi \u010dasto nepozeral do minulosti, sk\u00f4r ho zauj\u00edmala bud\u00facnos\u0165. Po ich vypo\u010dut\u00ed u\u017e vieme, \u017ee v\u0161etky z nich obst\u00e1li v sk\u00fa\u0161ke \u010dasom, maj\u00fa \u010do poveda\u0165 aj dnes a ver\u00edm, \u017ee urobia rados\u0165 v\u0161etk\u00fdm fan\u00fa\u0161ikom. Te\u0161\u00ed ma, \u017ee sa na vinyle objav\u00ed aj remix skladby Sl\u00e1vou\u00a0opit\u00fd od Ollieho Torra, spolu\u017eiaka n\u00e1\u0161ho Davida, ktor\u00fd s n\u00edm\u00a0dokon\u010dil aj Mekyho album Posledn\u00e9 veci,&#8220; povedala o novom albume Katka \u017dbirkov\u00e1.<\/p>\n<p>Inform\u00e1cie a fotografie redakcii Hudba.sk poskytla Ren\u00e1ta Tom\u00e1\u0161ov\u00e1 z vydavate\u013estva Warner Music.\u00a0<\/p>\n","protected":false},"excerpt":{"rendered":"Miro \u017dbirka, 80. rokyZdroj: arch\u00edv spev\u00e1ka V novembri (10.11.) si pripomenieme 5. v\u00fdro\u010die odchodu slovenskej hudobnej legendy, spev\u00e1ka&hellip;\n","protected":false},"author":2,"featured_media":170966,"comment_status":"","ping_status":"","sticky":false,"template":"","format":"standard","meta":{"footnotes":"","_share_on_mastodon":"0"},"categories":[20],"tags":[90,127,126,70,128,88,89,92,93,96,91,43,129,40,39,42,41,94,95,71],"class_list":["post-170965","post","type-post","status-publish","format-standard","has-post-thumbnail","category-slavne-osobnosti","tag-akordy","tag-celebrities","tag-celebrity","tag-entertainment","tag-famous-people","tag-hudba","tag-hudobne-skupiny","tag-koncerty","tag-mp3","tag-novinky","tag-recenzie","tag-sk","tag-slavne-osobnosti","tag-slovak","tag-slovakia","tag-slovencina","tag-slovensko","tag-texty-piesni","tag-videoklipy","tag-zabava"],"share_on_mastodon":{"url":"https:\/\/pubeurope.com\/@sk\/117216868066602746","error":""},"_links":{"self":[{"href":"https:\/\/www.europesays.com\/sk\/wp-json\/wp\/v2\/posts\/170965","targetHints":{"allow":["GET"]}}],"collection":[{"href":"https:\/\/www.europesays.com\/sk\/wp-json\/wp\/v2\/posts"}],"about":[{"href":"https:\/\/www.europesays.com\/sk\/wp-json\/wp\/v2\/types\/post"}],"author":[{"embeddable":true,"href":"https:\/\/www.europesays.com\/sk\/wp-json\/wp\/v2\/users\/2"}],"replies":[{"embeddable":true,"href":"https:\/\/www.europesays.com\/sk\/wp-json\/wp\/v2\/comments?post=170965"}],"version-history":[{"count":0,"href":"https:\/\/www.europesays.com\/sk\/wp-json\/wp\/v2\/posts\/170965\/revisions"}],"wp:featuredmedia":[{"embeddable":true,"href":"https:\/\/www.europesays.com\/sk\/wp-json\/wp\/v2\/media\/170966"}],"wp:attachment":[{"href":"https:\/\/www.europesays.com\/sk\/wp-json\/wp\/v2\/media?parent=170965"}],"wp:term":[{"taxonomy":"category","embeddable":true,"href":"https:\/\/www.europesays.com\/sk\/wp-json\/wp\/v2\/categories?post=170965"},{"taxonomy":"post_tag","embeddable":true,"href":"https:\/\/www.europesays.com\/sk\/wp-json\/wp\/v2\/tags?post=170965"}],"curies":[{"name":"wp","href":"https:\/\/api.w.org\/{rel}","templated":true}]}}