{"id":170969,"date":"2026-09-05T05:55:13","date_gmt":"2026-09-05T05:55:13","guid":{"rendered":"https:\/\/www.europesays.com\/sk\/170969\/"},"modified":"2026-09-05T05:55:13","modified_gmt":"2026-09-05T05:55:13","slug":"prestup-v-ceskej-lige-david-krcik-meni-plzen-za-pardubice","status":"publish","type":"post","link":"https:\/\/www.europesays.com\/sk\/170969\/","title":{"rendered":"Prestup v \u010deskej lige: D\u00e1vid Kr\u010d\u00edk men\u00ed Plze\u0148 za Pardubice"},"content":{"rendered":"<p>Hoci jeho presn\u00fd z\u00e1sah definit\u00edvne posunul Viktoriu Plze\u0148 do hlavnej f\u00e1zy Eur\u00f3pskej ligy, eur\u00f3psku jese\u0148 si v jej farb\u00e1ch nakoniec nezahr\u00e1. Slovensk\u00fd reprezenta\u010dn\u00fd stop\u00e9r D\u00e1vid Kr\u010d\u00edk r\u00fdchlo men\u00ed p\u00f4sobisko v r\u00e1mci \u010deskej elitnej s\u00fa\u0165a\u017ee. Svoj futbalov\u00fd osud na najbli\u017e\u0161ie 4 roky spojil s t\u00edmom FK Pardubice.<a class=\"news-item-image\" target=\"_self\" href=\"https:\/\/sport.aktuality.sk\/futbal\/clanok\/krcik-chyba-na-supiske-plzne-europska-liga-2026090409154913811\" rel=\"nofollow noopener\"><img alt=\"Tvrd\u00fd \u0161krt alebo prestup? Slovensk\u00fd obranca ch\u00fdba na s\u00fapiske Plzne pre Eur\u00f3psku ligu\" src=\"data:image\/gif;base64,R0lGODlhAQABAIAAAAAAAP\/\/\/yH5BAEAAAAALAAAAAABAAEAAAIBRAA7\" decoding=\"async\" data-nimg=\"responsive\" class=\"side-article\" style=\"position:absolute;top:0;left:0;bottom:0;right:0;box-sizing:border-box;padding:0;border:none;margin:auto;display:block;width:0;height:0;min-width:100%;max-width:100%;min-height:100%;max-height:100%\"\/><img alt=\"Tvrd\u00fd \u0161krt alebo prestup? Slovensk\u00fd obranca ch\u00fdba na s\u00fapiske Plzne pre Eur\u00f3psku ligu\" src=\"https:\/\/www.europesays.com\/sk\/wp-content\/uploads\/2026\/09\/1788587713_643_77e1b49c-4e1b-4d58-aab5-355354e2fd18.jpeg\" decoding=\"async\" data-nimg=\"responsive\" style=\"position:absolute;top:0;left:0;bottom:0;right:0;box-sizing:border-box;padding:0;border:none;margin:auto;display:block;width:0;height:0;min-width:100%;max-width:100%;min-height:100%;max-height:100%\" class=\"side-article\" loading=\"lazy\"\/><\/a><\/p>\n<p class=\"news-item-description\">Futbalisti Viktorie Plze\u0148 sa predstavia v ligovej f\u00e1ze Eur\u00f3pskej ligy bez slovensk\u00e9ho obrancu D\u00e1vida Kr\u010d\u00edka. \u010cesk\u00fd klub ho nezaradil na eur\u00f3psku s\u00fapisku.<\/p>\n<p>E\u0161te ned\u00e1vno bol hrdinom d\u00f4le\u017eit\u00e9ho duelu proti Crvenej zvezde Belehrad, ke\u010f v play-off rozhodol o postupe \u201eViktorky\u201d. Napriek tomuto k\u013e\u00fa\u010dov\u00e9mu momentu a fantastickej bilancii z uplynul\u00e9ho ro\u010dn\u00edka, po\u010das ktor\u00e9ho dok\u00e1zal z poz\u00edcie stredn\u00e9ho obrancu sk\u00f3rova\u0165 a\u017e 12-kr\u00e1t, nezostalo pre neho miesto na eur\u00f3pskej poh\u00e1rovej s\u00fapiske. Tento \u0161krt v pl\u00e1noch jasne nazna\u010dil, \u017ee jeho dni na z\u00e1pade \u010ceska s\u00fa spo\u010d\u00edtan\u00e9.<\/p>\n<p>Plze\u0148 vysvet\u013euje odchod, Pardubice oslavuj\u00fa<\/p>\n<p>Samotn\u00fd klub potvrdil, \u017ee za ne\u010dakan\u00fdm odchodom s\u00fa predov\u0161etk\u00fdm hr\u00e1\u010dove hern\u00e9 vyhliadky pod veden\u00edm s\u00fa\u010dasn\u00e9ho tr\u00e9nera.<\/p>\n<p>\u0160portov\u00fd riadite\u013e Plzne Martin Voz\u00e1bal okolnosti prestupu vysvetlil nasledovne: \u201eD\u00e1vidovi je potrebn\u00e9 za jeho slu\u017eby klubu po\u010fakova\u0165. V\u017edy mal v\u00fdborn\u00fd pr\u00edstup a spr\u00e1val sa ako prof\u00edk. Aktu\u00e1lne by v\u0161ak pod nov\u00fdm tr\u00e9nerom nedost\u00e1val to\u013eko pr\u00edle\u017eitost\u00ed, ko\u013eko by si s\u00e1m predstavoval. Po vz\u00e1jomnej dohode sa teda na\u0161e cesty rozch\u00e1dzaj\u00fa a prajeme mu ve\u013ea \u0161\u0165astia v novom p\u00f4sobisku.\u201c<\/p>\n<p>K\u00fdm v Plzni sa slovensk\u00fd legion\u00e1r l\u00fa\u010dil, vo v\u00fdchodo\u010deskom klube zavl\u00e1dla po spe\u010daten\u00ed 4-ro\u010dnej zmluvy obrovsk\u00e1 rados\u0165. Vedenie Pardub\u00edc si od novej posily s\u013eubuje okam\u017eit\u00fd pr\u00ednos, sk\u00fasenosti a najm\u00e4 stabilitu v zadn\u00fdch radoch.<\/p>\n<p>\u0160portov\u00fd riadite\u013e pardubick\u00e9ho celku Ji\u0159\u00ed B\u00edlek neskr\u00fdval po podpise zmluvy ve\u013ek\u00e9 nad\u0161enie: \u201e<a class=\"autolink-enabled\" data-resource-id=\"244038\" data-resource-type=\"player\" data-sport=\"football\" href=\"https:\/\/sport.aktuality.sk\/futbal\/hrac\/david-krcik-244038\" rel=\"nofollow noopener\" target=\"_blank\">D\u00e1vid<\/a> je sk\u00fasen\u00fd a kvalitn\u00fd hr\u00e1\u010d, ktor\u00fd n\u00e1m m\u00f4\u017ee prinies\u0165 pokoj na lopte aj ve\u013emi dobr\u00fa rozohr\u00e1vku. Prich\u00e1dza z ve\u013ek\u00e9ho klubu a ver\u00edme, \u017ee jeho kvalita bude u n\u00e1s c\u00edti\u0165. E\u0161te pred p\u00e1r d\u0148ami pom\u00e1hal Viktorii <a class=\"autolink-enabled\" data-resource-id=\"971\" data-resource-type=\"team\" data-sport=\"football\" href=\"https:\/\/sport.aktuality.sk\/futbal\/fc-viktoria-plzen-971\" rel=\"nofollow noopener\" target=\"_blank\">Plze\u0148<\/a> k postupu do Eur\u00f3pskej ligy a dnes u\u017e je tu. To je skvel\u00e9.\u201c<\/p>\n<p>Pre ofenz\u00edvne laden\u00e9ho slovensk\u00e9ho obrancu tak \u0161tartuje v \u010deskej lige \u00faplne nov\u00e1 kapitola.<\/p>\n","protected":false},"excerpt":{"rendered":"Hoci jeho presn\u00fd z\u00e1sah definit\u00edvne posunul Viktoriu Plze\u0148 do hlavnej f\u00e1zy Eur\u00f3pskej ligy, eur\u00f3psku jese\u0148 si v jej&hellip;\n","protected":false},"author":2,"featured_media":170970,"comment_status":"","ping_status":"","sticky":false,"template":"","format":"standard","meta":{"footnotes":"","_share_on_mastodon":"0"},"categories":[13],"tags":[4352,4009,4358,37541,43,40,39,42,41,69,68],"class_list":["post-170969","post","type-post","status-publish","format-standard","has-post-thumbnail","category-sport","tag-chance-liga","tag-fc-viktoria-plzen","tag-fk-pardubice","tag-futbalove-prestupy","tag-sk","tag-slovak","tag-slovakia","tag-slovencina","tag-slovensko","tag-sport","tag-sports"],"share_on_mastodon":{"url":"https:\/\/pubeurope.com\/@sk\/117216892044098185","error":""},"_links":{"self":[{"href":"https:\/\/www.europesays.com\/sk\/wp-json\/wp\/v2\/posts\/170969","targetHints":{"allow":["GET"]}}],"collection":[{"href":"https:\/\/www.europesays.com\/sk\/wp-json\/wp\/v2\/posts"}],"about":[{"href":"https:\/\/www.europesays.com\/sk\/wp-json\/wp\/v2\/types\/post"}],"author":[{"embeddable":true,"href":"https:\/\/www.europesays.com\/sk\/wp-json\/wp\/v2\/users\/2"}],"replies":[{"embeddable":true,"href":"https:\/\/www.europesays.com\/sk\/wp-json\/wp\/v2\/comments?post=170969"}],"version-history":[{"count":0,"href":"https:\/\/www.europesays.com\/sk\/wp-json\/wp\/v2\/posts\/170969\/revisions"}],"wp:featuredmedia":[{"embeddable":true,"href":"https:\/\/www.europesays.com\/sk\/wp-json\/wp\/v2\/media\/170970"}],"wp:attachment":[{"href":"https:\/\/www.europesays.com\/sk\/wp-json\/wp\/v2\/media?parent=170969"}],"wp:term":[{"taxonomy":"category","embeddable":true,"href":"https:\/\/www.europesays.com\/sk\/wp-json\/wp\/v2\/categories?post=170969"},{"taxonomy":"post_tag","embeddable":true,"href":"https:\/\/www.europesays.com\/sk\/wp-json\/wp\/v2\/tags?post=170969"}],"curies":[{"name":"wp","href":"https:\/\/api.w.org\/{rel}","templated":true}]}}