{"id":170981,"date":"2026-09-05T06:12:13","date_gmt":"2026-09-05T06:12:13","guid":{"rendered":"https:\/\/www.europesays.com\/sk\/170981\/"},"modified":"2026-09-05T06:12:13","modified_gmt":"2026-09-05T06:12:13","slug":"zabudnite-na-pariz-tieto-3-carovne-miesta-su-na-jesen-ako-stvorene-pre-unik-vo-dvojici","status":"publish","type":"post","link":"https:\/\/www.europesays.com\/sk\/170981\/","title":{"rendered":"Zabudnite na Par\u00ed\u017e: Tieto 3 \u010darovn\u00e9 miesta s\u00fa na jese\u0148 ako stvoren\u00e9 pre \u00fanik vo dvojici"},"content":{"rendered":"<p>TOP romantick\u00e9 miesta jesene 2026: Tri destin\u00e1cie, ktor\u00e9 chcete za\u017ei\u0165 vo dvojici aspo\u0148 raz v \u017eivote&#13;<br \/>\n\t\t\t\t\t\t(Zdroj: Arch\u00edv Feminity)\t\t\t\t\t<\/p>\n<p>Niektor\u00e9 cesty si pam\u00e4t\u00e1me pod\u013ea pamiatok, in\u00e9 pod\u013ea pocitu, \u017ee sa na chv\u00ed\u013eu zastavil \u010das. Vybrali sme tri v\u00fdnimo\u010dn\u00e9 destin\u00e1cie, v ktor\u00fdch jesenn\u00e9 farby, lok\u00e1lna gastron\u00f3mia a spolo\u010dn\u00e9 z\u00e1\u017eitky vytv\u00e1raj\u00fa autentick\u00fa romantiku. Kam sa vyda\u0165 za v\u00fdchodom slnka medzi bal\u00f3nmi, ve\u010derom vo viniciach alebo plavbou po alpskom jazere?&#13;\n<\/p>\n<p style=\"text-align:justify\">Romantick\u00fd v\u00fdlet nemus\u00ed znamena\u0165 drah\u00fd hotel, lupene ru\u017e\u00ed ani ve\u010deru napl\u00e1novan\u00fa do posledn\u00e9ho detailu. Neraz sta\u010d\u00ed miesto, ktor\u00e9 v\u00e1s prin\u00fati spomali\u0165, odlo\u017ei\u0165 telef\u00f3n a op\u00e4\u0165 sa spolu rozpr\u00e1va\u0165 bez toho, aby ste kontrolovali \u010das. Pr\u00e1ve jese\u0148 je na podobn\u00e9 cesty ide\u00e1lna. Hor\u00fa\u010davy ustupuj\u00fa, najzn\u00e1mej\u0161ie z\u00e1kutia p\u00f4sobia pokojnej\u0161ie a krajina z\u00edskava farby, ktor\u00e9 po\u010das hlavnej sez\u00f3ny neuvid\u00edte. Ak t\u00fa\u017eite po kr\u00e1tkom \u00faniku vo dvojici, tieto tri lokality pon\u00fakaj\u00fa skuto\u010dne ve\u013ea!<\/p>\n<p>Val d\u2019Orcia, Taliansko: Krajina, v ktorej sa nikam nepon\u00e1h\u013ea<\/p>\n<p style=\"text-align:justify\">Ju\u017en\u00e9 <a href=\"https:\/\/feminity.zoznam.sk\/cl\/2005540\/9468577\/Letny-vikend-ako-z-rozpravky--Tento-slovensky-kastiel-patri-medzi-europske-skvosty--zamiloval-si-ho-aj-princ-Harry\" target=\"_blank\" rel=\"nofollow noopener\">Tosk\u00e1nsko<\/a> vyzer\u00e1, akoby ho niekto nama\u013eoval presne pod\u013ea predstavy o talianskom vidieku. Zvlnen\u00e9 kopce pret\u00ednaj\u00fa aleje cyprusov, na ich vrcholoch stoja kamenn\u00e9 meste\u010dk\u00e1 a medzi nimi ved\u00fa cesty, pri ktor\u00fdch budete chcie\u0165 zastavi\u0165 ka\u017ed\u00fdch p\u00e1r min\u00fat.<\/p>\n<p style=\"text-align:justify\">Val d\u2019Orcia je kult\u00farnou krajinou zap\u00edsanou v zozname UNESCO. Zah\u0155\u0148a Pienzu, Montalcino, San Quirico d\u2019Orcia, Radicofani aj Castiglione d\u2019Orcia, preto sa ju neoplat\u00ed absolvova\u0165 ako r\u00fdchly jednod\u0148ov\u00fd v\u00fdlet. Najv\u00e4\u010d\u0161ie \u010daro m\u00e1 vtedy, ke\u010f si prenajmete auto a dovol\u00edte si niektor\u00e9 odbo\u010dky v\u00f4bec nepl\u00e1nova\u0165.<\/p>\n<p style=\"text-align:justify\">Za\u010dnite v Pienze, renesan\u010dnom meste\u010dku s v\u00fdh\u013eadmi na cel\u00e9 \u00fadolie. Prejdite sa \u00fazkymi uli\u010dkami, zastavte sa na terase Palazzo Piccolomini a nesk\u00f4r zamierte do Bagno Vignoni. Jeho historick\u00e9 n\u00e1mestie nevyp\u013a\u0148a font\u00e1na, ale ve\u013ek\u00fd baz\u00e9n s term\u00e1lnou vodou. K\u00fapa\u0165 sa v \u0148om nemo\u017eno, pr\u00edrodn\u00e9 pramene a wellness zariadenia v\u0161ak n\u00e1jdete v okol\u00ed.<\/p>\n<p style=\"text-align:justify\">Ve\u010der patr\u00ed Montalcinu a poh\u00e1ru Brunella, jedn\u00e9ho z najsl\u00e1vnej\u0161\u00edch tosk\u00e1nskych v\u00edn. Na tanieri by nemali ch\u00fdba\u0165 ru\u010dne roben\u00e9 cestoviny pici, rag\u00fa z diviaka ani pecorino z Pienzy, ktor\u00e1 je pova\u017eovan\u00e1 za centrum v\u00fdroby tohto ov\u010dieho syra.<\/p>\n<p>&#13;<br \/>\n\tPre koho je Val d\u2019Orcia ide\u00e1lna: Pre dvojicu, ktor\u00e1 si chce po\u017ei\u010da\u0165 auto, b\u00fdva\u0165 v agriturisme a strieda\u0165 v\u00fdlety s dlh\u00fdmi ve\u010derami.&#13;<br \/>\n\tKo\u013eko \u010dasu si vyhradi\u0165: Minim\u00e1lne tri noci. Jedna noc by v\u00e1m uk\u00e1zala scen\u00e9riu, no nedovolila za\u017ei\u0165 jej pokojn\u00e9 tempo.&#13;<br \/>\n\tNajkraj\u0161\u00ed moment: Z\u00e1pad slnka na ceste medzi Pienzou a San Quirico d\u2019Orcia, ke\u010f sa kopce sfarbia do meden\u00fdch odtie\u0148ov a rozsvietia sa prv\u00e9 kamenn\u00e9 usadlosti.&#13;<\/p>\n<p>\t<a href=\"https:\/\/feminity.zoznam.sk\/gl\/9603765\/6583769\/TOP-romanticke-miesta-jesene-2026--Tri-destinacie--ktore-chcete-zazit-vo-dvojici-aspon-raz-v-zivote\" rel=\"nofollow noopener\" target=\"_blank\"><br \/>\n\t\t<img decoding=\"async\" alt=\"Niektor\u00e9 cesty si pam\u00e4t\u00e1me pod\u013ea pamiatok, in\u00e9 pod\u013ea pocitu, \u017ee sa na chv\u00ed\u013eu zastavil \u010das\" aria-describedby=\"img-res-6583769\" class=\"\" height=\"2051\" id=\"6583769\" loading=\"lazy\" onerror=\"imgArticleLoadErr(this)\" src=\"https:\/\/www.europesays.com\/sk\/wp-content\/uploads\/2026\/09\/jesen-zivot-cestovanie-krasa.jpg\" style=\"aspect-ratio:0.780\" title=\"Niektor\u00e9 cesty si pam\u00e4t\u00e1me\" width=\"1600\"\/>\t\t\t<\/p>\n<p>\n\t\t\t\tZobrazi\u0165 gal\u00e9riu (7)\t\t\t<\/p>\n<p>\t<\/a><\/p>\n<p>Niektor\u00e9 cesty si pam\u00e4t\u00e1me pod\u013ea pamiatok, in\u00e9 pod\u013ea pocitu, \u017ee sa na chv\u00ed\u013eu zastavil \u010das\t\u00a0(Zdroj: Arch\u00edv Feminity)<\/p>\n<p>\t<a href=\"https:\/\/feminity.zoznam.sk\/gl\/9603765\/6583767\/TOP-romanticke-miesta-jesene-2026--Tri-destinacie--ktore-chcete-zazit-vo-dvojici-aspon-raz-v-zivote\" rel=\"nofollow noopener\" target=\"_blank\"><br \/>\n\t\t<img decoding=\"async\" alt=\"Ju\u017en\u00e9 Tosk\u00e1nsko vyzer\u00e1, akoby ho niekto nama\u013eoval presne pod\u013ea predstavy o talianskom vidieku\" aria-describedby=\"img-res-6583767\" class=\"\" height=\"1973\" id=\"6583767\" loading=\"lazy\" onerror=\"imgArticleLoadErr(this)\" src=\"https:\/\/www.europesays.com\/sk\/wp-content\/uploads\/2026\/09\/1788588731_45_jesen-zivot-cestovanie-krasa.jpg\" style=\"aspect-ratio:0.811\" title=\"Ju\u017en\u00e9 Tosk\u00e1nsko vyzer\u00e1, akoby\" width=\"1600\"\/>\t\t\t<\/p>\n<p>\n\t\t\t\tZobrazi\u0165 gal\u00e9riu (7)\t\t\t<\/p>\n<p>\t<\/a><\/p>\n<p>Ju\u017en\u00e9 Tosk\u00e1nsko vyzer\u00e1, akoby ho niekto nama\u013eoval presne pod\u013ea predstavy o talianskom vidieku\t\u00a0(Zdroj: Arch\u00edv Feminity)<\/p>\n<p>Kapad\u00f3cia, Turecko: R\u00e1no, na ktor\u00e9 sa nezab\u00fada<\/p>\n<p style=\"text-align:justify\">Ak m\u00e1 romantika znamena\u0165 z\u00e1\u017eitok \u00faplne odli\u0161n\u00fd od be\u017en\u00e9ho \u017eivota, Kapad\u00f3cia patr\u00ed medzi najsilnej\u0161ie vo\u013eby. Sope\u010dn\u00e1 krajina pln\u00e1 skaln\u00fdch ku\u017ee\u013eov, podzemn\u00fdch miest a pr\u00edbytkov vytesan\u00fdch do kame\u0148a vyzer\u00e1 miestami ako in\u00e1 plan\u00e9ta.<\/p>\n<p style=\"text-align:justify\">Najzn\u00e1mej\u0161\u00edm <a href=\"https:\/\/feminity.zoznam.sk\/cl\/2005540\/9378939\/Kam-v-lete-2026-autom--Tieto-magicke-miesta-vas-dostanu--more-ako-v-Karibiku--sem-chcete-ist-aspon-raz-v-zivote\" target=\"_blank\" rel=\"nofollow noopener\">z\u00e1\u017eitkom<\/a> je let teplovzdu\u0161n\u00fdm bal\u00f3nom pri v\u00fdchode slnka. Ke\u010f sa obloha zapln\u00ed ich desiatkami a pod vami sa objavia \u00fadolia, jaskynn\u00e9 obydlia a takzvan\u00e9 rozpr\u00e1vkov\u00e9 kom\u00edny, skor\u00e9 vst\u00e1vanie prestane by\u0165 probl\u00e9mom. Let je v\u0161ak v\u017edy z\u00e1visl\u00fd od po\u010dasia, preto si ho rezervujte na prv\u00e9 r\u00e1no pobytu. Ak ho vietor zru\u0161\u00ed, zostane v\u00e1m priestor na \u010fal\u0161\u00ed pokus.<\/p>\n<p style=\"text-align:justify\">Ani bez vzlietnutia \u00a0v\u0161ak nebudete ochudobnen\u00ed. Farebn\u00fa scen\u00e9riu mo\u017eno sledova\u0165 z hotelovej terasy, prejs\u0165 sa cez \u00dadolie l\u00e1sky alebo si vybra\u0165 podve\u010dern\u00fa trasu v \u010cervenom a Ru\u017eovom \u00fadol\u00ed. \u00daplne odli\u0161n\u00fd poh\u013ead na regi\u00f3n pon\u00fakaj\u00fa podzemn\u00e9 komplexy, v ktor\u00fdch sa kedysi cel\u00e9 komunity ukr\u00fdvali pred nebezpe\u010denstvom.<\/p>\n<p style=\"text-align:justify\">Namiesto klasickej hotelovej izby si zvo\u013ete ubytovanie vybudovan\u00e9 v skale. Mnoh\u00e9 p\u00f4vodn\u00e9 jaskynn\u00e9 priestory dnes sp\u00e1jaj\u00fa autentick\u00fa architekt\u00faru s modern\u00fdm komfortom a terasami obr\u00e1ten\u00fdmi k v\u00fdchodu slnka.<\/p>\n<p style=\"text-align:justify\">Na ve\u010deru si objednajte m\u00e4so a zeleninu pomaly pripravovan\u00e9 v uzavretej hlinenej n\u00e1dobe, ktor\u00fa obsluha otvor\u00ed priamo pred vami. Regi\u00f3n m\u00e1 aj dlh\u00fa vin\u00e1rsku trad\u00edciu, preto sa oplat\u00ed ochutna\u0165 miestne v\u00edno alebo nav\u0161t\u00edvi\u0165 niektor\u00e9 z vin\u00e1rstiev spojen\u00fdch s turistick\u00fdmi a jazdeck\u00fdmi trasami.<\/p>\n<p>&#13;<br \/>\n\tPre koho je Kapad\u00f3cia ide\u00e1lna: Pre dvojicu, ktor\u00e1 nechce iba oddychova\u0165, ale odnies\u0165 si domov spolo\u010dn\u00fd z\u00e1\u017eitok s pr\u00edbehom.&#13;<br \/>\n\tKo\u013eko \u010dasu si vyhradi\u0165: Tri a\u017e \u0161tyri noci, najm\u00e4 kv\u00f4li mo\u017enosti zru\u0161en\u00e9ho letu bal\u00f3nom.&#13;<br \/>\n\tNajkraj\u0161\u00ed moment: Prv\u00e9 svetlo nad G\u00f6reme, \u0161\u00e1lka hor\u00faceho \u010daju v ruk\u00e1ch a stovky bal\u00f3nov pomaly vystupuj\u00facich nad \u00fadolie.&#13;<\/p>\n<p>\t<a href=\"https:\/\/feminity.zoznam.sk\/gl\/9603765\/6583775\/TOP-romanticke-miesta-jesene-2026--Tri-destinacie--ktore-chcete-zazit-vo-dvojici-aspon-raz-v-zivote\" rel=\"nofollow noopener\" target=\"_blank\"><br \/>\n\t\t<img decoding=\"async\" alt=\"Farebn\u00fa scen\u00e9riu mo\u017eno sledova\u0165 z hotelovej terasy\" aria-describedby=\"img-res-6583775\" class=\"\" height=\"2322\" id=\"6583775\" loading=\"lazy\" onerror=\"imgArticleLoadErr(this)\" src=\"https:\/\/www.europesays.com\/sk\/wp-content\/uploads\/2026\/09\/1788588731_350_jesen-zivot-cestovanie-krasa.jpg\" style=\"aspect-ratio:0.689\" title=\"Farebn\u00fa scen\u00e9riu mo\u017eno sledova\u0165\" width=\"1600\"\/>\t\t\t<\/p>\n<p>\n\t\t\t\tZobrazi\u0165 gal\u00e9riu (7)\t\t\t<\/p>\n<p>\t<\/a><\/p>\n<p>Farebn\u00fa scen\u00e9riu mo\u017eno sledova\u0165 z hotelovej terasy\t\u00a0(Zdroj: Arch\u00edv Feminity)<\/p>\n<p>\t<a href=\"https:\/\/feminity.zoznam.sk\/gl\/9603765\/6583771\/TOP-romanticke-miesta-jesene-2026--Tri-destinacie--ktore-chcete-zazit-vo-dvojici-aspon-raz-v-zivote\" rel=\"nofollow noopener\" target=\"_blank\"><br \/>\n\t\t<img decoding=\"async\" alt=\"Toto miesto si zamilujete\" aria-describedby=\"img-res-6583771\" class=\"\" height=\"2658\" id=\"6583771\" loading=\"lazy\" onerror=\"imgArticleLoadErr(this)\" src=\"https:\/\/www.europesays.com\/sk\/wp-content\/uploads\/2026\/09\/1788588732_718_jesen-zivot-cestovanie-krasa.jpg\" style=\"aspect-ratio:0.602\" title=\"Toto miesto si zamilujete\" width=\"1600\"\/>\t\t\t<\/p>\n<p>\n\t\t\t\tZobrazi\u0165 gal\u00e9riu (7)\t\t\t<\/p>\n<p>\t<\/a><\/p>\n<p>Toto miesto si zamilujete\t\u00a0(Zdroj: Arch\u00edv Feminity)<\/p>\n<p>Bled, Slovinsko: Rozpr\u00e1vka ukryt\u00e1 pod Alpami<\/p>\n<p style=\"text-align:justify\">Bledsk\u00e9 jazero mo\u017eno pozn\u00e1te z fotografi\u00ed, na\u017eivo je v\u0161ak e\u0161te kraj\u0161ie. Uprostred hladiny le\u017e\u00ed mal\u00fd ostrov s kostolom, nad vodou sa dv\u00edha hrad a za n\u00edm vystupuj\u00fa vrcholy Julsk\u00fdch \u00c1lp. Po\u010das jesene sa do obrazu pridaj\u00fa oran\u017eov\u00e9 lesy, rann\u00e1 hmla a ticho, ktor\u00e9 v lete b\u00fdva vz\u00e1cne.<\/p>\n<p style=\"text-align:justify\">Okolo jazera vedie nen\u00e1ro\u010dn\u00e1 pribli\u017ene \u0161es\u0165kilometrov\u00e1 trasa. Nie je to v\u00fdkon, ktor\u00fd treba zdola\u0165 \u010do najr\u00fdchlej\u0161ie. Cestou si sadnite na lavi\u010dku, zastavte sa na vyhliadkach a po\u010dkajte, k\u00fdm sa ostrov uk\u00e1\u017ee v inom svetle.<\/p>\n<p style=\"text-align:justify\">Na <a href=\"https:\/\/feminity.zoznam.sk\/cl\/2005540\/9378939\/Kam-v-lete-2026-autom--Tieto-magicke-miesta-vas-dostanu--more-ako-v-Karibiku--sem-chcete-ist-aspon-raz-v-zivote\" target=\"_blank\" rel=\"nofollow noopener\">n\u00e1v\u0161tevu <\/a>kostola m\u00f4\u017eete vyu\u017ei\u0165 tradi\u010dn\u00fa dreven\u00fa lo\u010fku. Kormideln\u00edk ju ovl\u00e1da postoja\u010dky a toto remeslo sa v miestnych rodin\u00e1ch odovzd\u00e1va po cel\u00e9 gener\u00e1cie. Po pr\u00edchode v\u00e1s \u010dak\u00e1 n\u00e1v\u0161teva zvonice aj s kr\u00e1snou trad\u00edciou zvonenia na zvon \u017eelan\u00ed.<\/p>\n<p style=\"text-align:justify\">Najlep\u0161\u00ed poh\u013ead na okolie pon\u00faka hrad stojaci na skalnom brale. Ak v\u0161ak t\u00fa\u017eite po s\u00fakromnej\u0161om okamihu, vyberte sa na vyhliadku Ojstrica. V\u00fdstup je kr\u00e1tky, miestami prud\u0161\u00ed, no odmenou bude jeden z najdokonalej\u0161\u00edch obrazov Slovinska.<\/p>\n<p style=\"text-align:justify\">Po prech\u00e1dzke pr\u00edde \u010das na krem\u0161nitu. Bledsk\u00fd kr\u00e9me\u0161 sa pripravuje z l\u00edstkov\u00e9ho cesta, vanilkov\u00e9ho kr\u00e9mu a \u0161\u013eaha\u010dky a za miestnu \u0161pecialitu sa pova\u017euje od roku 1953. Ochutnajte ho pri okne s v\u00fdh\u013eadom na hladinu &#8211; pokojne jeden na polovicu, hoci po prvom s\u00faste m\u00f4\u017eete toto rozhodnutie o\u013eutova\u0165.<\/p>\n<p>&#13;<br \/>\n\tPre koho je Bled ide\u00e1lny: Pre partnerov, ktor\u00ed chc\u00fa spoji\u0165 nen\u00e1ro\u010dn\u00fd pohyb, kr\u00e1snu pr\u00edrodu a wellness.&#13;<br \/>\n\tKo\u013eko \u010dasu si vyhradi\u0165: Dve noci. Ak prid\u00e1te Bohinj alebo \u013dub\u013eanu, pred\u013a\u017ete si pobyt aspo\u0148 o \u010fal\u0161\u00ed de\u0148.&#13;<br \/>\n\tNajkraj\u0161\u00ed moment: Skor\u00e9 r\u00e1no pri brehu, ke\u010f nad hladinou zost\u00e1va jemn\u00e1 hmla a v\u00fdletn\u00e9 skupiny e\u0161te len ra\u0148ajkuj\u00fa.&#13;<\/p>\n<p>\t<a href=\"https:\/\/feminity.zoznam.sk\/gl\/9603765\/6583765\/TOP-romanticke-miesta-jesene-2026--Tri-destinacie--ktore-chcete-zazit-vo-dvojici-aspon-raz-v-zivote\" rel=\"nofollow noopener\" target=\"_blank\"><br \/>\n\t\t<img decoding=\"async\" alt=\"\u010carovn\u00e9 a malebn\u00e9 miesto z\u00e1rove\u0148\" aria-describedby=\"img-res-6583765\" class=\"\" height=\"2065\" id=\"6583765\" loading=\"lazy\" onerror=\"imgArticleLoadErr(this)\" src=\"https:\/\/www.europesays.com\/sk\/wp-content\/uploads\/2026\/09\/1788588732_820_jesen-zivot-cestovanie-krasa.jpg\" style=\"aspect-ratio:0.775\" title=\"\u010carovn\u00e9 a malebn\u00e9 miesto\" width=\"1600\"\/>\t\t\t<\/p>\n<p>\n\t\t\t\tZobrazi\u0165 gal\u00e9riu (7)\t\t\t<\/p>\n<p>\t<\/a><\/p>\n<p>\u010carovn\u00e9 a malebn\u00e9 miesto z\u00e1rove\u0148\t\u00a0(Zdroj: Arch\u00edv Feminity)<\/p>\n<p>\t<a href=\"https:\/\/feminity.zoznam.sk\/gl\/9603765\/6583763\/TOP-romanticke-miesta-jesene-2026--Tri-destinacie--ktore-chcete-zazit-vo-dvojici-aspon-raz-v-zivote\" rel=\"nofollow noopener\" target=\"_blank\"><br \/>\n\t\t<img decoding=\"async\" alt=\"Bledsk\u00e9 jazero mo\u017eno pozn\u00e1te z fotografi\u00ed, na\u017eivo je v\u0161ak e\u0161te kraj\u0161ie\" aria-describedby=\"img-res-6583763\" class=\"\" height=\"2033\" id=\"6583763\" loading=\"lazy\" onerror=\"imgArticleLoadErr(this)\" src=\"https:\/\/www.europesays.com\/sk\/wp-content\/uploads\/2026\/09\/1788588733_112_jesen-zivot-cestovanie-krasa.jpg\" style=\"aspect-ratio:0.787\" title=\"Bledsk\u00e9 jazero mo\u017eno pozn\u00e1te\" width=\"1600\"\/>\t\t\t<\/p>\n<p>\n\t\t\t\tZobrazi\u0165 gal\u00e9riu (7)\t\t\t<\/p>\n<p>\t<\/a><\/p>\n<p>Bledsk\u00e9 jazero mo\u017eno pozn\u00e1te z fotografi\u00ed, na\u017eivo je v\u0161ak e\u0161te kraj\u0161ie\t\u00a0(Zdroj: Arch\u00edv Feminity)<\/p>\n","protected":false},"excerpt":{"rendered":"TOP romantick\u00e9 miesta jesene 2026: Tri destin\u00e1cie, ktor\u00e9 chcete za\u017ei\u0165 vo dvojici aspo\u0148 raz v \u017eivote&#13; (Zdroj: Arch\u00edv&hellip;\n","protected":false},"author":2,"featured_media":170982,"comment_status":"","ping_status":"","sticky":false,"template":"","format":"standard","meta":{"footnotes":"","_share_on_mastodon":"0"},"categories":[8],"tags":[855,11094,44949,43025,33,28493,43,40,42,36,50,47308,49,48],"class_list":["post-170981","post","type-post","status-publish","format-standard","has-post-thumbnail","category-svet","tag-cestovanie","tag-jesen","tag-jesen-2026","tag-kam-zajst","tag-news","tag-romantika","tag-sk","tag-slovak","tag-slovencina","tag-spravy","tag-svet","tag-travel","tag-world","tag-world-news"],"share_on_mastodon":{"url":"https:\/\/pubeurope.com\/@sk\/117216958816828013","error":""},"_links":{"self":[{"href":"https:\/\/www.europesays.com\/sk\/wp-json\/wp\/v2\/posts\/170981","targetHints":{"allow":["GET"]}}],"collection":[{"href":"https:\/\/www.europesays.com\/sk\/wp-json\/wp\/v2\/posts"}],"about":[{"href":"https:\/\/www.europesays.com\/sk\/wp-json\/wp\/v2\/types\/post"}],"author":[{"embeddable":true,"href":"https:\/\/www.europesays.com\/sk\/wp-json\/wp\/v2\/users\/2"}],"replies":[{"embeddable":true,"href":"https:\/\/www.europesays.com\/sk\/wp-json\/wp\/v2\/comments?post=170981"}],"version-history":[{"count":0,"href":"https:\/\/www.europesays.com\/sk\/wp-json\/wp\/v2\/posts\/170981\/revisions"}],"wp:featuredmedia":[{"embeddable":true,"href":"https:\/\/www.europesays.com\/sk\/wp-json\/wp\/v2\/media\/170982"}],"wp:attachment":[{"href":"https:\/\/www.europesays.com\/sk\/wp-json\/wp\/v2\/media?parent=170981"}],"wp:term":[{"taxonomy":"category","embeddable":true,"href":"https:\/\/www.europesays.com\/sk\/wp-json\/wp\/v2\/categories?post=170981"},{"taxonomy":"post_tag","embeddable":true,"href":"https:\/\/www.europesays.com\/sk\/wp-json\/wp\/v2\/tags?post=170981"}],"curies":[{"name":"wp","href":"https:\/\/api.w.org\/{rel}","templated":true}]}}