{"id":171027,"date":"2026-09-05T07:22:09","date_gmt":"2026-09-05T07:22:09","guid":{"rendered":"https:\/\/www.europesays.com\/sk\/171027\/"},"modified":"2026-09-05T07:22:09","modified_gmt":"2026-09-05T07:22:09","slug":"norsko-poskytne-potrebnu-pomoc-rusom-uviaznutym-na-spicbergoch-pre-pravny-spor","status":"publish","type":"post","link":"https:\/\/www.europesays.com\/sk\/171027\/","title":{"rendered":"N\u00f3rsko poskytne potrebn\u00fa pomoc Rusom uviaznut\u00fdm na \u0160picbergoch pre pr\u00e1vny spor"},"content":{"rendered":"<p>OSLO &#8211; N\u00f3rsko poskytne potrebn\u00fa pomoc Rusom na arktickom s\u00faostrov\u00ed \u0160picbergy (Svalbard) po zadr\u017ean\u00ed lode, ktor\u00e1 na ostrovy prepravovala cestuj\u00facich a z\u00e1soby. V piatok to ozn\u00e1milo n\u00f3rske ministerstvo zahrani\u010dn\u00fdch vec\u00ed. Informuje o tom agent\u00fara Reuters.<\/p>\n<p>N\u00f3rsky s\u00fad tento t\u00fd\u017ede\u0148 nariadil na \u0160picbergoch zadr\u017ea\u0165 v\u00fdletn\u00fa lo\u010f Profesor Mol\u010danov v mene ukrajinskej spolo\u010dnosti, ktor\u00e1 je \u00fa\u010dastn\u00edkom pr\u00e1vneho sporu. To viedlo k uviaznutiu cestuj\u00facich aj pos\u00e1dky a Moskva n\u00e1sledne obvinila N\u00f3rsko z \u201epir\u00e1tstva\u201c.\u00a0\u201eN\u00f3rske org\u00e1ny robia v\u0161etko, \u010do je v ich sil\u00e1ch, aby ochr\u00e1nili rusk\u00fdch ob\u010danov, ktor\u00ed sa teraz na \u0160picbergoch ocitli v \u0165a\u017ekej situ\u00e1cii,\u201c uviedlo n\u00f3rske ministerstvo zahrani\u010dn\u00fdch vec\u00ed vo vyhl\u00e1sen\u00ed pre agent\u00faru Reuters a dodalo, \u017ee krajina si t\u00fdm pln\u00ed svoje medzin\u00e1rodn\u00e9 z\u00e1v\u00e4zky.<\/p>\n<p>Meste\u010dko Barentsburg, kde lo\u010f zadr\u017eiavaj\u00fa, je jednou z dvoch rusk\u00fdch os\u00e1d na \u0160picbergoch. Pod\u013ea n\u00f3rskeho \u0161tatistick\u00e9ho \u00faradu v nich \u017eije celkovo 392 obyvate\u013eov z celkovej popul\u00e1cie s\u00faostrovia, ktor\u00e1 predstavuje 2914 \u013eud\u00ed. Rusk\u00e9 spolo\u010dnosti pravidelne dost\u00e1vaj\u00fa v\u00fdnimky zo sankci\u00ed, aby sa zabezpe\u010dil dovoz potrav\u00edn a in\u00e9ho potrebn\u00e9ho tovaru na ostrovy, doplnil n\u00f3rsky rezort diplomacie.<\/p>\n","protected":false},"excerpt":{"rendered":"OSLO &#8211; N\u00f3rsko poskytne potrebn\u00fa pomoc Rusom na arktickom s\u00faostrov\u00ed \u0160picbergy (Svalbard) po zadr\u017ean\u00ed lode, ktor\u00e1 na ostrovy&hellip;\n","protected":false},"author":2,"featured_media":171028,"comment_status":"","ping_status":"","sticky":false,"template":"","format":"standard","meta":{"footnotes":"","_share_on_mastodon":"0"},"categories":[8],"tags":[33,1258,237,43,40,42,45686,36,50,49,48],"class_list":["post-171027","post","type-post","status-publish","format-standard","has-post-thumbnail","category-svet","tag-news","tag-norsko","tag-rusko","tag-sk","tag-slovak","tag-slovencina","tag-spicbergy","tag-spravy","tag-svet","tag-world","tag-world-news"],"share_on_mastodon":{"url":"https:\/\/pubeurope.com\/@sk\/117217234045378297","error":""},"_links":{"self":[{"href":"https:\/\/www.europesays.com\/sk\/wp-json\/wp\/v2\/posts\/171027","targetHints":{"allow":["GET"]}}],"collection":[{"href":"https:\/\/www.europesays.com\/sk\/wp-json\/wp\/v2\/posts"}],"about":[{"href":"https:\/\/www.europesays.com\/sk\/wp-json\/wp\/v2\/types\/post"}],"author":[{"embeddable":true,"href":"https:\/\/www.europesays.com\/sk\/wp-json\/wp\/v2\/users\/2"}],"replies":[{"embeddable":true,"href":"https:\/\/www.europesays.com\/sk\/wp-json\/wp\/v2\/comments?post=171027"}],"version-history":[{"count":0,"href":"https:\/\/www.europesays.com\/sk\/wp-json\/wp\/v2\/posts\/171027\/revisions"}],"wp:featuredmedia":[{"embeddable":true,"href":"https:\/\/www.europesays.com\/sk\/wp-json\/wp\/v2\/media\/171028"}],"wp:attachment":[{"href":"https:\/\/www.europesays.com\/sk\/wp-json\/wp\/v2\/media?parent=171027"}],"wp:term":[{"taxonomy":"category","embeddable":true,"href":"https:\/\/www.europesays.com\/sk\/wp-json\/wp\/v2\/categories?post=171027"},{"taxonomy":"post_tag","embeddable":true,"href":"https:\/\/www.europesays.com\/sk\/wp-json\/wp\/v2\/tags?post=171027"}],"curies":[{"name":"wp","href":"https:\/\/api.w.org\/{rel}","templated":true}]}}