{"id":171045,"date":"2026-09-05T07:38:10","date_gmt":"2026-09-05T07:38:10","guid":{"rendered":"https:\/\/www.europesays.com\/sk\/171045\/"},"modified":"2026-09-05T07:38:10","modified_gmt":"2026-09-05T07:38:10","slug":"ako-predlzit-urodu-paradajok-este-nemusia-skoncit-dozrievat-mozu-aj-pocas-jesene","status":"publish","type":"post","link":"https:\/\/www.europesays.com\/sk\/171045\/","title":{"rendered":"Ako pred\u013a\u017ei\u0165 \u00farodu paradajok? E\u0161te nemusia skon\u010di\u0165, dozrieva\u0165 m\u00f4\u017eu aj po\u010das jesene"},"content":{"rendered":"<p>Leto sa pomaly kon\u010d\u00ed, no paradajky v z\u00e1hrade e\u0161te nemusia poveda\u0165 posledn\u00e9 slovo. Ak s\u00fa rastliny zdrav\u00e9 a st\u00e1le na nich dozrievaj\u00fa plody, ich sez\u00f3na sa e\u0161te skon\u010di\u0165 nemus\u00ed. Spr\u00e1vnou starostlivos\u0165ou mo\u017eno pred\u013a\u017ei\u0165 \u00farodu paradajok aj do skorej jesene. \u010co urobi\u0165 v septembri, aby \u010do najlep\u0161ie vyu\u017eili posledn\u00e9 tepl\u00e9 dni a stihli dozrie\u0165 e\u0161te pred pr\u00edchodom chladn\u00fdch noc\u00ed?<\/p>\n<p>Paradajkov\u00e1 \u00faroda e\u0161te skon\u010di\u0165 nemus\u00ed<\/p>\n<p>September do z\u00e1hrady prin\u00e1\u0161a in\u00fa situ\u00e1ciu ne\u017e hor\u00face letn\u00e9 mesiace. Dni sa u\u017e v\u00fdraznej\u0161ie skracuj\u00fa, noci ochladzuj\u00fa a rast paradajok sa postupne spoma\u013euje. To v\u0161ak e\u0161te neznamen\u00e1, \u017ee treba zdrav\u00e9 rastliny u\u017e odstr\u00e1ni\u0165 a definit\u00edvne sa s paradajkovou sez\u00f3nou rozl\u00fa\u010di\u0165. Ak na nich st\u00e1le dozrievaj\u00fa plody, spr\u00e1vnymi z\u00e1sahmi m\u00f4\u017eeme \u00farodu pred\u013a\u017ei\u0165 a vyu\u017ei\u0165 posledn\u00e9 tepl\u00e9 a slne\u010dn\u00e9 dni \u010do najlep\u0161ie.<\/p>\n<p>Mohlo by v\u00e1s zauj\u00edma\u0165:<\/p>\n<p>Reklama<\/p>\n<p>1. Najsk\u00f4r rastliny d\u00f4kladne skontrolujte<\/p>\n<p>Predov\u0161etk\u00fdm sa pozrite, v akej kond\u00edcii paradajky s\u00fa. Odstr\u00e1\u0148te listy, ktor\u00e9 s\u00fa \u017elt\u00e9, such\u00e9 alebo po\u0161koden\u00e9 a v\u0161etky \u010dasti rastliny s vidite\u013en\u00fdmi pr\u00edznakmi chor\u00f4b. Pri napadnut\u00ed ples\u0148ov\u00fdmi ochoreniami je d\u00f4le\u017eit\u00e9 chor\u00e9 pletiv\u00e1 nenech\u00e1va\u0165 na rastline a nevytv\u00e1ra\u0165 zbyto\u010dne prehusten\u00e9 a vlhk\u00e9 prostredie. Zdrav\u00e9 zelen\u00e9 listy v\u0161ak nie je d\u00f4vod odstra\u0148ova\u0165 len preto, \u017ee je september. Rastlina ich st\u00e1le potrebuje na fotosynt\u00e9zu a tvorbu l\u00e1tok, ktor\u00e9 s\u00fa d\u00f4le\u017eit\u00e9 aj pre dozrievanie plodov. Cie\u013eom preto nie je paradajku \u201evyzliec\u0165\u201c z listov, ale udr\u017ea\u0165 ju zdrav\u00fa, vzdu\u0161n\u00fa a funk\u010dn\u00fa.<\/p>\n<p>2. Zastavte \u010fal\u0161\u00ed rast<\/p>\n<p>Ak pestujete ty\u010dkov\u00e9 odrody, za\u010diatkom septembra u\u017e spravidla nem\u00e1 ve\u013ek\u00fd v\u00fdznam podporova\u0165 ich \u010fal\u0161ie predl\u017eovanie. Za\u0161tipnut\u00edm rastov\u00e9ho vrcholu m\u00f4\u017eeme rastline nazna\u010di\u0165, \u017ee jej sez\u00f3na sa pomaly kon\u010d\u00ed a energiu m\u00e1 venova\u0165 predov\u0161etk\u00fdm u\u017e vytvoren\u00fdm plodom. Vrchol odstr\u00e1\u0148te nad posledn\u00fdm s\u00fakvet\u00edm, ktor\u00e9 e\u0161te m\u00e1 re\u00e1lnu \u0161ancu dozrie\u0165. Nad n\u00edm ponechajte nieko\u013eko listov, ide\u00e1lne 2 a\u017e 3 listy, ktor\u00e9 funguj\u00fa ako \u201epumpa\u201c a na\u010falej bud\u00fa z\u00e1sobova\u0165 rastlinu produktami fotosynt\u00e9zy. Presn\u00fd term\u00edn z\u00e1sahu sa m\u00f4\u017ee l\u00ed\u0161i\u0165 pod\u013ea po\u010dasia, odrody aj podmienok, v ktor\u00fdch paradajky pestujete. V teplej\u0161ej chr\u00e1nenej polohe m\u00f4\u017ee by\u0165 sez\u00f3na dlh\u0161ia ne\u017e na otvorenom z\u00e1hone.<\/p>\n<p>3. Nov\u00e9 kvety u\u017e nie s\u00fa dobrou spr\u00e1vou<\/p>\n<p>Paradajka m\u00f4\u017ee e\u0161te aj v septembri vytv\u00e1ra\u0165 nov\u00e9 kvety a mal\u00e9 plody. Na prv\u00fd poh\u013ead je to pote\u0161uj\u00face, no pr\u00e1ve teraz treba by\u0165 trochu selekt\u00edvnej\u0161\u00ed. Ak do konca sez\u00f3ny zost\u00e1va len m\u00e1lo \u010dasu, drobn\u00e9 nov\u00e9 plody u\u017e s najv\u00e4\u010d\u0161ou pravdepodobnos\u0165ou nemusia stihn\u00fa\u0165 dozrie\u0165. Odstr\u00e1nen\u00edm neskor\u00fdch kvetov a \u00faplne drobn\u00fdch nov\u00fdch z\u00e1rodkov m\u00f4\u017eeme rastline u\u0161etri\u0165 \u010das\u0165 energie, ktor\u00fa m\u00f4\u017ee investova\u0165 do t\u00fdch plodov, ktor\u00e9 u\u017e dosiahli potrebn\u00fa ve\u013ekos\u0165. V septembri u\u017e toti\u017e nejde o to vytvori\u0165 \u010do najviac nov\u00fdch paradajok, ale da\u0165 \u0161ancu dozrie\u0165 t\u00fdm, ktor\u00e9 u\u017e na rastline m\u00e1me.<\/p>\n<p>N\u00e1\u0161 z\u00e1hradn\u00edcky tip: V septembri u\u017e paradajke nepom\u00f4\u017eete t\u00fdm, \u017ee ju budeme n\u00fati\u0165 vytv\u00e1ra\u0165 \u010do najviac nov\u00fdch plodov. Ove\u013ea rozumnej\u0161ie je s\u00fastredi\u0165 jej energiu na tie plody, ktor\u00e9 u\u017e vyr\u00e1stli a maj\u00fa \u0161ancu dozrie\u0165.<\/p>\n<p>4. Doprajte plodom svetlo, ale neodlistite rastlinu pr\u00edli\u0161<\/p>\n<p>S dozrievan\u00edm paradajok s\u00favis\u00ed aj dostatok svetla. Ak je rastlina ve\u013emi husto olisten\u00e1, m\u00f4\u017eeme postupne odstr\u00e1ni\u0165 star\u0161ie, po\u0161koden\u00e9 alebo tie listy, ktor\u00e9 v\u00fdrazne tienia dozrievaj\u00facim plodom. Z\u00e1rove\u0148 v\u0161ak treba odol\u00e1va\u0165 poku\u0161eniu odstr\u00e1ni\u0165 v\u0161etku zele\u0148 naraz. Listy s\u00fa pre paradajku st\u00e1le d\u00f4le\u017eitou \u201ev\u00fdrobnou prev\u00e1dzkou\u201c. Pr\u00edli\u0161 radik\u00e1lne odlistenie m\u00f4\u017ee obmedzi\u0165 fotosynt\u00e9zu a plody z\u00e1rove\u0148 vystavi\u0165 prudk\u00e9mu slnku, \u010do zvy\u0161uje riziko ich po\u0161kodenia. Ove\u013ea lep\u0161ia je postupn\u00e1 a rozumn\u00e1 \u00faprava porastu.<\/p>\n<p>5. Z\u00e1lievku prisp\u00f4sobte septembrov\u00e9mu po\u010dasiu<\/p>\n<p>Po\u010das hor\u00faceho leta paradajky spotreb\u00favaj\u00fa ve\u013ek\u00e9 mno\u017estvo vody, v septembri sa v\u0161ak podmienky menia. Teploty klesaj\u00fa a p\u00f4da spravidla nevysych\u00e1 tak r\u00fdchlo. To v\u0161ak neznamen\u00e1, \u017ee rastliny m\u00f4\u017eeme necha\u0165 \u00faplne preschn\u00fa\u0165. D\u00f4le\u017eit\u00e1 je predov\u0161etk\u00fdm rovnomern\u00e1 vlhkos\u0165 p\u00f4dy bez ve\u013ek\u00fdch v\u00fdkyvov. Prudk\u00e9 striedanie sucha a nadmernej z\u00e1lievky m\u00f4\u017ee vies\u0165 k praskaniu plodov a paradajky navy\u0161e zbyto\u010dne stresuje. Zalievajte pod\u013ea aktu\u00e1lneho po\u010dasia a potreby p\u00f4dy, ide\u00e1lne ku kore\u0148om, nie cez listy. V chladnej\u0161om a vlhkej\u0161om po\u010das\u00ed treba so z\u00e1lievkou nar\u00e1ba\u0165 e\u0161te opatrnej\u0161ie. Dlhodobo mokr\u00e9 listy a hust\u00fd porast toti\u017e vytv\u00e1raj\u00fa vhodn\u00e9 podmienky na \u0161\u00edrenie hubov\u00fdch ochoren\u00ed.<\/p>\n<p>6. Sledujte no\u010dn\u00e9 teploty<\/p>\n<p>September m\u00f4\u017ee by\u0165 cez de\u0148 e\u0161te kr\u00e1sne letn\u00fd, no pr\u00e1ve no\u010dn\u00e9 teploty n\u00e1m \u010dasto napovedia, ako dlho paradajkov\u00e1 sez\u00f3na vydr\u017e\u00ed. Ke\u010f sa za\u010dne ochladzova\u0165, rast sa spoma\u013euje a dozrievanie plodov u\u017e nebude tak\u00e9 r\u00fdchle ako v auguste. Preto sa oplat\u00ed sledova\u0165 predpove\u010f po\u010dasia a pri chladn\u00fdch nociach rastliny do\u010dasne chr\u00e1ni\u0165. Pom\u00f4c\u0165 m\u00f4\u017ee vhodn\u00e1 netkan\u00e1 text\u00edlia alebo in\u00fd priedu\u0161n\u00fd ochrann\u00fd materi\u00e1l. Kryt v\u0161ak treba pou\u017e\u00edva\u0165 tak, aby sa pod n\u00edm zbyto\u010dne nehromadila vlhkos\u0165, a po\u010das teplej\u0161\u00edch dn\u00ed ho odstr\u00e1ni\u0165. Ak predpove\u010f upozor\u0148uje na prv\u00fd mr\u00e1z, u\u017e nie je \u010das \u010daka\u0165. Paradajky s\u00fa teplomiln\u00e9 rastliny a po\u0161kodenie mrazom m\u00f4\u017ee zni\u010di\u0165 aj plody, ktor\u00e9 boli tesne pred dozret\u00edm.<\/p>\n<p>7. Zelen\u00e9 paradajky e\u0161te nemusia skon\u010di\u0165 v komposte<\/p>\n<p>\u010co robi\u0165 s plodmi, ktor\u00e9 zostali na rastline zelen\u00e9? Ak s\u00fa zdrav\u00e9 a u\u017e dosiahli svoju kone\u010dn\u00fa ve\u013ekos\u0165, nemus\u00edme ich automaticky necha\u0165 na z\u00e1hone a\u017e do \u00fapln\u00e9ho ochladenia. Pred pr\u00edchodom mrazu je lep\u0161ie \u00farodu pozbiera\u0165. \u010cas\u0165 plodov m\u00f4\u017ee za vhodn\u00fdch podmienok dozrie\u0165 aj mimo rastliny. Vyberte zdrav\u00e9, nepo\u0161koden\u00e9 paradajky a ulo\u017ete ich na such\u00e9 miesto pri izbovej teplote, mimo priameho slnka. Priebe\u017ene ich kontrolujte a dozrievaj\u00face kusy odde\u013eujte od ostatn\u00fdch. \u00daplne drobn\u00e9, nedostato\u010dne vyvinut\u00e9 plody u\u017e, naopak, kvalitne nedozrej\u00fa. Na konci sez\u00f3ny sa skr\u00e1tka oplat\u00ed investova\u0165 \u010das a energiu len do t\u00fdch k\u00faskov, ktor\u00e9 e\u0161te maj\u00fa re\u00e1lnu \u0161ancu na z\u00e1chranu, ne\u017e sa sna\u017ei\u0165 zachr\u00e1ni\u0165 \u00faplne v\u0161etko.<\/p>\n<p>\u00daroda sa nemus\u00ed skon\u010di\u0165 s posledn\u00fdm augustov\u00fdm d\u0148om<\/p>\n<p>Paradajkov\u00e1 sez\u00f3na sa nekon\u010d\u00ed automaticky s kalend\u00e1rnym koncom leta. Zdrav\u00e9 rastliny m\u00f4\u017eu pri priaznivom po\u010das\u00ed pokra\u010dova\u0165 v dozrievan\u00ed aj po\u010das septembra a niekedy e\u0161te dlh\u0161ie. Sta\u010d\u00ed ich v tomto obdob\u00ed spr\u00e1vne nasmerova\u0165:<\/p>\n<p>1. obmedzi\u0165 \u010fal\u0161\u00ed rast,<br \/>2. odstr\u00e1ni\u0165 zbyto\u010dn\u00e9 \u010di chor\u00e9 \u010dasti,<br \/>3. podpori\u0165 dozrievanie existuj\u00facich plodov a v\u010das reagova\u0165 na ochladenie.<\/p>\n<p>Pr\u00e1ve teraz toti\u017e plat\u00ed viac ne\u017e inokedy, \u017ee pred\u013a\u017ei\u0165 \u00farodu neznamen\u00e1 prin\u00fati\u0165 paradajky r\u00e1s\u0165 za ka\u017ed\u00fa cenu. Znamen\u00e1 to da\u0165 posledn\u00fdm plodom \u010do najlep\u0161ie podmienky na dozretie.<\/p>\n<p><a class=\"fasc-button fasc-size-medium fasc-type-flat ico-fa fasc-ico-before fa-camera\" style=\"background-color: #fdda38; color: #0a0a0a;\" rel=\"noopener nofollow\" href=\"https:\/\/www.instagram.com\/plnielanu.sk\/\" target=\"_blank\">Sledujte n\u00e1\u0161 Instagram<\/a><\/p>\n<p>            <script async src=\"\/\/www.instagram.com\/embed.js\"><\/script><\/p>\n","protected":false},"excerpt":{"rendered":"Leto sa pomaly kon\u010d\u00ed, no paradajky v z\u00e1hrade e\u0161te nemusia poveda\u0165 posledn\u00e9 slovo. Ak s\u00fa rastliny zdrav\u00e9 a&hellip;\n","protected":false},"author":2,"featured_media":171046,"comment_status":"","ping_status":"","sticky":false,"template":"","format":"standard","meta":{"footnotes":"","_share_on_mastodon":"0"},"categories":[32],"tags":[21094,34,37,11094,33,20834,43,40,39,42,41,36,38,35,1220,32223],"class_list":["post-171045","post","type-post","status-publish","format-standard","has-post-thumbnail","category-spravy","tag-big","tag-headlines","tag-hlavne-spravy","tag-jesen","tag-news","tag-paradajky","tag-sk","tag-slovak","tag-slovakia","tag-slovencina","tag-slovensko","tag-spravy","tag-titulky","tag-top-stories","tag-zahrada","tag-zlepsovaky"],"share_on_mastodon":{"url":"https:\/\/pubeurope.com\/@sk\/117217296810131550","error":""},"_links":{"self":[{"href":"https:\/\/www.europesays.com\/sk\/wp-json\/wp\/v2\/posts\/171045","targetHints":{"allow":["GET"]}}],"collection":[{"href":"https:\/\/www.europesays.com\/sk\/wp-json\/wp\/v2\/posts"}],"about":[{"href":"https:\/\/www.europesays.com\/sk\/wp-json\/wp\/v2\/types\/post"}],"author":[{"embeddable":true,"href":"https:\/\/www.europesays.com\/sk\/wp-json\/wp\/v2\/users\/2"}],"replies":[{"embeddable":true,"href":"https:\/\/www.europesays.com\/sk\/wp-json\/wp\/v2\/comments?post=171045"}],"version-history":[{"count":0,"href":"https:\/\/www.europesays.com\/sk\/wp-json\/wp\/v2\/posts\/171045\/revisions"}],"wp:featuredmedia":[{"embeddable":true,"href":"https:\/\/www.europesays.com\/sk\/wp-json\/wp\/v2\/media\/171046"}],"wp:attachment":[{"href":"https:\/\/www.europesays.com\/sk\/wp-json\/wp\/v2\/media?parent=171045"}],"wp:term":[{"taxonomy":"category","embeddable":true,"href":"https:\/\/www.europesays.com\/sk\/wp-json\/wp\/v2\/categories?post=171045"},{"taxonomy":"post_tag","embeddable":true,"href":"https:\/\/www.europesays.com\/sk\/wp-json\/wp\/v2\/tags?post=171045"}],"curies":[{"name":"wp","href":"https:\/\/api.w.org\/{rel}","templated":true}]}}