{"id":171057,"date":"2026-09-05T07:51:13","date_gmt":"2026-09-05T07:51:13","guid":{"rendered":"https:\/\/www.europesays.com\/sk\/171057\/"},"modified":"2026-09-05T07:51:13","modified_gmt":"2026-09-05T07:51:13","slug":"policia-varuje-pred-podvodnymi-telefonatmi","status":"publish","type":"post","link":"https:\/\/www.europesays.com\/sk\/171057\/","title":{"rendered":"Pol\u00edcia varuje pred podvodn\u00fdmi telefon\u00e1tmi"},"content":{"rendered":"<p>KOM\u00c1RNO &#8211; Pol\u00edcia v Nitrianskom kraji varuje pred podvodn\u00fdmi telefon\u00e1tmi, ktor\u00e9 boli zaznamenan\u00e9 predov\u0161etk\u00fdm v okrese Kom\u00e1rno. Ako informovala na soci\u00e1lnej sieti, podvodn\u00edci sa op\u00e4\u0165 vyd\u00e1vaj\u00fa za policajtov a zameriavaj\u00fa sa predov\u0161etk\u00fdm na seniorov.<\/p>\n<p>T\u00fdch sa p\u00fdtaj\u00fa, \u010di maj\u00fa doma v\u00e4\u010d\u0161\u00ed obnos pe\u0148az\u00ed. N\u00e1sledne pod legendou, \u017ee im majetok chce niekto ukradn\u00fa\u0165, in\u0161truuj\u00fa seniorov, aby veci zbalili a dali ich na verejne pr\u00edstupn\u00e9 miesto. \u201eVo v\u0161eobecnosti, ak v\u00e1m zatelefonuje niekto cudz\u00ed a bude od v\u00e1s \u017eiada\u0165, aby ste sa vzdali svojich cennost\u00ed, polo\u017ete telef\u00f3n a kontaktujte niekoho zn\u00e1meho,\u201c zd\u00f4raznila pol\u00edcia.<\/p>\n<p>Ako pop\u00edsala, podvodn\u00edci sa sna\u017eia svoju obe\u0165 udr\u017ea\u0165 na linke a navigova\u0165 ju, aby sa s nik\u00fdm druh\u00fdm neradila. \u201ePreto je potrebn\u00e9 spravi\u0165 prav\u00fd opak a s niek\u00fdm sa poradi\u0165. Ak sa niekto predstav\u00ed ako policajt, zamestnanec po\u0161ty alebo in\u00e1 autorita, v\u017edy si jeho identitu treba overi\u0165. Nie je vyl\u00fa\u010den\u00e9, \u017ee obdobn\u00fd podvod sa bude \u0161\u00edri\u0165 aj v inom okrese,\u201c varuje pol\u00edcia.<\/p>\n<p>\u00a0<\/p>\n","protected":false},"excerpt":{"rendered":"KOM\u00c1RNO &#8211; Pol\u00edcia v Nitrianskom kraji varuje pred podvodn\u00fdmi telefon\u00e1tmi, ktor\u00e9 boli zaznamenan\u00e9 predov\u0161etk\u00fdm v okrese Kom\u00e1rno. Ako&hellip;\n","protected":false},"author":2,"featured_media":171058,"comment_status":"","ping_status":"","sticky":false,"template":"","format":"standard","meta":{"footnotes":"","_share_on_mastodon":"0"},"categories":[6],"tags":[6424,525,585,43,40,44,39,42,45,41,12110],"class_list":["post-171057","post","type-post","status-publish","format-standard","has-post-thumbnail","category-slovensko","tag-podvody","tag-policia","tag-seniori","tag-sk","tag-slovak","tag-slovak-republic","tag-slovakia","tag-slovencina","tag-slovenska-republika","tag-slovensko","tag-telefonaty"],"share_on_mastodon":{"url":"https:\/\/pubeurope.com\/@sk\/117217347926831504","error":""},"_links":{"self":[{"href":"https:\/\/www.europesays.com\/sk\/wp-json\/wp\/v2\/posts\/171057","targetHints":{"allow":["GET"]}}],"collection":[{"href":"https:\/\/www.europesays.com\/sk\/wp-json\/wp\/v2\/posts"}],"about":[{"href":"https:\/\/www.europesays.com\/sk\/wp-json\/wp\/v2\/types\/post"}],"author":[{"embeddable":true,"href":"https:\/\/www.europesays.com\/sk\/wp-json\/wp\/v2\/users\/2"}],"replies":[{"embeddable":true,"href":"https:\/\/www.europesays.com\/sk\/wp-json\/wp\/v2\/comments?post=171057"}],"version-history":[{"count":0,"href":"https:\/\/www.europesays.com\/sk\/wp-json\/wp\/v2\/posts\/171057\/revisions"}],"wp:featuredmedia":[{"embeddable":true,"href":"https:\/\/www.europesays.com\/sk\/wp-json\/wp\/v2\/media\/171058"}],"wp:attachment":[{"href":"https:\/\/www.europesays.com\/sk\/wp-json\/wp\/v2\/media?parent=171057"}],"wp:term":[{"taxonomy":"category","embeddable":true,"href":"https:\/\/www.europesays.com\/sk\/wp-json\/wp\/v2\/categories?post=171057"},{"taxonomy":"post_tag","embeddable":true,"href":"https:\/\/www.europesays.com\/sk\/wp-json\/wp\/v2\/tags?post=171057"}],"curies":[{"name":"wp","href":"https:\/\/api.w.org\/{rel}","templated":true}]}}