{"id":171077,"date":"2026-09-05T08:11:08","date_gmt":"2026-09-05T08:11:08","guid":{"rendered":"https:\/\/www.europesays.com\/sk\/171077\/"},"modified":"2026-09-05T08:11:08","modified_gmt":"2026-09-05T08:11:08","slug":"top-trendy-v-interieri-na-jesen-2026-dizajneri-radia-ako-oklamat-metre-stvorcove-tieto-triky-zvacsia-aj-maly-byt","status":"publish","type":"post","link":"https:\/\/www.europesays.com\/sk\/171077\/","title":{"rendered":"TOP trendy v interi\u00e9ri na jese\u0148 2026: Dizajn\u00e9ri radia, ako oklama\u0165 metre \u0161tvorcov\u00e9. Tieto triky zv\u00e4\u010d\u0161ia aj mal\u00fd byt"},"content":{"rendered":"<p>Mal\u00fd byt nemus\u00ed p\u00f4sobi\u0165 stiesnene. Naopak, aktu\u00e1lne interi\u00e9rov\u00e9 trendy ukazuj\u00fa, \u017ee pri spr\u00e1vnej pr\u00e1ci s farbou, svetlom, n\u00e1bytkom a \u00falo\u017en\u00fdm priestorom dok\u00e1\u017eete aj z nieko\u013ek\u00fdch metrov vytvori\u0165 vzdu\u0161n\u00fd a \u0161t\u00fdlov\u00fd domov.<\/p>\n<p style=\"text-align:justify\">\u00a0<\/p>\n<p>Zrkadl\u00e1, ktor\u00e9 pridaj\u00fa optick\u00e9 metre<\/p>\n<p style=\"text-align:justify\">&#13;<br \/>\nToto je asi najpriamej\u0161\u00ed trik na \u201epridanie\u201c metrov \u0161tvorcov\u00fdch. Ve\u013ek\u00e9 zrkadlo, zrkadlov\u00fd obklad, bronzov\u00e9 zrkadl\u00e1 alebo leskl\u00e9 povrchy odr\u00e1\u017eaj\u00fa svetlo a vytv\u00e1raj\u00fa optick\u00fa h\u013abku. Reflexn\u00e9 povrchy s\u00fa pod\u013ea dizajn\u00e9rov jedn\u00fdm z trendov pre mal\u00e9 miestnosti v roku 2026.<\/p>\n<p>\t<a href=\"https:\/\/feminity.zoznam.sk\/gl\/9603075\/6582379\/TOP-trendy-v-interieri-na-jesen-2026--Dizajneri-radia--ako-oklamat-metre-stvorcove--Tieto-triky-zvacsia-aj-maly-byt\" rel=\"nofollow noopener\" target=\"_blank\"><br \/>\n\t\t<img decoding=\"async\" alt=\"Zrkadl\u00e1, ktor\u00e9 pridaj\u00fa optick\u00e9 metre\" aria-describedby=\"img-res-6582379\" class=\"\" height=\"1983\" id=\"6582379\" loading=\"lazy\" onerror=\"imgArticleLoadErr(this)\" src=\"https:\/\/www.europesays.com\/sk\/wp-content\/uploads\/2026\/09\/zrkadla-byvanie--trendy--multifunkcny-nabytok.jpg\" style=\"aspect-ratio:0.807\" title=\"Zrkadl\u00e1, ktor\u00e9 pridaj\u00fa optick\u00e9\" width=\"1600\"\/>\t\t\t<\/p>\n<p>\n\t\t\t\tZobrazi\u0165 gal\u00e9riu (5)\t\t\t<\/p>\n<p>\t<\/a><\/p>\n<p>Zrkadl\u00e1, ktor\u00e9 pridaj\u00fa optick\u00e9 metre\t\u00a0(Zdroj: Zara Home)<\/p>\n<p>Multifunk\u010dn\u00e9 k\u00fasky, ktor\u00e9 \u0161etria miesto<\/p>\n<p style=\"text-align:justify\">&#13;<br \/>\nPre mal\u00e9 byty \u00fapln\u00fd jackpot: \u00falo\u017en\u00fd taburet, rozkladac\u00ed st\u00f4l, seda\u010dka s \u00falo\u017en\u00fdm priestorom, lavica namiesto stoli\u010diek, pracovn\u00fd k\u00fat ukryt\u00fd v skrini. Trend smeruje k flexibiln\u00fdm a multifunk\u010dn\u00fdm priestorom, kde jeden kus n\u00e1bytku dok\u00e1\u017ee plni\u0165 viac \u00faloh.<\/p>\n<p>Ve\u013ek\u00e9 koberce pre s\u00favislej\u0161\u00ed priestor<\/p>\n<p style=\"text-align:justify\">&#13;<br \/>\n\u010eal\u0161\u00ed trik, ktor\u00fd znie zvl\u00e1\u0161tne, ale funguje. Pr\u00edli\u0161 mal\u00fd koberec rozsek\u00e1 miestnos\u0165 na jednotliv\u00e9 z\u00f3ny. V\u00e4\u010d\u0161\u00ed koberec dok\u00e1\u017ee naopak n\u00e1bytok vizu\u00e1lne spoji\u0165 a vytvori\u0165 s\u00favislej\u0161\u00ed priestor.<\/p>\n<p>\t<a href=\"https:\/\/feminity.zoznam.sk\/gl\/9603075\/6582381\/TOP-trendy-v-interieri-na-jesen-2026--Dizajneri-radia--ako-oklamat-metre-stvorcove--Tieto-triky-zvacsia-aj-maly-byt\" rel=\"nofollow noopener\" target=\"_blank\"><br \/>\n\t\t<img decoding=\"async\" alt=\"Ve\u013ek\u00e9 koberce pre s\u00favislej\u0161\u00ed priestor\" aria-describedby=\"img-res-6582381\" class=\"\" height=\"2008\" id=\"6582381\" loading=\"lazy\" onerror=\"imgArticleLoadErr(this)\" src=\"https:\/\/www.europesays.com\/sk\/wp-content\/uploads\/2026\/09\/1788595853_875_zrkadla-byvanie--trendy--multifunkcny-nabytok.jpg\" style=\"aspect-ratio:0.797\" title=\"Ve\u013ek\u00e9 koberce pre s\u00favislej\u0161\u00ed\" width=\"1600\"\/>\t\t\t<\/p>\n<p>\n\t\t\t\tZobrazi\u0165 gal\u00e9riu (5)\t\t\t<\/p>\n<p>\t<\/a><\/p>\n<p>Ve\u013ek\u00e9 koberce pre s\u00favislej\u0161\u00ed priestor\t\u00a0(Zdroj: Zara Home)<\/p>\n<p>Ve\u013ek\u00fd n\u00e1bytok v malom priestore<\/p>\n<p style=\"text-align:justify\">&#13;<br \/>\nNamiesto toho, aby sa vyu\u017e\u00edvala iba podlahov\u00e1 plocha, dizajn\u00e9ri pracuj\u00fa s vertik\u00e1lou. Vysok\u00e9 skrine, police a\u017e po strop \u010di vstavan\u00e9 rie\u0161enia vyu\u017eij\u00fa ka\u017ed\u00fd centimeter a z\u00e1rove\u0148 m\u00f4\u017eu miestnos\u0165 opticky \u201evytiahnu\u0165\u201c nahor.\u00a0<\/p>\n<p>Hrejiv\u00fd minimalizmus a tmav\u00e9 drevo<\/p>\n<p style=\"text-align:justify\">&#13;<br \/>\nNa sc\u00e9nu teda prich\u00e1dza hrejiv\u00fd minimalizmus, ktor\u00fd si st\u00e1le zachov\u00e1va z\u00e1kladn\u00e9 prvky jednoduchosti a vzdu\u0161nosti, ale dop\u013a\u0148a ich pr\u00edjemn\u00fdmi zemit\u00fdmi farbami v odtie\u0148och zelenej, oran\u017eovej, jant\u00e1rovej \u010di bordovej. D\u00f4le\u017eit\u00fdm prvkom je drevo, ktor\u00e9 prin\u00e1\u0161a ch\u00fdbaj\u00facu hrejivos\u0165, a to najm\u00e4 v jeho tmav\u0161\u00edch odtie\u0148och, ako tmav\u00fd dub, jase\u0148 alebo hlbok\u00fd eben.\u00a0<\/p>\n<p>\t<a href=\"https:\/\/feminity.zoznam.sk\/gl\/9603075\/6582455\/TOP-trendy-v-interieri-na-jesen-2026--Dizajneri-radia--ako-oklamat-metre-stvorcove--Tieto-triky-zvacsia-aj-maly-byt\" rel=\"nofollow noopener\" target=\"_blank\"><br \/>\n\t\t<img decoding=\"async\" alt=\"Hrejiv\u00fd minimalizmus a tmav\u00e9 drevo\" aria-describedby=\"img-res-6582455\" class=\"\" height=\"2133\" id=\"6582455\" loading=\"lazy\" onerror=\"imgArticleLoadErr(this)\" src=\"https:\/\/www.europesays.com\/sk\/wp-content\/uploads\/2026\/09\/1788595857_556_zrkadla-byvanie--trendy--multifunkcny-nabytok.jpg\" style=\"aspect-ratio:0.750\" title=\"Hrejiv\u00fd minimalizmus a tmav\u00e9\" width=\"1600\"\/>\t\t\t<\/p>\n<p>\n\t\t\t\tZobrazi\u0165 gal\u00e9riu (5)\t\t\t<\/p>\n<p>\t<\/a><\/p>\n<p>Hrejiv\u00fd minimalizmus a tmav\u00e9 drevo\t\u00a0(Zdroj: Westwing.sk)<\/p>\n<p>Kovov\u00e9 detaily a doplnky<\/p>\n<p style=\"text-align:justify\">S\u00fa\u010das\u0165ou interi\u00e9rov na jese\u0148 s\u00fa aj kovov\u00e9 doplnky, ktor\u00e9 tvoria kontrast s in\u00fdmi materi\u00e1lmi a farbami. Sta\u010d\u00ed jeden prvok v miestnosti a v\u00fdsledn\u00fd dojem z interi\u00e9ru sa posunie o level vy\u0161\u0161ie.<\/p>\n<p>\t<a href=\"https:\/\/feminity.zoznam.sk\/gl\/9603075\/6582457\/TOP-trendy-v-interieri-na-jesen-2026--Dizajneri-radia--ako-oklamat-metre-stvorcove--Tieto-triky-zvacsia-aj-maly-byt\" rel=\"nofollow noopener\" target=\"_blank\"><br \/>\n\t\t<img decoding=\"async\" alt=\"Kovov\u00e9 doplnky sa stali s\u00fa\u010das\u0165ou interi\u00e9ru na jese\u0148 2026 \" aria-describedby=\"img-res-6582457\" class=\"\" height=\"2133\" id=\"6582457\" loading=\"lazy\" onerror=\"imgArticleLoadErr(this)\" src=\"https:\/\/www.europesays.com\/sk\/wp-content\/uploads\/2026\/09\/1788595868_400_zrkadla-byvanie--trendy--multifunkcny-nabytok.jpg\" style=\"aspect-ratio:0.750\" title=\"Kovov\u00e9 doplnky sa stali\" width=\"1600\"\/>\t\t\t<\/p>\n<p>\n\t\t\t\tZobrazi\u0165 gal\u00e9riu (5)\t\t\t<\/p>\n<p>\t<\/a><\/p>\n<p>Kovov\u00e9 doplnky sa stali s\u00fa\u010das\u0165ou interi\u00e9ru na jese\u0148 2026 \t\u00a0(Zdroj: Westwing.sk)<\/p>\n<p style=\"text-align:justify\">\u00a0<\/p>\n","protected":false},"excerpt":{"rendered":"Mal\u00fd byt nemus\u00ed p\u00f4sobi\u0165 stiesnene. Naopak, aktu\u00e1lne interi\u00e9rov\u00e9 trendy ukazuj\u00fa, \u017ee pri spr\u00e1vnej pr\u00e1ci s farbou, svetlom, n\u00e1bytkom&hellip;\n","protected":false},"author":2,"featured_media":171078,"comment_status":"","ping_status":"","sticky":false,"template":"","format":"standard","meta":{"footnotes":"","_share_on_mastodon":"0"},"categories":[19],"tags":[109,108,1837,110,113,15632,14695,70,15998,44949,48299,4036,22999,43,40,39,42,41,48300,2812,112,111,71,48162],"class_list":["post-171077","post","type-post","status-publish","format-standard","has-post-thumbnail","category-umenie-a-dizajn","tag-art","tag-art-and-design","tag-byvanie","tag-design","tag-dizajn","tag-dizajneri","tag-domov","tag-entertainment","tag-interier","tag-jesen-2026","tag-multifunkcny-nabytok","tag-nabytok","tag-priestor","tag-sk","tag-slovak","tag-slovakia","tag-slovencina","tag-slovensko","tag-top-trendy-v-interieri","tag-trendy","tag-umenie","tag-umenie-a-dizajn","tag-zabava","tag-zrkadla"],"share_on_mastodon":{"url":"https:\/\/pubeurope.com\/@sk\/117217426616848959","error":""},"_links":{"self":[{"href":"https:\/\/www.europesays.com\/sk\/wp-json\/wp\/v2\/posts\/171077","targetHints":{"allow":["GET"]}}],"collection":[{"href":"https:\/\/www.europesays.com\/sk\/wp-json\/wp\/v2\/posts"}],"about":[{"href":"https:\/\/www.europesays.com\/sk\/wp-json\/wp\/v2\/types\/post"}],"author":[{"embeddable":true,"href":"https:\/\/www.europesays.com\/sk\/wp-json\/wp\/v2\/users\/2"}],"replies":[{"embeddable":true,"href":"https:\/\/www.europesays.com\/sk\/wp-json\/wp\/v2\/comments?post=171077"}],"version-history":[{"count":0,"href":"https:\/\/www.europesays.com\/sk\/wp-json\/wp\/v2\/posts\/171077\/revisions"}],"wp:featuredmedia":[{"embeddable":true,"href":"https:\/\/www.europesays.com\/sk\/wp-json\/wp\/v2\/media\/171078"}],"wp:attachment":[{"href":"https:\/\/www.europesays.com\/sk\/wp-json\/wp\/v2\/media?parent=171077"}],"wp:term":[{"taxonomy":"category","embeddable":true,"href":"https:\/\/www.europesays.com\/sk\/wp-json\/wp\/v2\/categories?post=171077"},{"taxonomy":"post_tag","embeddable":true,"href":"https:\/\/www.europesays.com\/sk\/wp-json\/wp\/v2\/tags?post=171077"}],"curies":[{"name":"wp","href":"https:\/\/api.w.org\/{rel}","templated":true}]}}