{"id":171095,"date":"2026-09-05T08:35:11","date_gmt":"2026-09-05T08:35:11","guid":{"rendered":"https:\/\/www.europesays.com\/sk\/171095\/"},"modified":"2026-09-05T08:35:11","modified_gmt":"2026-09-05T08:35:11","slug":"padli-ako-hrdinky-po-trojsetovej-bitke-mihalikova-s-nichollsovou-smolne-prehrali-sportky-zoznam-sk","status":"publish","type":"post","link":"https:\/\/www.europesays.com\/sk\/171095\/","title":{"rendered":"Padli ako hrdinky po trojsetovej bitke: Mihal\u00edkov\u00e1 s Nichollsovou smolne prehrali &#8211; sportky.zoznam.sk"},"content":{"rendered":"<p><a href=\"https:\/\/news.google.com\/rss\/articles\/CBMitgFBVV95cUxPdFRqUXJ4OFVRY1pOYVd4MzVod08tZFdjR3N6OWl1SHlUT2g2MDI4bG5wVzd3cnY2Y1ZZaDhYR05MdnBVbjdkN28yc2RyRUJMOVFpOFFTUXpjMGFTM251UXRRazRkNmZsdU9PTS05UzFCQ2RhX1J2Z2g3azVxX3JEdnViU293QVVxcEhqM2c2Tks2OU9hR1I3RVR1YU1pX1FkenFCSk5NeWt6TDZPMEJUWHhRV2E3QQ?oc=5\" target=\"_blank\" rel=\"nofollow noopener\">Padli ako hrdinky po trojsetovej bitke: Mihal\u00edkov\u00e1 s Nichollsovou smolne prehrali<\/a>&nbsp;&nbsp;sportky.zoznam.sk<a href=\"https:\/\/news.google.com\/rss\/articles\/CBMijAFBVV95cUxNMEJnY3g1Ty1SdmM3ZVhDU3NyMnZDSF9yVGxVNEVRSUQ2aHlIakxwY1VvUFZtcmJSMldYLXUzTWJ0bWRZZVplVllwUkYtUzE4elFrYnhxMndnYzlkS19CVk5TdHRSc2lPQkpEcGF0OFlkcS1ENlpES040ZE9BbTBjZzZmN3FFT21FQml3Zg?oc=5\" target=\"_blank\" rel=\"nofollow noopener\">US Open sa pre Mihal\u00edkov\u00fa skon\u010dil hne\u010f. Nenasaden\u00e9 s\u00faperky ich zdolali v troch setoch<\/a>&nbsp;&nbsp;SPORTNET<a href=\"https:\/\/news.google.com\/rss\/articles\/CBMirgFBVV95cUxPc0phY2tTcGp2MGphYnQ5VEh0M0VIY0ZmdXc4WG01Z0plUERwQXVLM202U2VhSDJDQWZCNzNZMWdzYjdEMm5NelBoUWYyVGNoalI2TElnOEx4Q3d4NjNJdURRZlpKY29kRzZzdzlMcnhRWkxKbUJxOXRlSlNxcjU0bnh5T0d5NDNLRnVDU3ZIRmJiR3lfMHJOR2FSa0xfVGYyS241NmJtZlNNLWw5LUE?oc=5\" target=\"_blank\" rel=\"nofollow noopener\">Sklamanie v New Yorku. Tereza Mihal\u00edkov\u00e1 nezvl\u00e1dla trojsetov\u00fa bitku a na US Open kon\u010d\u00ed hne\u010f v 1. kole<\/a>&nbsp;&nbsp;\u0160port.sk<a href=\"https:\/\/news.google.com\/rss\/articles\/CBMiggFBVV95cUxQSUhjX3l2TWlfVVc2aHNTZl83aFFLX2tiME44SkFXTmFKVUZHV2VLcUVZcFBTcVZfdlBQUW9VeF9uV3phcmx0TE1EdlktQjZJVFRHSDBwQ2IxY3pHNlNBNWkwQ255UFoxS21SVWVoSTVSNm1UcEJlQTQ3V0diTEUyTTZ3?oc=5\" target=\"_blank\" rel=\"nofollow noopener\">US Open pre MIHAL\u00cdKOV\u00da kon\u010d\u00ed u\u017e v prvom kole<\/a>&nbsp;&nbsp;Noviny.sk<a href=\"https:\/\/news.google.com\/rss\/articles\/CBMivwFBVV95cUxQV0puRlRsV3A2Rk9Nc3RjS1ZZVTVUNW5YVlYxNWVTblhMdTNOMDRzQTlOc29vWTFTaU9XNTczRXlyeWZDbWRsU0lUdXZZcXRsbXpJSksyUHdqcnBNQUFlbW9TaEtsUWhYTnM5QzIwRGl0ZVQ0QjVjMUZ5ckxud0NvUWJYenllTDlmeDFHbVZicGlodFZPbmZNR2ZWSjUxNWVLWHo0RU1GT2dlVUc0ODZxSUdzVUdocUZmcENiZGZPMA?oc=5\" target=\"_blank\" rel=\"nofollow noopener\">Mihal\u00edkov\u00e1 na US Open kon\u010d\u00ed hne\u010f v \u00favode. S Nichollsovou nesta\u010dili na nenasaden\u00e9 s\u00faperky<\/a>&nbsp;&nbsp;TA3<\/p>\n","protected":false},"excerpt":{"rendered":"Padli ako hrdinky po trojsetovej bitke: Mihal\u00edkov\u00e1 s Nichollsovou smolne prehrali&nbsp;&nbsp;sportky.zoznam.skUS Open sa pre Mihal\u00edkov\u00fa skon\u010dil hne\u010f. Nenasaden\u00e9&hellip;\n","protected":false},"author":2,"featured_media":171096,"comment_status":"","ping_status":"","sticky":false,"template":"","format":"standard","meta":{"footnotes":"","_share_on_mastodon":"0"},"categories":[32],"tags":[34,37,33,33601,43,40,39,42,41,36,17209,38,35,32632],"class_list":["post-171095","post","type-post","status-publish","format-standard","has-post-thumbnail","category-spravy","tag-headlines","tag-hlavne-spravy","tag-news","tag-olivia-nichollsova","tag-sk","tag-slovak","tag-slovakia","tag-slovencina","tag-slovensko","tag-spravy","tag-tereza-mihalikova","tag-titulky","tag-top-stories","tag-us-open"],"share_on_mastodon":{"url":"https:\/\/pubeurope.com\/@sk\/117217520784333220","error":""},"_links":{"self":[{"href":"https:\/\/www.europesays.com\/sk\/wp-json\/wp\/v2\/posts\/171095","targetHints":{"allow":["GET"]}}],"collection":[{"href":"https:\/\/www.europesays.com\/sk\/wp-json\/wp\/v2\/posts"}],"about":[{"href":"https:\/\/www.europesays.com\/sk\/wp-json\/wp\/v2\/types\/post"}],"author":[{"embeddable":true,"href":"https:\/\/www.europesays.com\/sk\/wp-json\/wp\/v2\/users\/2"}],"replies":[{"embeddable":true,"href":"https:\/\/www.europesays.com\/sk\/wp-json\/wp\/v2\/comments?post=171095"}],"version-history":[{"count":0,"href":"https:\/\/www.europesays.com\/sk\/wp-json\/wp\/v2\/posts\/171095\/revisions"}],"wp:featuredmedia":[{"embeddable":true,"href":"https:\/\/www.europesays.com\/sk\/wp-json\/wp\/v2\/media\/171096"}],"wp:attachment":[{"href":"https:\/\/www.europesays.com\/sk\/wp-json\/wp\/v2\/media?parent=171095"}],"wp:term":[{"taxonomy":"category","embeddable":true,"href":"https:\/\/www.europesays.com\/sk\/wp-json\/wp\/v2\/categories?post=171095"},{"taxonomy":"post_tag","embeddable":true,"href":"https:\/\/www.europesays.com\/sk\/wp-json\/wp\/v2\/tags?post=171095"}],"curies":[{"name":"wp","href":"https:\/\/api.w.org\/{rel}","templated":true}]}}