{"id":171157,"date":"2026-09-05T10:11:09","date_gmt":"2026-09-05T10:11:09","guid":{"rendered":"https:\/\/www.europesays.com\/sk\/171157\/"},"modified":"2026-09-05T10:11:09","modified_gmt":"2026-09-05T10:11:09","slug":"vrazda-politika-telo-nasli-v-aute-na-dialnici-so-strelnym-zranenim","status":"publish","type":"post","link":"https:\/\/www.europesays.com\/sk\/171157\/","title":{"rendered":"VRA\u017dDA POLITIKA: Telo na\u0161li v aute na dia\u013enici so streln\u00fdm zranen\u00edm"},"content":{"rendered":"<p>Mexiko 5. septembra (TASR) &#8211; Na dia\u013enici v \u0161t\u00e1te Veracruz na v\u00fdchode Mexika bolo n\u00e1jden\u00e9 telo \u010dlena Poslaneckej snemovne so streln\u00fdm poranen\u00edm, uviedli v piatok miestne \u00farady. TASR o tom p\u00ed\u0161e pod\u013ea spr\u00e1vy agent\u00fary AFP.<\/p>\n<p>Zenyazena Escobara na\u0161li v jeho vozidle so strelnou zbra\u0148ou , povedal na tla\u010dovej konferencii tajomn\u00edk vl\u00e1dy \u0161t\u00e1tu Veracruz Ricardo Ahued, pri\u010dom odmietol uvies\u0165, \u010di i\u0161lo o samovra\u017edu alebo vra\u017edu.<\/p>\n<p>\u201eSmr\u0165 bola sp\u00f4soben\u00e1 strelnou zbra\u0148ou. Nem\u00f4\u017eeme sa vyjadrova\u0165 k \u017eiadnym hypot\u00e9zam,\u201c povedal Ahued s t\u00fdm, \u017ee mexick\u00e1 prokurat\u00fara za\u010dala vy\u0161etrovanie. \u00datok na vozidlo v\u0161ak vyl\u00fa\u010dil.<\/p>\n<p>\u201eNe\u0161lo o \u00fatok, preto\u017ee auto stoj\u00ed na okraji (vozovky) a ni\u010d nenasved\u010duje tomu, \u017ee by do\u0161lo k rozsiahlej\u0161iemu \u00fatoku na vozidlo,\u201c uviedol.<\/p>\n<p>Zosnul\u00fd politik bol pred zvolen\u00edm do Poslaneckej snemovne v septembri 2024 u\u010dite\u013eom a odborov\u00fdm vodcom.<\/p>\n<p>\u0160t\u00e1t Veracruz pri Mexickom z\u00e1live, je dlhodobo pozna\u010den\u00fd n\u00e1sil\u00edm gangov zaoberaj\u00facich sa pa\u0161ovan\u00edm drog, p\u00ed\u0161e AFP.<\/p>\n","protected":false},"excerpt":{"rendered":"Mexiko 5. septembra (TASR) &#8211; Na dia\u013enici v \u0161t\u00e1te Veracruz na v\u00fdchode Mexika bolo n\u00e1jden\u00e9 telo \u010dlena Poslaneckej&hellip;\n","protected":false},"author":2,"featured_media":171158,"comment_status":"","ping_status":"","sticky":false,"template":"","format":"standard","meta":{"footnotes":"","_share_on_mastodon":"0"},"categories":[8],"tags":[4281,33,8254,43,40,42,36,48333,50,975,48332,49,48],"class_list":["post-171157","post","type-post","status-publish","format-standard","has-post-thumbnail","category-svet","tag-mexiko","tag-news","tag-politik","tag-sk","tag-slovak","tag-slovencina","tag-spravy","tag-strelne-zranenie","tag-svet","tag-telo","tag-veracruz","tag-world","tag-world-news"],"share_on_mastodon":{"url":"https:\/\/pubeurope.com\/@sk\/117217898210639044","error":""},"_links":{"self":[{"href":"https:\/\/www.europesays.com\/sk\/wp-json\/wp\/v2\/posts\/171157","targetHints":{"allow":["GET"]}}],"collection":[{"href":"https:\/\/www.europesays.com\/sk\/wp-json\/wp\/v2\/posts"}],"about":[{"href":"https:\/\/www.europesays.com\/sk\/wp-json\/wp\/v2\/types\/post"}],"author":[{"embeddable":true,"href":"https:\/\/www.europesays.com\/sk\/wp-json\/wp\/v2\/users\/2"}],"replies":[{"embeddable":true,"href":"https:\/\/www.europesays.com\/sk\/wp-json\/wp\/v2\/comments?post=171157"}],"version-history":[{"count":0,"href":"https:\/\/www.europesays.com\/sk\/wp-json\/wp\/v2\/posts\/171157\/revisions"}],"wp:featuredmedia":[{"embeddable":true,"href":"https:\/\/www.europesays.com\/sk\/wp-json\/wp\/v2\/media\/171158"}],"wp:attachment":[{"href":"https:\/\/www.europesays.com\/sk\/wp-json\/wp\/v2\/media?parent=171157"}],"wp:term":[{"taxonomy":"category","embeddable":true,"href":"https:\/\/www.europesays.com\/sk\/wp-json\/wp\/v2\/categories?post=171157"},{"taxonomy":"post_tag","embeddable":true,"href":"https:\/\/www.europesays.com\/sk\/wp-json\/wp\/v2\/tags?post=171157"}],"curies":[{"name":"wp","href":"https:\/\/api.w.org\/{rel}","templated":true}]}}