{"id":171163,"date":"2026-09-05T10:25:09","date_gmt":"2026-09-05T10:25:09","guid":{"rendered":"https:\/\/www.europesays.com\/sk\/171163\/"},"modified":"2026-09-05T10:25:09","modified_gmt":"2026-09-05T10:25:09","slug":"inspiroval-ho-102-rocny-veteran-princ-harry-sa-chysta-na-poriadne-adrenalinovy-kusok","status":"publish","type":"post","link":"https:\/\/www.europesays.com\/sk\/171163\/","title":{"rendered":"In\u0161piroval ho 102-ro\u010dn\u00fd veter\u00e1n: Princ Harry sa chyst\u00e1 na poriadne adrenal\u00ednov\u00fd k\u00fasok!"},"content":{"rendered":"<p>LOND\u00ddN &#8211; Princ Harry predvedie nebezpe\u010dn\u00fd akrobatick\u00fd k\u00fasok! V septembri 2026 m\u00e1 vojvoda zo Sussexu vysko\u010di\u0165 z lietadla v r\u00e1mci charitat\u00edvneho zoskokov\u00e9ho podujatia, ktor\u00e9ho cie\u013eom je podpori\u0165 kanadsk\u00fdch vojnov\u00fdch veter\u00e1nov a vojensk\u00e9 komunity. Presn\u00fd d\u00e1tum ani miesto zoskoku zatia\u013e organiz\u00e1tori nezverejnili.<\/p>\n<p>A za cel\u00fdm n\u00e1padom stoj\u00ed mu\u017e, od ktor\u00e9ho by to mo\u017eno \u010dakal m\u00e1lokto \u2013 102-ro\u010dn\u00fd veter\u00e1n druhej svetovej vojny Ed Marshall. Princ\u00a0Harry sa s Marshallom stretol minul\u00fd rok v Toronte v centre pre veter\u00e1nov nemocnice Sunnybrook. Obaja mali okam\u017eite spolo\u010dn\u00fa t\u00e9mu: vojensk\u00fa slu\u017ebu a pokra\u010dovanie v pomoci \u013eu\u010fom aj po jej skon\u010den\u00ed. Harry sl\u00fa\u017eil desa\u0165 rokov v britskej arm\u00e1de a absolvoval dve misie v Afganistane. Marshall bol po\u010das druhej svetovej vojny vycvi\u010den\u00fd ako para\u0161utista.<\/p>\n<p>A potom pri\u0161iel moment, ktor\u00fd Harryho zaujal. Marshall mu porozpr\u00e1val, \u017ee vo veku 100 rokov s\u00e1m absolvoval zoskok pad\u00e1kom, aby podporil charitu. Harryho t\u00e1to historka o\u010dividne chytila. Pod\u013ea Sunnybrook Foundation si dvojica za\u010dala pl\u00e1nova\u0165 vlastn\u00fd zoskok. Marshall u\u017e v\u0161ak tentoraz sk\u00e1ka\u0165 nebude \u2013 jeho miesto symbolicky prevezme jeho vnuk Bailey.<\/p>\n<p>Pre\u010do to Harry rob\u00ed? Nejde iba o adrenal\u00edn. Zoskok m\u00e1 vyzbiera\u0165 peniaze pre Sunnybrook Foundation a True Patriot Love Foundation, ktor\u00e9 pom\u00e1haj\u00fa kanadsk\u00fdm vojakom, veter\u00e1nom a ich rodin\u00e1m. Harry m\u00e1 navy\u0161e k tejto komunite dlhodob\u00fd vz\u0165ah cez Invictus Games, ktor\u00e9 zalo\u017eil v roku 2014. Tak\u017ee zatia\u013e \u010do bulv\u00e1r m\u00f4\u017ee hovori\u0165 o \u201enebezpe\u010dnom k\u00fasku princa Harryho\u201c, v skuto\u010dnosti je za n\u00edm pomerne osobn\u00fd pr\u00edbeh: 102-ro\u010dn\u00fd vojnov\u00fd veter\u00e1n, ktor\u00fd Harryho presved\u010dil, \u017ee pre charitu nie je nikdy neskoro urobi\u0165 nie\u010do odv\u00e1\u017ene.\u00a0<\/p>\n<p>\t\tHlasovanie ukon\u010den\u00e9<\/p>\n<p>\t\t\t\t{{ poll.title }}<\/p>\n<p>\t\t\t\t\t<img :alt=\"pollImageDescription()\" :src=\"https:\/\/www.topky.sk\/cl\/100314\/9485797\/poll.img_url\" class=\"box-quiz-new-image-questionnaire\"\/><\/p>\n<p>{{ poll.image_description }} (Zdroj: {{ poll.image_resource }})<\/p>\n<p>\t\t\t\t\t\t\t\t\t\t\t<img :alt=\"questionImageDescription(question)\" :src=\"https:\/\/www.topky.sk\/cl\/100314\/9485797\/question.img_url\" class=\"box-quiz-new-image-top\"\/><\/p>\n<p>Zdroj: {{ question.image_resource }}<\/p>\n<p>\n\t\t\t\t\t\t\t\t\t\t\t{{ question.text }}\n\t\t\t\t\t\t\t\t\t\t<\/p>\n<p>{{ question.text }}<\/p>\n<p>\t\t\t\t\t\t\t\t\t\t\t\t\t\t<img :alt=\"questionImageDescription(question)\" :src=\"https:\/\/www.topky.sk\/cl\/100314\/9485797\/question.img_url\" class=\"box-quiz-new-image-top\"\/><\/p>\n<p>Zdroj: {{ question.image_resource }}<\/p>\n<p>{{ poll.title }}<\/p>\n<p>{{ question.text }}<\/p>\n<p>\t\t\t\t\t\t\t\t\t\t\t\t\t\t<img :alt=\"questionImageDescription(question)\" :src=\"https:\/\/www.topky.sk\/cl\/100314\/9485797\/question.img_url\" class=\"box-quiz-new-image-top\"\/><\/p>\n<p>Zdroj: {{ question.image_resource }}<\/p>\n<p>{{ poll.rating_worst}}<\/p>\n<p>{{ poll.rating_best}}<\/p>\n<p>{{ poll.rating_best}}<\/p>\n<p>{{ poll.rating_worst}}<\/p>\n<p>\t\t\t\t\t\t\t\t\t\t\t\t\t{{ answer.text }}<\/p>\n<p>\t\t\t\t\t\t\t\t\t\t\t\t\t{{ answer.text }}<\/p>\n<p>\t\t\t\t\t{{ poll.title }}<\/p>\n<p v-if=\"poll.contact_form\">{{ poll.thanks }}<\/p>\n<p>{{ question.text }}<\/p>\n<p>\t\t\t\t\t\t\t\t\t<img :alt=\"questionImageDescription(question)\" :src=\"https:\/\/www.topky.sk\/cl\/100314\/9485797\/question.img_url\" class=\"box-quiz-new-image-top\"\/><\/p>\n<p>Zdroj: {{ question.image_resource }}<\/p>\n<p>Priemern\u00e9 hodnotenie: {{ question.rating }}<\/p>\n<p> Va\u0161e hodnotenie: {{ question.user_rating }}<\/p>\n<p>{{ question.text }}<\/p>\n<p>\t\t\t\t\t\t\t\t\t<img :alt=\"questionImageDescription(question)\" :src=\"https:\/\/www.topky.sk\/cl\/100314\/9485797\/question.img_url\" class=\"box-quiz-new-image-top\"\/><\/p>\n<p>Zdroj: {{ question.image_resource }}<\/p>\n<p>{{ poll.rating_worst}}<\/p>\n<p>{{ poll.rating_best}}<\/p>\n<p>{{ poll.rating_best}}<\/p>\n<p>{{ poll.rating_worst}}<\/p>\n<p>Priemern\u00e9 hodnotenie: {{ question.rating }}<\/p>\n<p> Va\u0161e hodnotenie: {{ question.user_rating }}<\/p>\n<p>Hlasovalo: {{questions[0].votes}}<\/p>\n<p>\t\t\t\t\t\t{{ poll.title }}<\/p>\n<p>\t\t\t\t\t\t\t<img :alt=\"pollImageDescription()\" :src=\"https:\/\/www.topky.sk\/cl\/100314\/9485797\/poll.img_url\" class=\"box-quiz-new-image-questionnaire\"\/><\/p>\n<p>{{ poll.image_description }} (Zdroj: {{ poll.image_resource }})<\/p>\n<p>{{ qIndex+1 }}\/{{ questions.length }}<\/p>\n<p>\t\t\t\t\t\t\t\t\t<img :alt=\"questionImageDescription(question)\" :src=\"https:\/\/www.topky.sk\/cl\/100314\/9485797\/question.img_url\" class=\"box-quiz-new-image-top\"\/><br \/>\n\t\t\t\t\t\t\t\t\t<a class=\"box-quiz-new-magnifier\" href=\"#\" title=\"Zv\u00e4\u010d\u0161i\u0165 obr\u00e1zok\">\u00a0<\/a><\/p>\n<p>Zdroj: {{ question.image_resource }}<\/p>\n<p>{{ question.text }}<\/p>\n<p>M\u00f4\u017eete ozna\u010di\u0165 viacero odpoved\u00ed.<\/p>\n<p class=\"profile-name\">{{ profiles[profileEvalueated.index].name }}<\/p>\n<p v-if=\"poll.show_profiles_percentage\">Zhoda: {{ profileEvalueated.weightPercentage }}%<\/p>\n<p>\t\t\t\t\t\t\t\t\t<img :alt=\"profiles[profileEvalueated.index].image_description\" :src=\"https:\/\/www.topky.sk\/cl\/100314\/9485797\/profiles[profileEvalueated.index].img_url\" class=\"box-quiz-new-image-questionnaire\"\/><\/p>\n<p>{{ profiles[profileEvalueated.index].image_description }} (Zdroj: {{ profiles[profileEvalueated.index].image_resource }})<\/p>\n<p><\/p>\n<p>\t\t\t\t\t\t\t\u00d7<br \/>\n\t\t\t\t\t\t\t<img :alt=\"imageModal.imgDescription\" :src=\"https:\/\/www.topky.sk\/cl\/100314\/9485797\/imageModal.imgUrl\" :style=\"isEmbed ? computeModalImageStyle() : ''\"\/><\/p>\n","protected":false},"excerpt":{"rendered":"LOND\u00ddN &#8211; Princ Harry predvedie nebezpe\u010dn\u00fd akrobatick\u00fd k\u00fasok! V septembri 2026 m\u00e1 vojvoda zo Sussexu vysko\u010di\u0165 z lietadla&hellip;\n","protected":false},"author":2,"featured_media":171164,"comment_status":"","ping_status":"","sticky":false,"template":"","format":"standard","meta":{"footnotes":"","_share_on_mastodon":"0"},"categories":[8],"tags":[10058,48337,48335,33,11135,48336,43,48334,40,42,36,50,14305,49,48],"class_list":["post-171163","post","type-post","status-publish","format-standard","has-post-thumbnail","category-svet","tag-charita","tag-harry-v-lietadle","tag-nebezpecny-kusok","tag-news","tag-princ-harry","tag-prve-verejne-vzstupenie-v-britanii","tag-sk","tag-skok-z-lietadla","tag-slovak","tag-slovencina","tag-spravy","tag-svet","tag-veterani","tag-world","tag-world-news"],"share_on_mastodon":{"url":"https:\/\/pubeurope.com\/@sk\/117217953251660156","error":""},"_links":{"self":[{"href":"https:\/\/www.europesays.com\/sk\/wp-json\/wp\/v2\/posts\/171163","targetHints":{"allow":["GET"]}}],"collection":[{"href":"https:\/\/www.europesays.com\/sk\/wp-json\/wp\/v2\/posts"}],"about":[{"href":"https:\/\/www.europesays.com\/sk\/wp-json\/wp\/v2\/types\/post"}],"author":[{"embeddable":true,"href":"https:\/\/www.europesays.com\/sk\/wp-json\/wp\/v2\/users\/2"}],"replies":[{"embeddable":true,"href":"https:\/\/www.europesays.com\/sk\/wp-json\/wp\/v2\/comments?post=171163"}],"version-history":[{"count":0,"href":"https:\/\/www.europesays.com\/sk\/wp-json\/wp\/v2\/posts\/171163\/revisions"}],"wp:featuredmedia":[{"embeddable":true,"href":"https:\/\/www.europesays.com\/sk\/wp-json\/wp\/v2\/media\/171164"}],"wp:attachment":[{"href":"https:\/\/www.europesays.com\/sk\/wp-json\/wp\/v2\/media?parent=171163"}],"wp:term":[{"taxonomy":"category","embeddable":true,"href":"https:\/\/www.europesays.com\/sk\/wp-json\/wp\/v2\/categories?post=171163"},{"taxonomy":"post_tag","embeddable":true,"href":"https:\/\/www.europesays.com\/sk\/wp-json\/wp\/v2\/tags?post=171163"}],"curies":[{"name":"wp","href":"https:\/\/api.w.org\/{rel}","templated":true}]}}