{"id":171173,"date":"2026-09-05T10:41:10","date_gmt":"2026-09-05T10:41:10","guid":{"rendered":"https:\/\/www.europesays.com\/sk\/171173\/"},"modified":"2026-09-05T10:41:10","modified_gmt":"2026-09-05T10:41:10","slug":"mourinho-sa-po-prehre-realu-v-seville-vyhovaral-hrali-na-remizu-a-mali-stastie","status":"publish","type":"post","link":"https:\/\/www.europesays.com\/sk\/171173\/","title":{"rendered":"Mourinho sa po prehre Realu v Seville vyhov\u00e1ral: Hrali na rem\u00edzu a mali \u0161\u0165astie"},"content":{"rendered":"<p>\t<a href=\"https:\/\/sportky.zoznam.sk\/g\/494155\/mourinho-sa-po-prehre-realu-v-seville-vyhovaral-hrali-na-remizu-a-mali-stastie?image=1197235\" title=\"Jos\u00e9 Mourinho\" rel=\"nofollow noopener\" target=\"_blank\">\t\t\t<img decoding=\"async\" loading=\"lazy\" src=\"https:\/\/www.europesays.com\/sk\/wp-content\/uploads\/2026\/09\/jose-mourinho-la-liga-1197235.jpg\"  alt=\"Jos\u00e9 Mourinho\"\/><\/a>Jos\u00e9 Mourinho\t\t\t Zdroj: SITA\/AP\/Manu Fernandez\t\t\t\t<\/p>\n<p>\t\t\t<a class=\"box-article-author-image\"><br \/>\n\t\t\t\t<img decoding=\"async\" src=\"https:\/\/sportky.zoznam.sk\/static\/2019_default\/img\/author.svg\"\/><br \/>\n\t\t\t<\/a><\/p>\n<p class=\"perex\">MADRID &#8211; Futbalisti Realu Madrid utrpeli prv\u00fa prehru pod veden\u00edm Jos\u00e9ho Mourinha od jeho n\u00e1vratu na lavi\u010dku kr\u00e1\u013eovsk\u00e9ho klubu. \t<\/p>\n<p>Na p\u00f4de Betisu Sevilla mohli z\u00edska\u0165 minim\u00e1lne bod, ale Kylian Mbappe najsk\u00f4r sp\u00e1lil obrovsk\u00fa \u0161ancu a v nadstavenom \u010dase nepremenil penaltu.<\/p>\n<p>&#13;<br \/>\n&#13;<\/p>\n<p>Real mal nieko\u013eko mo\u017enost\u00ed ako z\u00e1pas z\u00edska\u0165 vo svoj prospech. U\u017e v prvom pol\u010dase mal bl\u00edzko ku g\u00f3lu Vinicius Junior, ale prv\u00fa \u0161ancu zahodil a potom iba ope\u010diatkoval \u017er\u010f. Pred koncom pol\u010dasu Braz\u00edl\u010dan potiahol loptu, prihr\u00e1vkou pod seba na\u0161iel ide\u00e1lne postaven\u00e9ho Mbappeho, ale Franc\u00faz najsk\u00f4r p\u00e1lil do obrancu Natana a n\u00e1sledn\u00fa dor\u00e1\u017eku zastavil hru\u010fou Marc Bartra.<\/p>\n<p>&#13;<br \/>\n&#13;<\/p>\n<p>Brank\u00e1r dom\u00e1cich Alvaro Valles potom zlikvidoval hlavi\u010dku Judea Bellinghama. Valles potom nieko\u013ekokr\u00e1t \u201e\u010daroval\u201c aj po prest\u00e1vke a na konci z\u00e1pasu ho s\u00edce prekonal Carlos Espi, jeho g\u00f3l v\u0161ak napokon neplatil pre ofsajd. O tesnom v\u00ed\u0165azstve dom\u00e1cich 1:0 rozhodol v 81. min\u00fate Troy Parrott.<\/p>\n<p>&#13;<br \/>\n&#13;<\/p>\n<p>Trpk\u00e1 pachu\u0165 v \u00fastach zostala Madrid\u010danom aj v nadstavenom \u010dase, ke\u010f po faule Natana kopal Mbappe penaltu, ale Valles ju brav\u00farne zlikvidoval. \u201eBol som si ist\u00fd, \u017ee na to m\u00e1m, ale, samozrejme, potrebujem aj trochu \u0161\u0165astia. Je ve\u013emi dobr\u00fd v tom, \u017ee sa v\u00e1s sna\u017e\u00ed prin\u00fati\u0165 k pohybu a neukazuje v\u00e1m, kam mieri. Mal som \u0161\u0165astie, \u017ee som to zastavil,\u201c citovala Vallesa agent\u00fara AP.<\/p>\n<p>&#13;<br \/>\n&#13;<br \/>\n&#13;<br \/>\n&#13;<\/p>\n<p>Mbappe mal siln\u00fd \u0161tart do sez\u00f3ny, ke\u010f sk\u00f3roval v dvoch z troch z\u00e1pasov, pri\u010dom zaknihoval aj hetrik. V Seville v\u0161ak nebol ani z\u010faleka v najlep\u0161ej forme. Tr\u00e9ner Mourinho si po dueli op\u00e4\u0165 neodpustil miernu kontroverziu, ke\u010f vyhl\u00e1sil: \u201eGratulujem Betisu, ktor\u00fd hral na rem\u00edzu a mal \u0161\u0165astie.\u201c<\/p>\n<p>&#13;<br \/>\n&#13;<\/p>\n<p>Potom obhajoval v\u00fdkon svojho t\u00edmu, ale nemohol skry\u0165 sklamanie. \u201eNiekedy prehr\u00e1te a neviete pre\u010do. Ak by sa to skon\u010dilo rem\u00edzou, od\u00eddeme frustrovan\u00ed, preto\u017ee sme nedok\u00e1zali viac. Tak\u017ee si predstavte, ako sa c\u00edtime po prehre,\u201c dodal Portugalec. Na margo neuznan\u00e9ho g\u00f3lu Espiho \u010di k \u0161t\u00fdlu rozhodovania arbitra poznamenal: \u201eRozhodca p\u00fa\u0161\u0165al hru, to sa mi p\u00e1\u010dilo. T\u00fa situ\u00e1ciu pred g\u00f3lom som nevidel, tak\u017ee sa k tomu nem\u00f4\u017eem vyjadri\u0165. \u010co sa t\u00fdka Mbappeho nepremenenej penalte, sme v tom v\u0161etci spolu.\u201c<\/p>\n<p>&#13;<br \/>\n&#13;<\/p>\n<p>Mourinho v\u0161ak predsa len op\u00e4\u0165 up\u00fatal pozornos\u0165, ke\u010f obvinil Sevill\u010danov, \u017ee a\u017e pr\u00edli\u0161 ochotne i\u0161li na zem po kontaktoch s jeho hr\u00e1\u010dmi. \u201eTen hr\u00e1\u010d, \u010do tam le\u017eal pred mojou lavi\u010dkou&#8230; Myslel som si, \u017ee pr\u00edde sanitka a nakoniec \u017eiadna nepri\u0161la,\u201c neudr\u017eal sa 63-ro\u010dn\u00fd kormideln\u00edk.<\/p>\n<p>&#13;<\/p>\n<p>\t\t\tAutor: \u00a9 Zoznam\/\t\t\tZdroj: TASR\t<\/p>\n","protected":false},"excerpt":{"rendered":"Jos\u00e9 Mourinho Zdroj: SITA\/AP\/Manu Fernandez MADRID &#8211; Futbalisti Realu Madrid utrpeli prv\u00fa prehru pod veden\u00edm Jos\u00e9ho Mourinha od&hellip;\n","protected":false},"author":2,"featured_media":171174,"comment_status":"","ping_status":"","sticky":false,"template":"","format":"standard","meta":{"footnotes":"","_share_on_mastodon":"0"},"categories":[32],"tags":[34,37,19951,2024,33,14002,2317,43,40,39,42,41,36,38,35],"class_list":["post-171173","post","type-post","status-publish","format-standard","has-post-thumbnail","category-spravy","tag-headlines","tag-hlavne-spravy","tag-jose-mourinho","tag-la-liga","tag-news","tag-real-betis","tag-real-madrid-cf","tag-sk","tag-slovak","tag-slovakia","tag-slovencina","tag-slovensko","tag-spravy","tag-titulky","tag-top-stories"],"share_on_mastodon":{"url":"https:\/\/pubeurope.com\/@sk\/117218016740494838","error":""},"_links":{"self":[{"href":"https:\/\/www.europesays.com\/sk\/wp-json\/wp\/v2\/posts\/171173","targetHints":{"allow":["GET"]}}],"collection":[{"href":"https:\/\/www.europesays.com\/sk\/wp-json\/wp\/v2\/posts"}],"about":[{"href":"https:\/\/www.europesays.com\/sk\/wp-json\/wp\/v2\/types\/post"}],"author":[{"embeddable":true,"href":"https:\/\/www.europesays.com\/sk\/wp-json\/wp\/v2\/users\/2"}],"replies":[{"embeddable":true,"href":"https:\/\/www.europesays.com\/sk\/wp-json\/wp\/v2\/comments?post=171173"}],"version-history":[{"count":0,"href":"https:\/\/www.europesays.com\/sk\/wp-json\/wp\/v2\/posts\/171173\/revisions"}],"wp:featuredmedia":[{"embeddable":true,"href":"https:\/\/www.europesays.com\/sk\/wp-json\/wp\/v2\/media\/171174"}],"wp:attachment":[{"href":"https:\/\/www.europesays.com\/sk\/wp-json\/wp\/v2\/media?parent=171173"}],"wp:term":[{"taxonomy":"category","embeddable":true,"href":"https:\/\/www.europesays.com\/sk\/wp-json\/wp\/v2\/categories?post=171173"},{"taxonomy":"post_tag","embeddable":true,"href":"https:\/\/www.europesays.com\/sk\/wp-json\/wp\/v2\/tags?post=171173"}],"curies":[{"name":"wp","href":"https:\/\/api.w.org\/{rel}","templated":true}]}}