{"id":171237,"date":"2026-09-05T12:21:09","date_gmt":"2026-09-05T12:21:09","guid":{"rendered":"https:\/\/www.europesays.com\/sk\/171237\/"},"modified":"2026-09-05T12:21:09","modified_gmt":"2026-09-05T12:21:09","slug":"bratislava-ma-novu-nonstop-predajnu-tu-nakupite-aj-o-polnoci-bez-problemov","status":"publish","type":"post","link":"https:\/\/www.europesays.com\/sk\/171237\/","title":{"rendered":"Bratislava m\u00e1 nov\u00fa NONSTOP predaj\u0148u: TU nak\u00fapite aj o polnoci bez probl\u00e9mov!"},"content":{"rendered":"<p>BRATISLAVA &#8211;  Sie\u0165 potrav\u00edn KRAJ otvorila vo \u0161tvrtok 3. septembra 2026 v Bratislave svoju prv\u00fa nonstop predaj\u0148u. Po\u010das d\u0148a funguje ako klasick\u00fd obchod s predava\u010dmi, ve\u010der a v noci v\u0161ak prech\u00e1dza do plne bezobslu\u017enej prev\u00e1dzky.<\/p>\n<p>Predaj\u0148u otvorili na\u00a0na Drot\u00e1rskej ceste 51 v bratislavskom Starom Meste. Ako upozornil <a href=\"https:\/\/www.bratislavskyvecernik.sk\/2026\/09\/03\/kraj-otvoril-v-bratislave-prvu-predajnu-s-nepretrzitou-prevadzkou\/?fbclid=IwY2xjawUHa9twZG9mAWV4dG4DYWVtAjEwAGJyaWQRMGtDT3ZTTThDUld1TEZ0S3NzcnRjBmFwcF9pZBAyMjIwMzkxNzg4MjAwODkyAAEeS9iQGrm79xPxyGN8JPlT1fqEnUnK89a9AF0cl8PvgKjueH9cAfZ6npVd48k_aem_aHi1fp_bJfJEwst94TFXEA\" target=\"_blank\" rel=\"nofollow noopener\">Bratislavsk\u00fd ve\u010dern\u00edk<\/a>, nov\u00fd koncept m\u00e1 z\u00e1kazn\u00edkom umo\u017eni\u0165 nakupova\u0165 aj mimo be\u017en\u00fdch otv\u00e1rac\u00edch hod\u00edn. Predaj\u0148a\u00a0je od pondelka do soboty otvoren\u00e1 v klasickom re\u017eime od 6:30 do 20:00 a\u00a0 v nede\u013eu od 7:00 do 17:00.<\/p>\n<p>Po skon\u010den\u00ed klasickej prev\u00e1dzky obchod prech\u00e1dza do plne bezobslu\u017en\u00e9ho re\u017eimu. Od pondelka do piatka ho m\u00f4\u017eu z\u00e1kazn\u00edci vyu\u017e\u00edva\u0165 od 20:00 do 6:30, v sobotu od 20:00 do 7:00 a v nede\u013eu od 17:00 do 6:30. V\u010faka kombin\u00e1cii oboch re\u017eimov je tak predaj\u0148a k dispoz\u00edcii z\u00e1kazn\u00edkom nepretr\u017eite.<\/p>\n<p>&#8222;Na\u0161\u00edm dlhodob\u00fdm cie\u013eom je prin\u00e1\u0161a\u0165 z\u00e1kazn\u00edkom modern\u00e9, udr\u017eate\u013en\u00e9 a mimoriadne pohodln\u00e9 rie\u0161enia. Uvedomujeme si, \u017ee potreba nak\u00fapi\u0165 si flexibilne, r\u00fdchlo a bez obmedzen\u00ed neust\u00e1le rastie. Predaj\u0148a KRAJ na Drot\u00e1rskej ceste sp\u00e1ja inovat\u00edvne technologick\u00e9 rie\u0161enia s na\u0161\u00edm \u0161tandardom kvality. Ver\u00edme, \u017ee z\u00e1kazn\u00edci tento modern\u00fd bezobslu\u017en\u00fd koncept ocenia a mo\u017enos\u0165 n\u00e1kupu 24 hod\u00edn denne a 7 dn\u00ed v t\u00fd\u017edni im zjednodu\u0161\u00ed ka\u017edodenn\u00fd \u017eivot,&#8220;\u00a0uviedol Peter Vanek, marketingov\u00fd mana\u017e\u00e9r spolo\u010dnosti.<\/p>\n<p>Prev\u00e1dzkovate\u013eom siete KRAJ je spolo\u010dnos\u0165 TERNO real estate, ktor\u00e1 prev\u00e1dzkuje predajne Terno a KRAJ so sortimentom zah\u0155\u0148aj\u00facim \u010derstv\u00e9 potraviny a lok\u00e1lne produkty.\u00a0Viac inform\u00e1ci\u00ed o non-stop predajni je na str\u00e1nke\u00a0<a href=\"https:\/\/www.krajpotravin.sk\/predajna-24-7\" target=\"_blank\" rel=\"nofollow noopener\">Krajpotrav\u00edn.sk<\/a>.<\/p>\n","protected":false},"excerpt":{"rendered":"BRATISLAVA &#8211; Sie\u0165 potrav\u00edn KRAJ otvorila vo \u0161tvrtok 3. septembra 2026 v Bratislave svoju prv\u00fa nonstop predaj\u0148u. Po\u010das&hellip;\n","protected":false},"author":2,"featured_media":171238,"comment_status":"","ping_status":"","sticky":false,"template":"","format":"standard","meta":{"footnotes":"","_share_on_mastodon":"0"},"categories":[21],"tags":[136,2192,10458,45973,11087,43,40,39,42,41],"class_list":["post-171237","post","type-post","status-publish","format-standard","has-post-thumbnail","category-bratislava","tag-bratislava","tag-kraj","tag-nakup","tag-nonstop","tag-predajna","tag-sk","tag-slovak","tag-slovakia","tag-slovencina","tag-slovensko"],"share_on_mastodon":{"url":"https:\/\/pubeurope.com\/@sk\/117218409410692824","error":""},"_links":{"self":[{"href":"https:\/\/www.europesays.com\/sk\/wp-json\/wp\/v2\/posts\/171237","targetHints":{"allow":["GET"]}}],"collection":[{"href":"https:\/\/www.europesays.com\/sk\/wp-json\/wp\/v2\/posts"}],"about":[{"href":"https:\/\/www.europesays.com\/sk\/wp-json\/wp\/v2\/types\/post"}],"author":[{"embeddable":true,"href":"https:\/\/www.europesays.com\/sk\/wp-json\/wp\/v2\/users\/2"}],"replies":[{"embeddable":true,"href":"https:\/\/www.europesays.com\/sk\/wp-json\/wp\/v2\/comments?post=171237"}],"version-history":[{"count":0,"href":"https:\/\/www.europesays.com\/sk\/wp-json\/wp\/v2\/posts\/171237\/revisions"}],"wp:featuredmedia":[{"embeddable":true,"href":"https:\/\/www.europesays.com\/sk\/wp-json\/wp\/v2\/media\/171238"}],"wp:attachment":[{"href":"https:\/\/www.europesays.com\/sk\/wp-json\/wp\/v2\/media?parent=171237"}],"wp:term":[{"taxonomy":"category","embeddable":true,"href":"https:\/\/www.europesays.com\/sk\/wp-json\/wp\/v2\/categories?post=171237"},{"taxonomy":"post_tag","embeddable":true,"href":"https:\/\/www.europesays.com\/sk\/wp-json\/wp\/v2\/tags?post=171237"}],"curies":[{"name":"wp","href":"https:\/\/api.w.org\/{rel}","templated":true}]}}