{"id":171245,"date":"2026-09-05T12:33:07","date_gmt":"2026-09-05T12:33:07","guid":{"rendered":"https:\/\/www.europesays.com\/sk\/171245\/"},"modified":"2026-09-05T12:33:07","modified_gmt":"2026-09-05T12:33:07","slug":"jozo-raz-o-alkohole-pred-koncertom-razna-reakcia-spevaka","status":"publish","type":"post","link":"https:\/\/www.europesays.com\/sk\/171245\/","title":{"rendered":"Jo\u017eo R\u00e1\u017e o alkohole pred koncertom: R\u00e1zna reakcia spev\u00e1ka!"},"content":{"rendered":"<p>V\u00ddCHODN\u00c1 &#8211; Video Jo\u017ea R\u00e1\u017ea po koncerte na V\u00fdchodnej vyvolalo na soci\u00e1lnych sie\u0165ach poriadny rozruch. Z\u00e1bery jeho neist\u00e9ho pohybu spustili \u0161pekul\u00e1cie, \u010di l\u00edder El\u00e1nu nebol pod vplyvom alkoholu. Legend\u00e1rny spev\u00e1k teraz prelomil ml\u010danie a na dohady reagoval bez okolkov. <\/p>\n<p>Spev\u00e1k a l\u00edder legend\u00e1rnej skupiny El\u00e1n Jo\u017eo R\u00e1\u017e sa ocitol v centre pozornosti po koncerte na V\u00fdchodnej. Na soci\u00e1lnych sie\u0165ach sa toti\u017e za\u010dalo \u0161\u00edri\u0165 video, ktor\u00e9 zachyt\u00e1va 71-ro\u010dn\u00e9ho hudobn\u00edka pri vystupovan\u00ed z auta. R\u00e1\u017eovi v tej chv\u00edli pom\u00e1hali \u010fal\u0161\u00ed \u013eudia a pr\u00e1ve z\u00e1bery jeho neist\u00e9ho pohybu spustili medzi \u013eu\u010fmi b\u00farliv\u00fa diskusiu. Niektor\u00ed za\u010dali \u0161pekulova\u0165, \u010di spev\u00e1k pred vyst\u00fapen\u00edm nepo\u017eil v\u00e4\u010d\u0161ie mno\u017estvo alkoholu.<\/p>\n<p>Zo samotn\u00e9ho videa v\u0161ak nie je mo\u017en\u00e9 ur\u010di\u0165, \u010do bolo pr\u00ed\u010dinou jeho tackania sa, ani potvrdi\u0165 dohady o tom, \u017ee by bol pod vplyvom alkoholu. Reakcie na koncert boli pritom r\u00f4znorod\u00e9. K\u00fdm si \u010das\u0165 n\u00e1v\u0161tevn\u00edkov vyst\u00fapenie pochva\u013eovala, na\u0161li sa aj tak\u00ed, ktor\u00ed mali v\u00fdhrady nielen k organiz\u00e1cii podujatia, ale aj k samotn\u00e9mu v\u00fdkonu l\u00eddra El\u00e1nu. Diskusia sa n\u00e1sledne preniesla na soci\u00e1lne siete, kde sa za\u010dali objavova\u0165 najr\u00f4znej\u0161ie koment\u00e1re a dohady. K celej situ\u00e1cii sa napokon rozhodol vyjadri\u0165 aj samotn\u00fd Jo\u017eo R\u00e1\u017e. Denn\u00edk <a href=\"https:\/\/www.cas.sk\/premium\/prominenti\/jozo-raz-reaguje-na-obvinenie-o-alkohole-pred-koncertom-vo-vychodnej-poviem-vam-ci-som-pil\" target=\"_blank\" rel=\"nofollow noopener\">Nov\u00fd \u010cas<\/a> ho oslovil s ot\u00e1zkou, \u010do hovor\u00ed na tvrdenia, ktor\u00e9 sa po koncerte za\u010dali \u0161\u00edri\u0165.<\/p>\n","protected":false},"excerpt":{"rendered":"V\u00ddCHODN\u00c1 &#8211; Video Jo\u017ea R\u00e1\u017ea po koncerte na V\u00fdchodnej vyvolalo na soci\u00e1lnych sie\u0165ach poriadny rozruch. Z\u00e1bery jeho neist\u00e9ho&hellip;\n","protected":false},"author":2,"featured_media":171246,"comment_status":"","ping_status":"","sticky":false,"template":"","format":"standard","meta":{"footnotes":"","_share_on_mastodon":"0"},"categories":[32],"tags":[34,37,20257,893,33,17352,11784,1579,43,40,39,42,41,36,38,35,23469],"class_list":["post-171245","post","type-post","status-publish","format-standard","has-post-thumbnail","category-spravy","tag-headlines","tag-hlavne-spravy","tag-jozo-raz","tag-koncert","tag-news","tag-opity","tag-reaguje","tag-reakcia","tag-sk","tag-slovak","tag-slovakia","tag-slovencina","tag-slovensko","tag-spravy","tag-titulky","tag-top-stories","tag-vychodna"],"share_on_mastodon":{"url":"https:\/\/pubeurope.com\/@sk\/117218456869905363","error":""},"_links":{"self":[{"href":"https:\/\/www.europesays.com\/sk\/wp-json\/wp\/v2\/posts\/171245","targetHints":{"allow":["GET"]}}],"collection":[{"href":"https:\/\/www.europesays.com\/sk\/wp-json\/wp\/v2\/posts"}],"about":[{"href":"https:\/\/www.europesays.com\/sk\/wp-json\/wp\/v2\/types\/post"}],"author":[{"embeddable":true,"href":"https:\/\/www.europesays.com\/sk\/wp-json\/wp\/v2\/users\/2"}],"replies":[{"embeddable":true,"href":"https:\/\/www.europesays.com\/sk\/wp-json\/wp\/v2\/comments?post=171245"}],"version-history":[{"count":0,"href":"https:\/\/www.europesays.com\/sk\/wp-json\/wp\/v2\/posts\/171245\/revisions"}],"wp:featuredmedia":[{"embeddable":true,"href":"https:\/\/www.europesays.com\/sk\/wp-json\/wp\/v2\/media\/171246"}],"wp:attachment":[{"href":"https:\/\/www.europesays.com\/sk\/wp-json\/wp\/v2\/media?parent=171245"}],"wp:term":[{"taxonomy":"category","embeddable":true,"href":"https:\/\/www.europesays.com\/sk\/wp-json\/wp\/v2\/categories?post=171245"},{"taxonomy":"post_tag","embeddable":true,"href":"https:\/\/www.europesays.com\/sk\/wp-json\/wp\/v2\/tags?post=171245"}],"curies":[{"name":"wp","href":"https:\/\/api.w.org\/{rel}","templated":true}]}}