{"id":171267,"date":"2026-09-05T13:04:10","date_gmt":"2026-09-05T13:04:10","guid":{"rendered":"https:\/\/www.europesays.com\/sk\/171267\/"},"modified":"2026-09-05T13:04:10","modified_gmt":"2026-09-05T13:04:10","slug":"policia-v-bratislave-obvinila-zenu-podozrivu-z-predaja-drog","status":"publish","type":"post","link":"https:\/\/www.europesays.com\/sk\/171267\/","title":{"rendered":"Pol\u00edcia v Bratislave obvinila \u017eenu podozriv\u00fa z predaja drog"},"content":{"rendered":"<p>Bratislava 5. septembra (TASR) &#8211; Pol\u00edcia v Bratislave v uplynul\u00fdch d\u0148och zadr\u017eala \u017eenu, ktor\u00fa vy\u0161etrovate\u013e obvinil z predaja a distrib\u00facie drog. Na podozrenie z drogovej trestnej \u010dinnosti v jednej z lokal\u00edt tretieho bratislavsk\u00e9ho okresu upozornili pol\u00edciu ob\u010dania. TASR o tom informoval v sobotu hovorca Krajsk\u00e9ho riadite\u013estva Policajn\u00e9ho zboru v Bratislave Michal Szeiff.<\/p>\n<p>Na z\u00e1klade viacer\u00fdch podnetov sa policajti v uplynul\u00fdch d\u0148och zamerali na ulice Mikov\u00edniho, Kraskova, Pionierska a Sib\u00edrska v Bratislave. Pri gar\u00e1\u017each na Pionierskej ulici si v\u0161imli \u017eenu a \u010fal\u0161ie osoby, ktor\u00e9 pod\u013ea pol\u00edcie javili zn\u00e1mky u\u017eitia drog. Osoby im pri kontrole dobrovo\u013ene vydali omamn\u00e9 a psychotropn\u00e9 l\u00e1tky, konkr\u00e9tne hero\u00edn. V\u0161etk\u00fdch n\u00e1sledne zadr\u017eali a previezli na \u010fal\u0161ie \u00fakony.<\/p>\n<p>Vy\u0161etrovate\u013e obvinil \u017eenu z predaja a distrib\u00facie drog. Z\u00e1rove\u0148 pol\u00edcia podala podnet na jej vzatie do v\u00e4zby a vyz\u00fdva ob\u010danov, aby v pr\u00edpade podozrenia z drogovej trestnej \u010dinnosti vo svojom okol\u00ed nev\u00e1hali kontaktova\u0165 pol\u00edciu a ozn\u00e1mi\u0165 jej tak\u00e9to skuto\u010dnosti.<\/p>\n","protected":false},"excerpt":{"rendered":"Bratislava 5. septembra (TASR) &#8211; Pol\u00edcia v Bratislave v uplynul\u00fdch d\u0148och zadr\u017eala \u017eenu, ktor\u00fa vy\u0161etrovate\u013e obvinil z predaja&hellip;\n","protected":false},"author":2,"featured_media":171268,"comment_status":"","ping_status":"","sticky":false,"template":"","format":"standard","meta":{"footnotes":"","_share_on_mastodon":"0"},"categories":[21],"tags":[1095,136,761,525,43,40,39,42,41,992],"class_list":["post-171267","post","type-post","status-publish","format-standard","has-post-thumbnail","category-bratislava","tag-bax","tag-bratislava","tag-drogy","tag-policia","tag-sk","tag-slovak","tag-slovakia","tag-slovencina","tag-slovensko","tag-sr"],"share_on_mastodon":{"url":"https:\/\/pubeurope.com\/@sk\/117218578666713115","error":""},"_links":{"self":[{"href":"https:\/\/www.europesays.com\/sk\/wp-json\/wp\/v2\/posts\/171267","targetHints":{"allow":["GET"]}}],"collection":[{"href":"https:\/\/www.europesays.com\/sk\/wp-json\/wp\/v2\/posts"}],"about":[{"href":"https:\/\/www.europesays.com\/sk\/wp-json\/wp\/v2\/types\/post"}],"author":[{"embeddable":true,"href":"https:\/\/www.europesays.com\/sk\/wp-json\/wp\/v2\/users\/2"}],"replies":[{"embeddable":true,"href":"https:\/\/www.europesays.com\/sk\/wp-json\/wp\/v2\/comments?post=171267"}],"version-history":[{"count":0,"href":"https:\/\/www.europesays.com\/sk\/wp-json\/wp\/v2\/posts\/171267\/revisions"}],"wp:featuredmedia":[{"embeddable":true,"href":"https:\/\/www.europesays.com\/sk\/wp-json\/wp\/v2\/media\/171268"}],"wp:attachment":[{"href":"https:\/\/www.europesays.com\/sk\/wp-json\/wp\/v2\/media?parent=171267"}],"wp:term":[{"taxonomy":"category","embeddable":true,"href":"https:\/\/www.europesays.com\/sk\/wp-json\/wp\/v2\/categories?post=171267"},{"taxonomy":"post_tag","embeddable":true,"href":"https:\/\/www.europesays.com\/sk\/wp-json\/wp\/v2\/tags?post=171267"}],"curies":[{"name":"wp","href":"https:\/\/api.w.org\/{rel}","templated":true}]}}