{"id":171321,"date":"2026-09-05T14:41:21","date_gmt":"2026-09-05T14:41:21","guid":{"rendered":"https:\/\/www.europesays.com\/sk\/171321\/"},"modified":"2026-09-05T14:41:21","modified_gmt":"2026-09-05T14:41:21","slug":"matka-v-usa-usmrtila-svoje-tri-deti-proces-sa-skoncil-bez-verdiktu","status":"publish","type":"post","link":"https:\/\/www.europesays.com\/sk\/171321\/","title":{"rendered":"Matka v USA usmrtila svoje tri deti, proces sa skon\u010dil bez verdiktu"},"content":{"rendered":"<p>PLYMOUTH &#8211; Porota s\u00fadu v americkom \u0161t\u00e1te Massachusetts nedok\u00e1zala v piatok dospie\u0165 k jednomyse\u013en\u00e9mu verdiktu v pr\u00edpade Lindsay Clancyovej, ktor\u00e1 v roku 2023 usmrtila svoje tri mal\u00e9 deti. Sudca n\u00e1sledne ukon\u010dil proces bez verdiktu, informuje o tom agent\u00fara AFP.<\/p>\n<p>Tridsa\u0165\u0161es\u0165ro\u010dn\u00e1 Clancyov\u00e1 priznala, \u017ee u\u0161krtila p\u00e4\u0165ro\u010dn\u00fa Coru, trojro\u010dn\u00e9ho Dawsona a osemmesa\u010dn\u00e9ho Callana. \u017diadala v\u0161ak oslobodenie od trestnej zodpovednosti s od\u00f4vodnen\u00edm, \u017ee v \u010dase \u010dinu trpela pop\u00f4rodnou psych\u00f3zou. Po siedmich d\u0148och rozhodovania porota zlo\u017een\u00e1 z deviatich \u017eien a troch mu\u017eov nedok\u00e1zala dospie\u0165 k jednomyse\u013en\u00e9mu z\u00e1veru, ktor\u00fd vy\u017eaduj\u00fa trestn\u00e9 konania v USA. Jeden\u00e1s\u0165 porotcov bolo za uznanie Clancyovej za nevinn\u00fa z d\u00f4vodu nepr\u00ed\u010detnosti, proti sa v\u0161ak postavil jedin\u00fd z nich.<\/p>\n<p>\t<a href=\"https:\/\/www.topky.sk\/gl\/9604585\/6586067\/Pripad--ktory-rozdelil-Ameriku--Matka-usmrtila-svoje-tri-deti--sud-nevie--co-s-nou--Proces-skoncil-bez-verdiktu\" rel=\"nofollow noopener\" target=\"_blank\"><br \/>\n\t\t<img decoding=\"async\" alt=\"Lindsay Clancy\" aria-describedby=\"img-res-6586067\" class=\"\" height=\"1170\" id=\"6586067\" loading=\"lazy\" onerror=\"imgArticleLoadErr(this)\" src=\"https:\/\/www.europesays.com\/sk\/wp-content\/uploads\/2026\/09\/1788619281_805_Lindsay-Clancy.jpg\" style=\"aspect-ratio:1.368\" title=\"Lindsay Clancy\" width=\"1600\"\/>\t\t\t<\/p>\n<p>\n\t\t\t\tZobrazi\u0165 gal\u00e9riu (2)\t\t\t<\/p>\n<p>\t<\/a><\/p>\n<p>Lindsay Clancy\t\u00a0(Zdroj: SITA\/Greg Derr\/The Patriot Ledger via AP, Pool)<\/p>\n<p>\u201eV tejto chv\u00edli kon\u0161tatujem, \u017ee porota uviazla na m\u0155tvom bode, a vyhlasujem konanie za zm\u00e4to\u010dn\u00e9,\u201c uviedol sudca William Sullivan. Prokurat\u00fara sa teraz mus\u00ed rozhodn\u00fa\u0165, \u010di pr\u00edpad predlo\u017e\u00ed novej porote. \u201eToto rozhodnutie urob\u00edm v najbli\u017e\u0161om \u010dase,\u201c povedal novin\u00e1rom Tim Cruz, okresn\u00fd prokur\u00e1tor pre okres Plymouth v \u0161t\u00e1te Massachusetts.<\/p>\n<p>Obhajca Clancyovej Kevin Reddington vyhl\u00e1sil, \u017ee jeho klientku aj ostatn\u00fdch \u010dlenov poroty sklamal jedin\u00fd mu\u017e, ktor\u00fd odmietol hlasova\u0165 za oslobodenie. \u201eJeden \u010dlovek ich okradol o verdikt pre Boh vie ak\u00e9 vlastn\u00e9 z\u00e1mery. D\u00fafam, \u017ee sa tomu chlapovi bude v noci dobre spa\u0165,\u201c reagoval Reddington. Clancyov\u00e1 zost\u00e1va v psychiatrickej lie\u010debni, kde bude \u010daka\u0165 na pr\u00edpadn\u00fd nov\u00fd proces.<\/p>\n<p>S\u00fadny proces, v ktorom vypovedalo viac ne\u017e 80 svedkov, vyvolal v USA celon\u00e1rodn\u00fa debatu o du\u0161evnom zdrav\u00ed matiek. V piatok na\u0148 reagoval aj prezident Donald Trump. \u201eJe to hrozn\u00e1 trag\u00e9dia. Predpoklad\u00e1m, \u017ee d\u00f4jde k nov\u00e9mu procesu,\u201c povedal Trump novin\u00e1rom v Bielom dome.<\/p>\n<p>Trvala na svojej nevine<\/p>\n<p>Clancyov\u00e1 trvala na svojej nevine z d\u00f4vodu nepr\u00ed\u010detnosti. Tvrdila, \u017ee po\u010dula hlas, ktor\u00fd jej prik\u00e1zal deti zabi\u0165. Pod\u013ea obhajoby i\u0161lo o pop\u00f4rodn\u00fa psych\u00f3zu \u2013 stav, ktor\u00fd pod\u013ea lek\u00e1rskych expertov postihuje pribli\u017ene jednu a\u017e dve \u017eeny z tis\u00edcky rodi\u010diek. Prokurat\u00fara v\u0161ak tento argument odmietla s t\u00fdm, \u017ee ob\u017ealovan\u00e1 vra\u017edy det\u00ed starostlivo napl\u00e1novala a bola schopn\u00e1 pochopi\u0165 n\u00e1sledky svojho konania.<\/p>\n<p>O jej krehkom psychickom stave sved\u010dili psychiatri, bl\u00edzki a aj jej b\u00fdval\u00fd man\u017eel. Pred s\u00fadom v Plymouthe sa zhroma\u017edili desiatky \u017eien oble\u010den\u00fdch v ru\u017eovej farbe, aby Clancyovej vyjadrili podporu a pouk\u00e1zali na \u0161ir\u0161\u00ed probl\u00e9m zdravia \u017eien. Obhajca Reddington v z\u00e1vere\u010dnej re\u010di zd\u00f4raznil, \u017ee jeho klientka pred trag\u00e9diou opakovane \u017eiadala o pomoc, no od lek\u00e1rov sa jej dostalo len \u201e\u00fabohej zdravotnej starostlivosti\u201c.<\/p>\n<p>Po trag\u00e9dii z janu\u00e1ra 2023 v rodinnom dome v meste Duxbury sa Clancyov\u00e1 pok\u00fasila o samovra\u017edu \u2013 podrezala si krk aj z\u00e1p\u00e4stia a vysko\u010dila z okna na druhom poschod\u00ed. Po p\u00e1de zostala od p\u00e1sa nadol ochrnut\u00e1 a je prip\u00fatan\u00e1 na invalidn\u00fd voz\u00edk. B\u00fdvalej zdravotnej sestre hrozilo v pr\u00edpade uznania viny z vra\u017edy prv\u00e9ho stup\u0148a do\u017eivotie bez mo\u017enosti podmiene\u010dn\u00e9ho prepustenia. Porota mala na v\u00fdber aj verdikt vra\u017edy druh\u00e9ho stup\u0148a, zabitia alebo oslobodenia pre nedostatok trestnej zodpovednosti, \u010do by znamenalo jej trval\u00e9 umiestnenie v psychiatrickom \u00fastave, dod\u00e1va AFP.<\/p>\n","protected":false},"excerpt":{"rendered":"PLYMOUTH &#8211; Porota s\u00fadu v americkom \u0161t\u00e1te Massachusetts nedok\u00e1zala v piatok dospie\u0165 k jednomyse\u013en\u00e9mu verdiktu v pr\u00edpade Lindsay&hellip;\n","protected":false},"author":2,"featured_media":171322,"comment_status":"","ping_status":"","sticky":false,"template":"","format":"standard","meta":{"footnotes":"","_share_on_mastodon":"0"},"categories":[32],"tags":[34,37,48289,33,43,40,39,42,41,36,1368,38,35,304],"class_list":["post-171321","post","type-post","status-publish","format-standard","has-post-thumbnail","category-spravy","tag-headlines","tag-hlavne-spravy","tag-lindsay-clancy","tag-news","tag-sk","tag-slovak","tag-slovakia","tag-slovencina","tag-slovensko","tag-spravy","tag-sud","tag-titulky","tag-top-stories","tag-usa"],"share_on_mastodon":{"url":"https:\/\/pubeurope.com\/@sk\/117218960169026426","error":""},"_links":{"self":[{"href":"https:\/\/www.europesays.com\/sk\/wp-json\/wp\/v2\/posts\/171321","targetHints":{"allow":["GET"]}}],"collection":[{"href":"https:\/\/www.europesays.com\/sk\/wp-json\/wp\/v2\/posts"}],"about":[{"href":"https:\/\/www.europesays.com\/sk\/wp-json\/wp\/v2\/types\/post"}],"author":[{"embeddable":true,"href":"https:\/\/www.europesays.com\/sk\/wp-json\/wp\/v2\/users\/2"}],"replies":[{"embeddable":true,"href":"https:\/\/www.europesays.com\/sk\/wp-json\/wp\/v2\/comments?post=171321"}],"version-history":[{"count":0,"href":"https:\/\/www.europesays.com\/sk\/wp-json\/wp\/v2\/posts\/171321\/revisions"}],"wp:featuredmedia":[{"embeddable":true,"href":"https:\/\/www.europesays.com\/sk\/wp-json\/wp\/v2\/media\/171322"}],"wp:attachment":[{"href":"https:\/\/www.europesays.com\/sk\/wp-json\/wp\/v2\/media?parent=171321"}],"wp:term":[{"taxonomy":"category","embeddable":true,"href":"https:\/\/www.europesays.com\/sk\/wp-json\/wp\/v2\/categories?post=171321"},{"taxonomy":"post_tag","embeddable":true,"href":"https:\/\/www.europesays.com\/sk\/wp-json\/wp\/v2\/tags?post=171321"}],"curies":[{"name":"wp","href":"https:\/\/api.w.org\/{rel}","templated":true}]}}