{"id":171353,"date":"2026-09-05T15:22:19","date_gmt":"2026-09-05T15:22:19","guid":{"rendered":"https:\/\/www.europesays.com\/sk\/171353\/"},"modified":"2026-09-05T15:22:19","modified_gmt":"2026-09-05T15:22:19","slug":"prve-slova-kovacica-po-sude-s-markizou-znicili-ste-spravodajstvo-divakov-neoklamete-reakcia-televizie-2","status":"publish","type":"post","link":"https:\/\/www.europesays.com\/sk\/171353\/","title":{"rendered":"Prv\u00e9 slov\u00e1 Kova\u010di\u010da po s\u00fade s Mark\u00edzou: Zni\u010dili ste spravodajstvo, div\u00e1kov neoklamete! Reakcia telev\u00edzie"},"content":{"rendered":"<p>BRATISLAVA &#8211; Michal Kova\u010di\u010d sa vyjadril k v\u00fdhre s\u00fadu s Mark\u00edzou. Posiela verejn\u00fd odkaz!<\/p>\n<p>Pred malou chv\u00ed\u013eou informovala na soci\u00e1lnych sie\u0165ach Zuzana Kova\u010di\u010d Hanzelov\u00e1, \u017ee jej mu\u017e, Michal Kova\u010di\u010d, vyhral spor s Mark\u00edzou. Jeho v\u00fdpove\u010f je teda neplatn\u00e1. Teraz sa rozhodol na cel\u00fa situ\u00e1ciu zareagova\u0165 aj on.<\/p>\n<p>\u201eVyhral som dnes s\u00fad s Mark\u00edzou. Moja v\u00fdpove\u010f je teda neplatn\u00e1. Nebol to pre m\u0148a oby\u010dajn\u00fd pracovnopr\u00e1vny spor, ale s\u00faboj o slobodu slova. Napr\u00edklad aj o tom, kam novin\u00e1ri m\u00f4\u017eu z\u00e1js\u0165 pri ochrane nez\u00e1vislej \u017eurnalistiky. S\u00fad dnes vlastne dal za pravdu n\u00e1\u0161mu boju, v ktorom n\u00e1m od za\u010diatku i\u0161lo o spravodajstvo a div\u00e1kov,&#8220; priznal.<\/p>\n<p>\u201eAj bez tohto rozsudku n\u00e1m v\u0161ak bohu\u017eia\u013e dal za pravdu aj \u010das. Spravodajstvo v telev\u00edzii Mark\u00edza stratilo svoju dlhoro\u010dn\u00fa silu a kvalitu. Report\u00e1\u017ee o najdlh\u0161\u00edch trdeln\u00edkoch vytla\u010dili z Telev\u00edznych nov\u00edn inform\u00e1cie o podstatn\u00fdch a spolo\u010densky d\u00f4le\u017eit\u00fdch t\u00e9mach. \u017div\u00e9 vstupy s komin\u00e1rmi robia z kedysi najrelevantnej\u0161ieho spravodajstva v tejto krajine z\u00e1bavn\u00fd magaz\u00edn. Najd\u00f4le\u017eitej\u0161ie ale nie je to, \u010do sa do spravodajstva Mark\u00edzy dostane, ale najm\u00e4 to, \u010do sa tam nedostane. A to, \u017ee z neho vypadla report\u00e1\u017e o O\u010distci, teda jednej z najd\u00f4le\u017eitej\u0161\u00edch k\u00e1uz posledn\u00fdch rokov, je jasn\u00fdm barometrom toho o \u010do v tom s\u00faboji od za\u010diatku v skuto\u010dnosti i\u0161lo,&#8220; pokra\u010doval.<\/p>\n<p>M\u00e1 aj odkaz pre skeptikov! \u201eA pre skeptikov, ktor\u00ed si hovoria, \u017ee div\u00e1kom je jedno, \u010do sa v Mark\u00edze deje, lebo si ju aj tak zapn\u00fa: sta\u010d\u00ed sa pozrie\u0165 na \u010d\u00edsla sledovanosti Na telo aj Telev\u00edznych nov\u00edn. Marketingov\u00e9 oddelenie Mark\u00edzy m\u00f4\u017ee s \u010d\u00edslami akoko\u013evek \u010darova\u0165, ale celkov\u00fd po\u010det div\u00e1kov sa jednoducho oklama\u0165 ned\u00e1. Div\u00e1kom to jedno nie je a jasne to d\u00e1vaj\u00fa najavo,&#8220; uzavrel.<\/p>\n<p>K rozhodnutiu s\u00fadu sa vyjadrila aj telev\u00edzia Mark\u00edza. \u201eTV Mark\u00edza berie dne\u0161n\u00e9 rozhodnutie prvostup\u0148ov\u00e9ho s\u00fadu na vedomie. Z n\u00e1\u0161ho poh\u013eadu ide v\u00fdhradne o pracovnopr\u00e1vny spor. S\u00fad potvrdil, \u017ee konan\u00edm Michala Kova\u010di\u010da pri\u0161lo k poru\u0161eniu pracovnej discipl\u00edny. S\u00fad sa v\u0161ak stoto\u017enil s na\u0161ou argument\u00e1ciou, \u017ee medzi stranami pri\u0161lo k absol\u00fatnej strate vz\u00e1jomnej d\u00f4very. D\u00f4sledkom toho je rozhodnutie s\u00fadu, \u017ee Mark\u00edza nie je povinn\u00e1 \u010falej \u017ealobcu zamestn\u00e1va\u0165. Nestoto\u017e\u0148ujeme sa v\u0161ak s hodnoten\u00edm s\u00fadu, \u017ee toto poru\u0161enie pracovnej discipl\u00edny nebolo nato\u013eko z\u00e1va\u017en\u00e9, aby jeho d\u00f4sledkom malo by\u0165 skon\u010denie pracovn\u00e9ho pomeru s Michalom Kova\u010di\u010dom. Rozhodnutie nie je pr\u00e1voplatn\u00e9 a jeho p\u00edsomn\u00e9 vyhotovenie zatia\u013e nem\u00e1me k dispoz\u00edcii. Na z\u00e1klade dohody s klientom zv\u00e1\u017eime podanie odvolania,&#8220; odpovedal Tom\u00e1\u0161 Kamenec, pr\u00e1vny z\u00e1stupca telev\u00edzie.<\/p>\n<p>\t\tHlasovanie ukon\u010den\u00e9<\/p>\n<p>\t\t\t\t{{ poll.title }}<\/p>\n<p>\t\t\t\t\t<img :alt=\"pollImageDescription()\" :src=\"https:\/\/www.topky.sk\/cl\/100313\/9485237\/poll.img_url\" class=\"box-quiz-new-image-questionnaire\"\/><\/p>\n<p>{{ poll.image_description }} (Zdroj: {{ poll.image_resource }})<\/p>\n<p>\t\t\t\t\t\t\t\t\t\t\t<img :alt=\"questionImageDescription(question)\" :src=\"https:\/\/www.topky.sk\/cl\/100313\/9485237\/question.img_url\" class=\"box-quiz-new-image-top\"\/><\/p>\n<p>Zdroj: {{ question.image_resource }}<\/p>\n<p>\n\t\t\t\t\t\t\t\t\t\t\t{{ question.text }}\n\t\t\t\t\t\t\t\t\t\t<\/p>\n<p>{{ question.text }}<\/p>\n<p>\t\t\t\t\t\t\t\t\t\t\t\t\t\t<img :alt=\"questionImageDescription(question)\" :src=\"https:\/\/www.topky.sk\/cl\/100313\/9485237\/question.img_url\" class=\"box-quiz-new-image-top\"\/><\/p>\n<p>Zdroj: {{ question.image_resource }}<\/p>\n<p>{{ poll.title }}<\/p>\n<p>{{ question.text }}<\/p>\n<p>\t\t\t\t\t\t\t\t\t\t\t\t\t\t<img :alt=\"questionImageDescription(question)\" :src=\"https:\/\/www.topky.sk\/cl\/100313\/9485237\/question.img_url\" class=\"box-quiz-new-image-top\"\/><\/p>\n<p>Zdroj: {{ question.image_resource }}<\/p>\n<p>{{ poll.rating_worst}}<\/p>\n<p>{{ poll.rating_best}}<\/p>\n<p>{{ poll.rating_best}}<\/p>\n<p>{{ poll.rating_worst}}<\/p>\n<p>\t\t\t\t\t\t\t\t\t\t\t\t\t{{ answer.text }}<\/p>\n<p>\t\t\t\t\t\t\t\t\t\t\t\t\t{{ answer.text }}<\/p>\n<p>\t\t\t\t\t{{ poll.title }}<\/p>\n<p v-if=\"poll.contact_form\">{{ poll.thanks }}<\/p>\n<p>{{ question.text }}<\/p>\n<p>\t\t\t\t\t\t\t\t\t<img :alt=\"questionImageDescription(question)\" :src=\"https:\/\/www.topky.sk\/cl\/100313\/9485237\/question.img_url\" class=\"box-quiz-new-image-top\"\/><\/p>\n<p>Zdroj: {{ question.image_resource }}<\/p>\n<p>Priemern\u00e9 hodnotenie: {{ question.rating }}<\/p>\n<p> Va\u0161e hodnotenie: {{ question.user_rating }}<\/p>\n<p>{{ question.text }}<\/p>\n<p>\t\t\t\t\t\t\t\t\t<img :alt=\"questionImageDescription(question)\" :src=\"https:\/\/www.topky.sk\/cl\/100313\/9485237\/question.img_url\" class=\"box-quiz-new-image-top\"\/><\/p>\n<p>Zdroj: {{ question.image_resource }}<\/p>\n<p>{{ poll.rating_worst}}<\/p>\n<p>{{ poll.rating_best}}<\/p>\n<p>{{ poll.rating_best}}<\/p>\n<p>{{ poll.rating_worst}}<\/p>\n<p>Priemern\u00e9 hodnotenie: {{ question.rating }}<\/p>\n<p> Va\u0161e hodnotenie: {{ question.user_rating }}<\/p>\n<p>Hlasovalo: {{questions[0].votes}}<\/p>\n<p>\t\t\t\t\t\t{{ poll.title }}<\/p>\n<p>\t\t\t\t\t\t\t<img :alt=\"pollImageDescription()\" :src=\"https:\/\/www.topky.sk\/cl\/100313\/9485237\/poll.img_url\" class=\"box-quiz-new-image-questionnaire\"\/><\/p>\n<p>{{ poll.image_description }} (Zdroj: {{ poll.image_resource }})<\/p>\n<p>{{ qIndex+1 }}\/{{ questions.length }}<\/p>\n<p>\t\t\t\t\t\t\t\t\t<img :alt=\"questionImageDescription(question)\" :src=\"https:\/\/www.topky.sk\/cl\/100313\/9485237\/question.img_url\" class=\"box-quiz-new-image-top\"\/><br \/>\n\t\t\t\t\t\t\t\t\t<a class=\"box-quiz-new-magnifier\" href=\"#\" title=\"Zv\u00e4\u010d\u0161i\u0165 obr\u00e1zok\">\u00a0<\/a><\/p>\n<p>Zdroj: {{ question.image_resource }}<\/p>\n<p>{{ question.text }}<\/p>\n<p>M\u00f4\u017eete ozna\u010di\u0165 viacero odpoved\u00ed.<\/p>\n<p class=\"profile-name\">{{ profiles[profileEvalueated.index].name }}<\/p>\n<p v-if=\"poll.show_profiles_percentage\">Zhoda: {{ profileEvalueated.weightPercentage }}%<\/p>\n<p>\t\t\t\t\t\t\t\t\t<img :alt=\"profiles[profileEvalueated.index].image_description\" :src=\"https:\/\/www.topky.sk\/cl\/100313\/9485237\/profiles[profileEvalueated.index].img_url\" class=\"box-quiz-new-image-questionnaire\"\/><\/p>\n<p>{{ profiles[profileEvalueated.index].image_description }} (Zdroj: {{ profiles[profileEvalueated.index].image_resource }})<\/p>\n<p><\/p>\n<p>\t\t\t\t\t\t\t\u00d7<br \/>\n\t\t\t\t\t\t\t<img :alt=\"imageModal.imgDescription\" :src=\"https:\/\/www.topky.sk\/cl\/100313\/9485237\/imageModal.imgUrl\" :style=\"isEmbed ? computeModalImageStyle() : ''\"\/><\/p>\n","protected":false},"excerpt":{"rendered":"BRATISLAVA &#8211; Michal Kova\u010di\u010d sa vyjadril k v\u00fdhre s\u00fadu s Mark\u00edzou. Posiela verejn\u00fd odkaz! Pred malou chv\u00ed\u013eou informovala&hellip;\n","protected":false},"author":2,"featured_media":171354,"comment_status":"","ping_status":"","sticky":false,"template":"","format":"standard","meta":{"footnotes":"","_share_on_mastodon":"0"},"categories":[6],"tags":[869,48096,1579,43,40,44,39,42,45,41,1368],"class_list":["post-171353","post","type-post","status-publish","format-standard","has-post-thumbnail","category-slovensko","tag-markiza","tag-michal-kovacic","tag-reakcia","tag-sk","tag-slovak","tag-slovak-republic","tag-slovakia","tag-slovencina","tag-slovenska-republika","tag-slovensko","tag-sud"],"share_on_mastodon":{"url":"https:\/\/pubeurope.com\/@sk\/117219121225566282","error":""},"_links":{"self":[{"href":"https:\/\/www.europesays.com\/sk\/wp-json\/wp\/v2\/posts\/171353","targetHints":{"allow":["GET"]}}],"collection":[{"href":"https:\/\/www.europesays.com\/sk\/wp-json\/wp\/v2\/posts"}],"about":[{"href":"https:\/\/www.europesays.com\/sk\/wp-json\/wp\/v2\/types\/post"}],"author":[{"embeddable":true,"href":"https:\/\/www.europesays.com\/sk\/wp-json\/wp\/v2\/users\/2"}],"replies":[{"embeddable":true,"href":"https:\/\/www.europesays.com\/sk\/wp-json\/wp\/v2\/comments?post=171353"}],"version-history":[{"count":0,"href":"https:\/\/www.europesays.com\/sk\/wp-json\/wp\/v2\/posts\/171353\/revisions"}],"wp:featuredmedia":[{"embeddable":true,"href":"https:\/\/www.europesays.com\/sk\/wp-json\/wp\/v2\/media\/171354"}],"wp:attachment":[{"href":"https:\/\/www.europesays.com\/sk\/wp-json\/wp\/v2\/media?parent=171353"}],"wp:term":[{"taxonomy":"category","embeddable":true,"href":"https:\/\/www.europesays.com\/sk\/wp-json\/wp\/v2\/categories?post=171353"},{"taxonomy":"post_tag","embeddable":true,"href":"https:\/\/www.europesays.com\/sk\/wp-json\/wp\/v2\/tags?post=171353"}],"curies":[{"name":"wp","href":"https:\/\/api.w.org\/{rel}","templated":true}]}}