{"id":171461,"date":"2026-09-05T17:55:09","date_gmt":"2026-09-05T17:55:09","guid":{"rendered":"https:\/\/www.europesays.com\/sk\/171461\/"},"modified":"2026-09-05T17:55:09","modified_gmt":"2026-09-05T17:55:09","slug":"explozia-v-kasarnach-o-zivot-prisli-2-ludia-zranenych-je-najmenej-59","status":"publish","type":"post","link":"https:\/\/www.europesays.com\/sk\/171461\/","title":{"rendered":"EXPL\u00d3ZIA V KAS\u00c1R\u0147ACH: O \u017eivot pri\u0161li 2 \u013eudia, zranen\u00fdch je najmenej 59"},"content":{"rendered":"<p>La Paz 5. septembra (TASR) &#8211; Dve obete na \u017eivotoch a najmenej 59 \u013eud\u00ed, v\u00e4\u010d\u0161inou civilistov, utrpelo zranenia pri piatkovom v\u00fdbuchu vo vojensk\u00fdch kas\u00e1r\u0148ach v meste Viacha na z\u00e1pade Bol\u00edvie. Informoval o tom bol\u00edvijsk\u00fd minister obrany Ernesto Justiniano a tamoj\u0161ia pol\u00edcia, p\u00ed\u0161e TASR pod\u013ea spr\u00e1vy agent\u00fary AFP.<\/p>\n<p>Pod\u013ea pol\u00edcie je pr\u00ed\u010dina v\u00fdbuchu doposia\u013e nejasn\u00e1 a nezvestn\u00fdch je sedem \u013eud\u00ed.<\/p>\n<p>K expl\u00f3zii do\u0161lo pribli\u017ene o 14.30 h miestneho \u010dasu (20.30 h SEL\u010c), kde bola uskladnen\u00e1 pyrotechnika, nap\u00edsal Justiniano na soci\u00e1lnej sieti Facebook.<\/p>\n<p>Dodal, \u017ee medzi zranen\u00fdmi bolo 52 civilistov a zvy\u0161ok tvorili pr\u00edslu\u0161n\u00edci arm\u00e1dy. Videoz\u00e1znamy z miesta v\u00fdbuchu zverejnen\u00e9 na soci\u00e1lnych sie\u0165ach ukazovali hust\u00fd st\u013ap \u010dierneho dymu st\u00fapaj\u00faci z kas\u00e1rn\u00ed, ktor\u00e9 sa nach\u00e1dzaj\u00fa priamo v centre mesta.<\/p>\n<p>Ministerstvo obrany Bol\u00edvie vo svojom skor\u0161om vyhl\u00e1sen\u00ed informovalo iba o \u0161kod\u00e1ch na infra\u0161trukt\u00fare a tvrdilo, \u017ee nikto neutrpel zranenia. Pr\u00ed\u010dina v\u00fdbuchu je v s\u00fa\u010dasnosti predmetom vy\u0161etrovania.<\/p>\n<p>Mesto Viacha sa nach\u00e1dza pribli\u017ene 30 kilometrov juhoz\u00e1padne od administrat\u00edvneho hlavn\u00e9ho mesta Bol\u00edvie La Paz a m\u00e1 zhruba 100.000 obyvate\u013eov.<\/p>\n","protected":false},"excerpt":{"rendered":"La Paz 5. septembra (TASR) &#8211; Dve obete na \u017eivotoch a najmenej 59 \u013eud\u00ed, v\u00e4\u010d\u0161inou civilistov, utrpelo zranenia&hellip;\n","protected":false},"author":2,"featured_media":171462,"comment_status":"","ping_status":"","sticky":false,"template":"","format":"standard","meta":{"footnotes":"","_share_on_mastodon":"0"},"categories":[8],"tags":[2417,27473,9858,33,43,40,42,36,50,3326,49,48,1506],"class_list":["post-171461","post","type-post","status-publish","format-standard","has-post-thumbnail","category-svet","tag-armada","tag-bolivia","tag-kasarne","tag-news","tag-sk","tag-slovak","tag-slovencina","tag-spravy","tag-svet","tag-vybuch","tag-world","tag-world-news","tag-zraneni"],"share_on_mastodon":{"url":"https:\/\/pubeurope.com\/@sk\/117219722705739038","error":""},"_links":{"self":[{"href":"https:\/\/www.europesays.com\/sk\/wp-json\/wp\/v2\/posts\/171461","targetHints":{"allow":["GET"]}}],"collection":[{"href":"https:\/\/www.europesays.com\/sk\/wp-json\/wp\/v2\/posts"}],"about":[{"href":"https:\/\/www.europesays.com\/sk\/wp-json\/wp\/v2\/types\/post"}],"author":[{"embeddable":true,"href":"https:\/\/www.europesays.com\/sk\/wp-json\/wp\/v2\/users\/2"}],"replies":[{"embeddable":true,"href":"https:\/\/www.europesays.com\/sk\/wp-json\/wp\/v2\/comments?post=171461"}],"version-history":[{"count":0,"href":"https:\/\/www.europesays.com\/sk\/wp-json\/wp\/v2\/posts\/171461\/revisions"}],"wp:featuredmedia":[{"embeddable":true,"href":"https:\/\/www.europesays.com\/sk\/wp-json\/wp\/v2\/media\/171462"}],"wp:attachment":[{"href":"https:\/\/www.europesays.com\/sk\/wp-json\/wp\/v2\/media?parent=171461"}],"wp:term":[{"taxonomy":"category","embeddable":true,"href":"https:\/\/www.europesays.com\/sk\/wp-json\/wp\/v2\/categories?post=171461"},{"taxonomy":"post_tag","embeddable":true,"href":"https:\/\/www.europesays.com\/sk\/wp-json\/wp\/v2\/tags?post=171461"}],"curies":[{"name":"wp","href":"https:\/\/api.w.org\/{rel}","templated":true}]}}