{"id":171507,"date":"2026-09-05T19:16:11","date_gmt":"2026-09-05T19:16:11","guid":{"rendered":"https:\/\/www.europesays.com\/sk\/171507\/"},"modified":"2026-09-05T19:16:11","modified_gmt":"2026-09-05T19:16:11","slug":"online-inter-neapol-stanislav-lobotka-serie-a-live","status":"publish","type":"post","link":"https:\/\/www.europesays.com\/sk\/171507\/","title":{"rendered":"ONLINE : Inter &#8211; Neapol \/ Stanislav Lobotka \/ Serie A LIVE"},"content":{"rendered":"<p>Na San Sire sa dnes podve\u010der v tre\u0165om kole stretn\u00fa t\u00edmy, ktor\u00e9 obsadili prv\u00e9 dve prie\u010dky v uplynul\u00fdch dvoch ro\u010dn\u00edkoch Serie A, ke\u010f mil\u00e1nsky Inter priv\u00edta SSC Neapol.<a class=\"news-item-image\" target=\"_self\" href=\"https:\/\/sport.aktuality.sk\/futbal\/clanok\/serie-a-vysledky-dnes-inter-neapol-2026090518123134935\" rel=\"nofollow noopener\"><img alt=\"Lobotkov Neapol predviedol dokonal\u00e9 babr\u00e1ctvo. Inter sl\u00e1vi pon\u00ed\u017eenie rivala\" src=\"data:image\/gif;base64,R0lGODlhAQABAIAAAAAAAP\/\/\/yH5BAEAAAAALAAAAAABAAEAAAIBRAA7\" decoding=\"async\" data-nimg=\"responsive\" class=\"side-article\" style=\"position:absolute;top:0;left:0;bottom:0;right:0;box-sizing:border-box;padding:0;border:none;margin:auto;display:block;width:0;height:0;min-width:100%;max-width:100%;min-height:100%;max-height:100%\"\/><img alt=\"Lobotkov Neapol predviedol dokonal\u00e9 babr\u00e1ctvo. Inter sl\u00e1vi pon\u00ed\u017eenie rivala\" src=\"https:\/\/www.europesays.com\/sk\/wp-content\/uploads\/2026\/09\/f782cd3b-019e-4805-8ec5-e599fdfff4f8.jpg\" decoding=\"async\" data-nimg=\"responsive\" style=\"position:absolute;top:0;left:0;bottom:0;right:0;box-sizing:border-box;padding:0;border:none;margin:auto;display:block;width:0;height:0;min-width:100%;max-width:100%;min-height:100%;max-height:100%\" class=\"side-article\" loading=\"lazy\"\/><\/a><\/p>\n<p class=\"news-item-description\">Futbalisti Interu Mil\u00e1no vyhrali v 3. kole Serie A nad SSC Neapol, za ktor\u00fd do 79. min\u00faty hral Slov\u00e1k Stanislav Lobotka, 3:2. Neapol pritom e\u0161te v 87. min\u00fate viedol 2:1.<\/p>\n<p>Sledujte ONLINE prenos zo z\u00e1pasu Inter Mil\u00e1no &#8211; SSC Neapol v 3. kole talianskej s\u00fa\u0165a\u017ee Serie A na \u0160PORT.sk! Za\u010diatok z\u00e1pasu je o 18.00 h.<\/p>\n<p>ONLINE prenos z\u00e1pasu Inter Mil\u00e1no &#8211; SSC Neapol<\/p>\n","protected":false},"excerpt":{"rendered":"Na San Sire sa dnes podve\u010der v tre\u0165om kole stretn\u00fa t\u00edmy, ktor\u00e9 obsadili prv\u00e9 dve prie\u010dky v uplynul\u00fdch&hellip;\n","protected":false},"author":2,"featured_media":171508,"comment_status":"","ping_status":"","sticky":false,"template":"","format":"standard","meta":{"footnotes":"","_share_on_mastodon":"0"},"categories":[13],"tags":[2669,173,174,5471,43,40,39,42,41,69,68,4334],"class_list":["post-171507","post","type-post","status-publish","format-standard","has-post-thumbnail","category-sport","tag-inter-milano","tag-mixzona","tag-online","tag-serie-a","tag-sk","tag-slovak","tag-slovakia","tag-slovencina","tag-slovensko","tag-sport","tag-sports","tag-ssc-neapol"],"share_on_mastodon":{"url":"https:\/\/pubeurope.com\/@sk\/117220041481862175","error":""},"_links":{"self":[{"href":"https:\/\/www.europesays.com\/sk\/wp-json\/wp\/v2\/posts\/171507","targetHints":{"allow":["GET"]}}],"collection":[{"href":"https:\/\/www.europesays.com\/sk\/wp-json\/wp\/v2\/posts"}],"about":[{"href":"https:\/\/www.europesays.com\/sk\/wp-json\/wp\/v2\/types\/post"}],"author":[{"embeddable":true,"href":"https:\/\/www.europesays.com\/sk\/wp-json\/wp\/v2\/users\/2"}],"replies":[{"embeddable":true,"href":"https:\/\/www.europesays.com\/sk\/wp-json\/wp\/v2\/comments?post=171507"}],"version-history":[{"count":0,"href":"https:\/\/www.europesays.com\/sk\/wp-json\/wp\/v2\/posts\/171507\/revisions"}],"wp:featuredmedia":[{"embeddable":true,"href":"https:\/\/www.europesays.com\/sk\/wp-json\/wp\/v2\/media\/171508"}],"wp:attachment":[{"href":"https:\/\/www.europesays.com\/sk\/wp-json\/wp\/v2\/media?parent=171507"}],"wp:term":[{"taxonomy":"category","embeddable":true,"href":"https:\/\/www.europesays.com\/sk\/wp-json\/wp\/v2\/categories?post=171507"},{"taxonomy":"post_tag","embeddable":true,"href":"https:\/\/www.europesays.com\/sk\/wp-json\/wp\/v2\/tags?post=171507"}],"curies":[{"name":"wp","href":"https:\/\/api.w.org\/{rel}","templated":true}]}}