{"id":171531,"date":"2026-09-05T19:49:07","date_gmt":"2026-09-05T19:49:07","guid":{"rendered":"https:\/\/www.europesays.com\/sk\/171531\/"},"modified":"2026-09-05T19:49:07","modified_gmt":"2026-09-05T19:49:07","slug":"s-golmi-sa-roztrhlo-vrece-slager-medzi-interom-a-neapolom-nam-ponukol-5-golov","status":"publish","type":"post","link":"https:\/\/www.europesays.com\/sk\/171531\/","title":{"rendered":"S g\u00f3lmi sa roztrhlo vrece: \u0160l\u00e1ger medzi Interom a Neapolom n\u00e1m pon\u00fakol 5 g\u00f3lov!"},"content":{"rendered":"<p>\t<a href=\"https:\/\/sportky.zoznam.sk\/g\/494229\/s-golmi-sa-roztrhlo-vrece-slager-medzi-interom-a-neapolom-nam-ponukol-5-golov?image=1197357\" title=\"\u00dato\u010dn\u00edk Interu Pio Esposito (v strede) v  s\u00faboji so Stanislavom Lobotkom (68) a Rafom Marinom z Neapola\" rel=\"nofollow noopener\" target=\"_blank\">\t\t\t<img decoding=\"async\" loading=\"lazy\" src=\"https:\/\/www.europesays.com\/sk\/wp-content\/uploads\/2026\/09\/ssc-neapol-inter-milano-1197357.jpg\"  alt=\"\u00dato\u010dn\u00edk Interu Pio Esposito (v strede) v  s\u00faboji so Stanislavom Lobotkom (68) a Rafom Marinom z Neapola\"\/><\/a>\u00dato\u010dn\u00edk Interu Pio Esposito (v strede) v  s\u00faboji so Stanislavom Lobotkom (68) a Rafom Marinom z Neapola\t\t\t Zdroj: SITA\/AP\/Marco Alpozzi \/LaPresse\t\t\t\t<\/p>\n<p>\t\t\t<a class=\"box-article-author-image\"><br \/>\n\t\t\t\t<img decoding=\"async\" src=\"https:\/\/sportky.zoznam.sk\/static\/2019_default\/img\/author.svg\"\/><br \/>\n\t\t\t<\/a><\/p>\n<p class=\"perex\">MIL\u00c1NO &#8211; Futbalisti Interu Mil\u00e1no zv\u00ed\u0165azili nad SSC Neapol 3:2 v sobotnom \u0161l\u00e1gri 3. kola Serie A. Na obrate \u00faraduj\u00faceho talianskeho majstra sa dvomi g\u00f3lmi podie\u013eal Lautaro Martinez, pri\u010dom o v\u00ed\u0165azstve rozhodol v nadstavenom \u010dase druh\u00e9ho pol\u010dasu.\t<\/p>\n<p>Inter tak pokra\u010duje bez straty bodu. Slovensk\u00fd stredopoliar Stanislav Lobotka hral za Neapol do 79. min\u00faty.\u00a0Hostia otvorili sk\u00f3re v 50. min\u00fate z\u00e1sluhou Mattea Politana a jeho koncovke zvn\u00fatra \u0161estn\u00e1stky z odrazenej lopty.<\/p>\n<p>&#13;<br \/>\n&#13;<\/p>\n<p>U\u017e v 53. min\u00fate zdvojn\u00e1sobil vedenie Neapola peknou strelou z hranice pokutov\u00e9ho \u00fazemia Rasmus H\u00f6jlund, no jeden zo s\u00faperov bratislavsk\u00e9ho Slovana v ligovej f\u00e1ze Ligy majstrov sk\u00f3re oto\u010dil. Lautaro Martinez v 56. min\u00fate zvn\u00fatra \u0161estn\u00e1stky zn\u00ed\u017eil na 1:2, v 82. po centri vyrovnal Marcus Thuram a v prvej min\u00fate nadstaven\u00e9ho \u010dasu rozhodol svoj\u00edm druh\u00fdm presn\u00fdm z\u00e1sahom v pokutovom \u00fazem\u00ed Martinez. Neapol m\u00e1 tak na\u010falej na konte tri body.<\/p>\n<p>&#13;<br \/>\n&#13;<\/p>\n<p>Serie A &#8211; 3. kolo:<\/p>\n<p>Inter Mil\u00e1no \u2013 SSC Neapol 3:2 (0:0)<br \/>&#13;<br \/>\nG\u00f3ly: 56. a 90.+1 Martinez, 82. Thuram &#8211; 50. Politano, 53. H\u00f6jlund<br \/>&#13;<br \/>\n\/S. Lobotka (Neapol) hral do 79. min.\/<\/p>\n<p>&#13;<br \/>\n&#13;<\/p>\n<p>\n\t\t\tFotogal\u00e9ria k \u010dl\u00e1nku<br \/>\n\t\t\tPo\u010det fotiek: 10\n\t\t<\/p>\n<p>\t&#13;<\/p>\n<p>\t\t\tViac o t\u00e9me:<\/p>\n<p>\t\t\tAutor: \u00a9 Zoznam\/\t\t\tZdroj: TASR\t<\/p>\n","protected":false},"excerpt":{"rendered":"\u00dato\u010dn\u00edk Interu Pio Esposito (v strede) v s\u00faboji so Stanislavom Lobotkom (68) a Rafom Marinom z Neapola Zdroj:&hellip;\n","protected":false},"author":2,"featured_media":171532,"comment_status":"","ping_status":"","sticky":false,"template":"","format":"standard","meta":{"footnotes":"","_share_on_mastodon":"0"},"categories":[32],"tags":[34,37,2669,33,5471,43,40,39,42,41,36,4334,38,35],"class_list":["post-171531","post","type-post","status-publish","format-standard","has-post-thumbnail","category-spravy","tag-headlines","tag-hlavne-spravy","tag-inter-milano","tag-news","tag-serie-a","tag-sk","tag-slovak","tag-slovakia","tag-slovencina","tag-slovensko","tag-spravy","tag-ssc-neapol","tag-titulky","tag-top-stories"],"share_on_mastodon":{"url":"https:\/\/pubeurope.com\/@sk\/117220171238622693","error":""},"_links":{"self":[{"href":"https:\/\/www.europesays.com\/sk\/wp-json\/wp\/v2\/posts\/171531","targetHints":{"allow":["GET"]}}],"collection":[{"href":"https:\/\/www.europesays.com\/sk\/wp-json\/wp\/v2\/posts"}],"about":[{"href":"https:\/\/www.europesays.com\/sk\/wp-json\/wp\/v2\/types\/post"}],"author":[{"embeddable":true,"href":"https:\/\/www.europesays.com\/sk\/wp-json\/wp\/v2\/users\/2"}],"replies":[{"embeddable":true,"href":"https:\/\/www.europesays.com\/sk\/wp-json\/wp\/v2\/comments?post=171531"}],"version-history":[{"count":0,"href":"https:\/\/www.europesays.com\/sk\/wp-json\/wp\/v2\/posts\/171531\/revisions"}],"wp:featuredmedia":[{"embeddable":true,"href":"https:\/\/www.europesays.com\/sk\/wp-json\/wp\/v2\/media\/171532"}],"wp:attachment":[{"href":"https:\/\/www.europesays.com\/sk\/wp-json\/wp\/v2\/media?parent=171531"}],"wp:term":[{"taxonomy":"category","embeddable":true,"href":"https:\/\/www.europesays.com\/sk\/wp-json\/wp\/v2\/categories?post=171531"},{"taxonomy":"post_tag","embeddable":true,"href":"https:\/\/www.europesays.com\/sk\/wp-json\/wp\/v2\/tags?post=171531"}],"curies":[{"name":"wp","href":"https:\/\/api.w.org\/{rel}","templated":true}]}}