{"id":171547,"date":"2026-09-05T20:02:10","date_gmt":"2026-09-05T20:02:10","guid":{"rendered":"https:\/\/www.europesays.com\/sk\/171547\/"},"modified":"2026-09-05T20:02:10","modified_gmt":"2026-09-05T20:02:10","slug":"pred-obcou-vysny-hrusov-v-smere-od-humenneho-sa-stala-tragicka-nehoda","status":"publish","type":"post","link":"https:\/\/www.europesays.com\/sk\/171547\/","title":{"rendered":"Pred obcou Vy\u0161n\u00fd Hru\u0161ov v smere od Humenn\u00e9ho sa stala tragick\u00e1 nehoda"},"content":{"rendered":"<p>VY\u0160N\u00dd HRU\u0160OV  &#8211; V sobotu  kr\u00e1tko po 18.30 hod. do\u0161lo na ceste III\/3839 pred obcou Vy\u0161n\u00fd Hru\u0161ov v smere od Humenn\u00e9ho, z doposia\u013e nezisten\u00fdch pr\u00ed\u010din, k zr\u00e1\u017eke osobn\u00e9ho vozidla s motocyklom.<\/p>\n<p>Akouviedla pol\u00edcia, 24-ro\u010dn\u00fd motocyklista utrpel zranenia nezlu\u010dite\u013en\u00e9 so \u017eivotom, ktor\u00fdm, \u017eia\u013e, na mieste pod\u013eahol. 23-ro\u010dn\u00e1 spolujazdky\u0148a bola prevezen\u00e1 vrtu\u013en\u00edkom do nemocnice. \u00da\u010dastn\u00edkom nehody bol aj cyklista.<\/p>\n<p>Na mieste zasahuj\u00fa z\u00e1chrann\u00e9 zlo\u017eky, policajti udalos\u0165 dokumentuj\u00fa. Prizvan\u00fd bol aj znalec z odboru dopravy.&#8220;Cesta v tomto \u00faseku je neprejazdn\u00e1,&#8220; uviedla pol\u00edcia.\u00a0\u00a0<\/p>\n<p>21-ro\u010dn\u00fd vodi\u010d auta bol podroben\u00fd dychovej sk\u00fa\u0161ke s negat\u00edvnym v\u00fdsledkom. &#8222;Presn\u00e9 pr\u00ed\u010diny a okolnosti nehody s\u00fa predmetom vy\u0161etrovania. \u017diadame vodi\u010dov o zv\u00fd\u0161en\u00fa opatrnos\u0165 a re\u0161pektovanie pokynov zasahuj\u00facich zlo\u017eiek,&#8220; dodali.\u00a0\u00a0<\/p>\n<p>\u00a0<\/p>\n","protected":false},"excerpt":{"rendered":"VY\u0160N\u00dd HRU\u0160OV &#8211; V sobotu kr\u00e1tko po 18.30 hod. do\u0161lo na ceste III\/3839 pred obcou Vy\u0161n\u00fd Hru\u0161ov v&hellip;\n","protected":false},"author":2,"featured_media":171548,"comment_status":"","ping_status":"","sticky":false,"template":"","format":"standard","meta":{"footnotes":"","_share_on_mastodon":"0"},"categories":[6],"tags":[535,525,43,40,44,39,42,45,41,14417,48401],"class_list":["post-171547","post","type-post","status-publish","format-standard","has-post-thumbnail","category-slovensko","tag-nehoda","tag-policia","tag-sk","tag-slovak","tag-slovak-republic","tag-slovakia","tag-slovencina","tag-slovenska-republika","tag-slovensko","tag-smrtelna-nehoda","tag-vysny-hrusov"],"share_on_mastodon":{"url":"https:\/\/pubeurope.com\/@sk\/117220222133188773","error":""},"_links":{"self":[{"href":"https:\/\/www.europesays.com\/sk\/wp-json\/wp\/v2\/posts\/171547","targetHints":{"allow":["GET"]}}],"collection":[{"href":"https:\/\/www.europesays.com\/sk\/wp-json\/wp\/v2\/posts"}],"about":[{"href":"https:\/\/www.europesays.com\/sk\/wp-json\/wp\/v2\/types\/post"}],"author":[{"embeddable":true,"href":"https:\/\/www.europesays.com\/sk\/wp-json\/wp\/v2\/users\/2"}],"replies":[{"embeddable":true,"href":"https:\/\/www.europesays.com\/sk\/wp-json\/wp\/v2\/comments?post=171547"}],"version-history":[{"count":0,"href":"https:\/\/www.europesays.com\/sk\/wp-json\/wp\/v2\/posts\/171547\/revisions"}],"wp:featuredmedia":[{"embeddable":true,"href":"https:\/\/www.europesays.com\/sk\/wp-json\/wp\/v2\/media\/171548"}],"wp:attachment":[{"href":"https:\/\/www.europesays.com\/sk\/wp-json\/wp\/v2\/media?parent=171547"}],"wp:term":[{"taxonomy":"category","embeddable":true,"href":"https:\/\/www.europesays.com\/sk\/wp-json\/wp\/v2\/categories?post=171547"},{"taxonomy":"post_tag","embeddable":true,"href":"https:\/\/www.europesays.com\/sk\/wp-json\/wp\/v2\/tags?post=171547"}],"curies":[{"name":"wp","href":"https:\/\/api.w.org\/{rel}","templated":true}]}}