{"id":171549,"date":"2026-09-05T20:03:06","date_gmt":"2026-09-05T20:03:06","guid":{"rendered":"https:\/\/www.europesays.com\/sk\/171549\/"},"modified":"2026-09-05T20:03:06","modified_gmt":"2026-09-05T20:03:06","slug":"prijatie-statneho-rozpoctu-je-zodpovednost-celej-koalicie","status":"publish","type":"post","link":"https:\/\/www.europesays.com\/sk\/171549\/","title":{"rendered":"Prijatie \u0161t\u00e1tneho rozpo\u010dtu je zodpovednos\u0165 celej koal\u00edcie"},"content":{"rendered":"<p>BRATISLAVA &#8211; Prijatie \u0161t\u00e1tneho rozpo\u010dtu je zodpovednos\u0165 celej vl\u00e1dnej koal\u00edcie, nielen strany Smer-SD, ktor\u00e1 nominovala ministra financi\u00ed. Nie je preto mo\u017en\u00e9 predbieha\u0165 sa v navrhovan\u00ed nov\u00fdch v\u00fddavkov a ru\u0161en\u00ed dan\u00ed. Vo videu na soci\u00e1lnej sieti na to pouk\u00e1zal predseda vl\u00e1dy SR Robert Fico (Smer-SD). Slovensko okrem toho pod\u013ea premi\u00e9ra vyu\u017eije svoje pr\u00e1vo veta pri schva\u013eovan\u00ed rozpo\u010dtu Eur\u00f3pskej \u00fanie, ak by v \u0148om bolo zahrnut\u00e9 zn\u00ed\u017eenie pe\u0148az\u00ed pre farm\u00e1rov.<\/p>\n<p>\u201eVo vl\u00e1dnej koal\u00edcii zatia\u013e plat\u00ed, \u017ee rozpo\u010det nep\u00f4jde cestou nov\u00fdch bremien pre \u013eud\u00ed a firmy. Ako \u010dlen euroz\u00f3ny m\u00e1me svoje fi\u0161k\u00e1lne povinnosti, ale s\u00fa\u010dasne aj \u010dist\u00fa hlavu, \u017ee \u010d\u00edsla nie s\u00fa cie\u013eom na\u0161ej politiky, s\u00fa len ich n\u00e1strojom. Na ak\u00e9ko\u013evek absurdn\u00e9 \u00favahy o vyrovnanom rozpo\u010dte treba zabudn\u00fa\u0165 a pri poh\u013eade na stav, v ktorom je cel\u00e1 E\u00da, ich treba aj r\u00e1zne odmietnu\u0165,\u201c vyhl\u00e1sil premi\u00e9r s t\u00fdm, \u017ee rokovania o rozpo\u010dte bud\u00fa pokra\u010dova\u0165 nasleduj\u00faci t\u00fd\u017ede\u0148.<\/p>\n<p style=\"text-align:center\">arch\u00edvne video<\/p>\n<p>Boj o v\u00fdklad Slovensk\u00e9ho n\u00e1rodn\u00e9ho povstania na\u010falej pokra\u010duje, uviedol Fico\t\t(Zdroj: TASR\/J\u00e1n Kro\u0161l\u00e1k)\t<\/p>\n<p>Premi\u00e9r doplnil, \u017ee nevid\u00ed d\u00f4vod na to, aby na bud\u00faci rok st\u00fapali ceny energi\u00ed. Vl\u00e1da m\u00e1 pod\u013ea neho pripraven\u00e9 prostriedky pre nevyhnutn\u00e9 kompenz\u00e1cie. Fico okrem toho avizoval, \u017ee v nasleduj\u00facom t\u00fd\u017edni bud\u00fa krajiny V4 rokova\u0165 v Bratislave s premi\u00e9rom \u00cdrska. \u201eUrob\u00edme v\u0161etko pre spolo\u010dn\u00fd postup pri schva\u013eovan\u00ed rozpo\u010dtu E\u00da a v boji proti vysok\u00fdm cen\u00e1m elektrickej energie. S\u013e\u00fabil som, \u017ee slovensk\u00e1 vl\u00e1da bude na rokovanie V4 navrhova\u0165 t\u00e9my, ktor\u00e9 n\u00e1s sp\u00e1jaj\u00fa, a nie rozde\u013euj\u00fa,\u201c dodal.<\/p>\n<p>Premi\u00e9r sa vo videu vyjadril aj k slov\u00e1m prezidenta SR Petra Pellegriniho, ktor\u00fd v Sobotn\u00fdch dial\u00f3goch Slovensk\u00e9ho rozhlasu hovoril o \u0161irokej koal\u00edcii po bud\u00facoro\u010dn\u00fdch parlamentn\u00fdch vo\u013eb\u00e1ch. Pod\u013ea jeho slov ho prekvapilo, \u017ee hlava \u0161t\u00e1tu viedla \u00favahy o zostavovan\u00ed novej vl\u00e1dy e\u0161te pred konan\u00edm volieb.<\/p>\n<p>Fico okrem toho tie\u017e avizoval, \u017ee koal\u00edcia zva\u017euje predlo\u017eenie V\u00edzie Slovensko 2040 na rokovanie N\u00e1rodnej rady SR. Urobi\u0165 by tak mohla po prerokovan\u00ed vl\u00e1dou. \u201eNadstran\u00edcka a profesion\u00e1lna v\u00edzia spracovan\u00e1 na \u00farovni Slovenskej akad\u00e9mie vied spln\u00ed \u00falohu vtedy, ak ju ka\u017ed\u00e1 vl\u00e1da bude pova\u017eova\u0165 za z\u00e1kladn\u00fd dokument, z ktor\u00e9ho bude vych\u00e1dza\u0165 ka\u017ed\u00e9 programov\u00e9 vyhl\u00e1senie vl\u00e1dy. Ako som u\u017e uviedol, moja vl\u00e1da bude v\u00edziu zoh\u013ead\u0148ova\u0165 u\u017e pri schva\u013eovan\u00ed rozpo\u010dtu a v pr\u00edpade zostavovania vl\u00e1dy po vo\u013eb\u00e1ch bude z\u00e1kladom n\u00e1\u0161ho nov\u00e9ho vl\u00e1dneho programu,\u201c doplnil.<\/p>\n","protected":false},"excerpt":{"rendered":"BRATISLAVA &#8211; Prijatie \u0161t\u00e1tneho rozpo\u010dtu je zodpovednos\u0165 celej vl\u00e1dnej koal\u00edcie, nielen strany Smer-SD, ktor\u00e1 nominovala ministra financi\u00ed. Nie&hellip;\n","protected":false},"author":2,"featured_media":171550,"comment_status":"","ping_status":"","sticky":false,"template":"","format":"standard","meta":{"footnotes":"","_share_on_mastodon":"0"},"categories":[32],"tags":[34,37,1545,33,143,1614,2248,43,40,39,42,41,36,38,35,9699],"class_list":["post-171549","post","type-post","status-publish","format-standard","has-post-thumbnail","category-spravy","tag-headlines","tag-hlavne-spravy","tag-koalicia","tag-news","tag-premier","tag-robert-fico","tag-rozpocet","tag-sk","tag-slovak","tag-slovakia","tag-slovencina","tag-slovensko","tag-spravy","tag-titulky","tag-top-stories","tag-zodpovednost"],"share_on_mastodon":{"url":"https:\/\/pubeurope.com\/@sk\/117220226055358825","error":""},"_links":{"self":[{"href":"https:\/\/www.europesays.com\/sk\/wp-json\/wp\/v2\/posts\/171549","targetHints":{"allow":["GET"]}}],"collection":[{"href":"https:\/\/www.europesays.com\/sk\/wp-json\/wp\/v2\/posts"}],"about":[{"href":"https:\/\/www.europesays.com\/sk\/wp-json\/wp\/v2\/types\/post"}],"author":[{"embeddable":true,"href":"https:\/\/www.europesays.com\/sk\/wp-json\/wp\/v2\/users\/2"}],"replies":[{"embeddable":true,"href":"https:\/\/www.europesays.com\/sk\/wp-json\/wp\/v2\/comments?post=171549"}],"version-history":[{"count":0,"href":"https:\/\/www.europesays.com\/sk\/wp-json\/wp\/v2\/posts\/171549\/revisions"}],"wp:featuredmedia":[{"embeddable":true,"href":"https:\/\/www.europesays.com\/sk\/wp-json\/wp\/v2\/media\/171550"}],"wp:attachment":[{"href":"https:\/\/www.europesays.com\/sk\/wp-json\/wp\/v2\/media?parent=171549"}],"wp:term":[{"taxonomy":"category","embeddable":true,"href":"https:\/\/www.europesays.com\/sk\/wp-json\/wp\/v2\/categories?post=171549"},{"taxonomy":"post_tag","embeddable":true,"href":"https:\/\/www.europesays.com\/sk\/wp-json\/wp\/v2\/tags?post=171549"}],"curies":[{"name":"wp","href":"https:\/\/api.w.org\/{rel}","templated":true}]}}