{"id":171591,"date":"2026-09-05T20:54:20","date_gmt":"2026-09-05T20:54:20","guid":{"rendered":"https:\/\/www.europesays.com\/sk\/171591\/"},"modified":"2026-09-05T20:54:20","modified_gmt":"2026-09-05T20:54:20","slug":"vuelta-zasluhou-brennera-prva-etapa-pre-tudor-v-gc-gall-na-druhom-mieste-preskocil-roglica","status":"publish","type":"post","link":"https:\/\/www.europesays.com\/sk\/171591\/","title":{"rendered":"Vuelta: z\u00e1sluhou Brennera prv\u00e1 etapa pre Tudor, v GC Gall na druhom mieste presko\u010dil Rogli\u010da"},"content":{"rendered":"<p>Na z\u00e1ver druh\u00e9ho t\u00fd\u017ed\u0148a pri\u0161la na Vuelte najpr k slovu sobotn\u00e1 mimoriadne n\u00e1ro\u010dn\u00e1 horsk\u00e1 sk\u00fa\u0161ka. \u0160tartovalo sa v meste Ja\u00e9n, cie\u013e bol umiestnen\u00fd na ob\u00e1vanom vrchole Sierra de la Pandera. Mimoriadne n\u00e1ro\u010dn\u00fd zvlnen\u00fd profil v andal\u00fazskom vn\u00fatrozem\u00ed e\u0161te umocnilo \u00famorn\u00e9 teplo, s ktor\u00fdm sa pretek\u00e1ri pot\u00fdkaj\u00fa u\u017e nieko\u013eko posledn\u00fdch dn\u00ed.<\/p>\n<p>Na 154 kilometroch museli cyklisti nast\u00fapa\u0165 4107 v\u00fd\u0161kov\u00fdch metrov, mimoriadne \u0165a\u017ek\u00e1 bola predov\u0161etk\u00fdm z\u00e1vere\u010dn\u00e1 tretina etapy, kde sa za seba poskladali tri klasifikovan\u00e9 st\u00fapania Puerto de Los Villares, Puerto de Locub\u00edn a dojazd na Sierra de la Pandera.<\/p>\n<p>&#13;<br \/>\n\t&#13;<br \/>\n\t\t&#13;<br \/>\n\t\t\t&#8211; na\u0161e najprest\u00ed\u017enej\u0161ie preteky -&#13;<br \/>\n\t\t&#13;<br \/>\n\t&#13;<\/p>\n<p><a href=\"https:\/\/okoloslovenska.com\/\" target=\"_blank\" rel=\"nofollow noopener\"><img decoding=\"async\" alt=\"\" src=\"https:\/\/www.europesays.com\/sk\/wp-content\/uploads\/2026\/09\/1788641653_407_OS2026-banner-500x300.png\" title=\"Okolo Slovenska 2024\" \/><\/a><\/p>\n<p>&#13;<br \/>\n\t&#13;<br \/>\n\t\t&#13;<br \/>\n\t\t\t&#8211; na\u0161e najprest\u00ed\u017enej\u0161ie preteky -&#13;<br \/>\n\t\t&#13;<br \/>\n\t&#13;<\/p>\n<p>&#13;<br \/>\n\t&#13;<br \/>\n\t\t&#13;<br \/>\n\t\t\t&#8211; na\u0161e najprest\u00ed\u017enej\u0161ie preteky -&#13;<br \/>\n\t\t&#13;<br \/>\n\t&#13;<\/p>\n<p><a href=\"https:\/\/okoloslovenska.com\/\" target=\"_blank\" rel=\"nofollow noopener\"><img decoding=\"async\" alt=\"\" src=\"https:\/\/www.europesays.com\/sk\/wp-content\/uploads\/2026\/09\/1788641654_408_OS2026-banner-620x300px.png\" title=\"Okolo Slovenska 2024\" \/><\/a><\/p>\n<p>&#13;<br \/>\n\t&#13;<br \/>\n\t\t&#13;<br \/>\n\t\t\t&#8211; na\u0161e najprest\u00ed\u017enej\u0161ie preteky -&#13;<br \/>\n\t\t&#13;<br \/>\n\t&#13;<\/p>\n<p>V \u00favahu pripadali dva scen\u00e1re. Bu\u010f \u00faspe\u0161n\u00fd \u00fanik a boj o sekundy medzi favoritmi celkov\u00e9ho poradia, alebo pokus o etapu zo strany priebe\u017en\u00e9ho l\u00eddra Enrica Masa a jeho t\u00edmu Movistar. \u0160paniel zatia\u013e p\u00f4sobil najsilnej\u0161\u00edm dojmom a ve\u013emi r\u00e1d by zasadil konkurentom definit\u00edvny \u00fader. Primo\u017e Rogli\u010d (RedBull-Bora) prevdepodobne chcel iba limitova\u0165 straty v o\u010dak\u00e1van\u00ed \u010dasovky v tre\u0165om t\u00fd\u017edni. Felix Gall (Decathlon) v predch\u00e1dzaj\u00facej etape pri\u0161iel o svojho superdomestika Gregora Muhlbergera a bolo ot\u00e1zne, ako prisp\u00f4sobia svoju \u00fato\u010dn\u00fa strat\u00e9giu tejto skuto\u010dnosti. Na pozore sa bolo treba ma\u0165 aj pred tret\u00edm vzadu Richardom Carapazom (EF), ktor\u00fd v\u017edy dok\u00e1\u017ee prekvapi\u0165 a na tomto st\u00fapan\u00ed u\u017e raz dok\u00e1zal zv\u00ed\u0165azi\u0165 (v roku 2022).<\/p>\n<p>Etapa za\u010dala bojom o \u00fanik, dlho sa ale \u017eiaden prijate\u013en\u00fd nemoho vytvori\u0165. A tak po dobehnut\u00ed jednej skupiny nastala tak\u00e1 zvl\u00e1\u0161tna situ\u00e1cia &#8211; pelot\u00f3n delil a sp\u00e1jal a nakoniec vpredu ostala ve\u013ek\u00e1 skupjna. Bolo v nej 45 pretek\u00e1rov, nikto z celkov\u00e9ho poradia. Ch\u00fdbal tu aj Wout van Aert (Visma). To ur\u010dite pote\u0161ilo Santiaga Buitraga (Bahrain-Victorious), ktor\u00fd tam nech\u00fdbal spolo\u010dne so svoj\u00edm vern\u00fdm pomocn\u00edkom Pellom Bilbaom. Najvy\u0161\u0161ie postaven\u00ed v GC boli Cl\u00e9ment Berthet (Groupama) a Cristi\u00e1n Rodr\u00edguez (Astana).<\/p>\n<p>&#13;<\/p>\n<p dir=\"ltr\" lang=\"en\" xml:lang=\"en\">Wout took a bottle while attacking at 53km\/h ????<\/p>\n<p>Wout van Aert multitasking on Stage 13 of La Vuelta a Espa\u00f1a, which he went on to win. <a href=\"https:\/\/t.co\/z2SDgEh81P\" rel=\"nofollow\">pic.twitter.com\/z2SDgEh81P<\/a><\/p>\n<p>&#13;<br \/>\n\u2014 Velon CC (@VelonCC) <a href=\"https:\/\/x.com\/VelonCC\/status\/2095937741359837517?ref_src=twsrc%5Etfw\" rel=\"nofollow\">September 4, 2026<\/a><\/p>\n<p>Zlo\u017eenie \u010delnej skupiny bolo: Almeida, Oliveira a Vermaerke (UAE), Castrillo, Garc\u00eda Pierna (Movistar), Kruijswijk a Nordhagen (Visma), Chamberlain (Decathlon), De la Cruz, Azparren, Calzoni a Vader (Pinarello), Svestad-Bardseng (Ineos), Bilbao a Buitrago (Bahrain-Victorious), Bernard a Konrad (Lidl), Berthet a Martin (Groupama), Mart\u00ed (NSN), Dainese, Paret-Peitre a Zana (Soudal), Ourselin (Cofidis), Bouwman, Hellemoze, Pickering a Sutterlin (Jayco), Albanese, Rafferty a Steinhauser (EF), Brenner, Barta, Thalmann a Warbasse (Tudor), Fortunato, Rodr\u00edguez a Romele (Astana), Alleno, Aparicio, D\u00edaz a Fernand\u00e9z (BurgosBH), Thompson (Lotto), Martinez (Picnic-PostNL) a Sosa (Kern-Pharma).<\/p>\n<p>Teplota bola op\u00e4\u0165 vysok\u00e1 a e\u0161te hor\u0161ia predpove\u010f bola na nede\u013en\u00fa etapu, ke\u010f meteorol\u00f3govia avizovali a\u017e 41 stup\u0148ov. Organiz\u00e1tori pravdepodobne bud\u00fa musie\u0165 rozm\u00fd\u0161\u013ea\u0165 o nejak\u00fdch \u00faprav\u00e1ch z titulu pravidla &#8222;O extr\u00e9mnom po\u010das\u00ed&#8220;. V sobotnej etape bolo povolen\u00e9 prebera\u0165 ob\u010derstvenie na \u013eubovo\u013enom mieste trasy.<\/p>\n<p>&#13;<\/p>\n<p dir=\"ltr\" lang=\"es\" xml:lang=\"es\">Renovaci\u00f3n confirmada: Pogacar se queda en el UAE seis temporadas m\u00e1s. \u2611\ufe0f <a href=\"https:\/\/t.co\/Z5xCP3ZB6m\" rel=\"nofollow\">pic.twitter.com\/Z5xCP3ZB6m<\/a><\/p>\n<p>&#13;<br \/>\n\u2014 ESPN Ciclismo (@ESPNCiclismo) <a href=\"https:\/\/x.com\/ESPNCiclismo\/status\/2096225287499370569?ref_src=twsrc%5Etfw\" rel=\"nofollow\">September 5, 2026<\/a><\/p>\n<p>Medzit\u00fdm pri\u0161li dve nov\u00e9 spr\u00e1vy oh\u013eadne Tadeja Poga\u010dara &#8211; jednak jeho pred\u013a\u017eenie zmluvy s t\u00edmom UAE Emirates a\u017e do sez\u00f3ny 2032 a druhak trochu menej pr\u00edjemn\u00e1, ale o\u010dak\u00e1van\u00e1 o ukon\u010den\u00ed tekto sez\u00f3ny. \u010ci\u017ee\u00a0MS, Eur\u00f3psky \u0161ampion\u00e1t v Slovinsku ani Lombardia tento rok tohto slovinsk\u00e9ho fenom\u00e9na na trati neuvidia.<\/p>\n<p>&#13;<\/p>\n<p dir=\"ltr\" lang=\"en\" xml:lang=\"en\">Tadej Poga\u010dar is ending his racing season early to focus on recovery after crashing out of the Vuelta, according to UAE Team Emirates-XRG. <a href=\"https:\/\/t.co\/sdgqgJvy2P\" rel=\"nofollow\">https:\/\/t.co\/sdgqgJvy2P<\/a> <a href=\"https:\/\/t.co\/MoGgQjJCh8\" rel=\"nofollow\">pic.twitter.com\/MoGgQjJCh8<\/a><\/p>\n<p>&#13;<br \/>\n\u2014 The Slovenia Times (@sloveniatimes) <a href=\"https:\/\/x.com\/sloveniatimes\/status\/2096226321156153664?ref_src=twsrc%5Etfw\" rel=\"nofollow\">September 5, 2026<\/a><\/p>\n<p>Bal\u00edk s preh\u013eadom kontroloval Movistar. O etapu im zjavne ne\u0161lo, ich hlavnou \u00falohou bolo br\u00e1ni\u0165 \u010derven\u00fd dres Enrica Masa. Navy\u0161e mali dvojicu jazdcov aj na \u010dele, tak\u017ee ve\u013emi dobre takticky rozohran\u00e9. Potom pri\u0161la \u010fal\u0161ia nepr\u00edjemn\u00e1 inform\u00e1cia pre t\u00edm Decathlon &#8211; odst\u00fapi\u0165 musel Jordan Labrosse, tak\u017ee Felix Gall pri\u0161iel o \u010fal\u0161ieho vrch\u00e1rskeho pomocn\u00edka.<\/p>\n<p>Pre body na pr\u00e9mii\u00a0Puerto de Los Villares si pod\u013ea o\u010dak\u00e1vania pri\u0161iel Buitrago. Potom sa vpredu odp\u00fatal Kevin Vermaerke (UAE), ktor\u00fd si zjavne chcel vytvori\u0165 n\u00e1skok pred z\u00e1vere\u010dnou dvojicou st\u00fapan\u00ed.\u00a0<\/p>\n<p>Pokra\u010dovali odst\u00fapenia, tentokr\u00e1t to bol Chris Laporte (Visma). D\u00f4vodom boli \u017eal\u00fado\u010dn\u00e9 probl\u00e9my. Pre Brennena s van Aertom to bude oslabenie do \u0161purtov. Vermaerke vyhral r\u00fdchlostn\u00fa pr\u00e9miu, v bodova\u010dke ved\u00faceho van Aerta ale nikto neohrozoval. Nasledne prv\u00fd pre\u0161iel aj vrch\u00e1rskou pr\u00e9miou\u00a0Puerto de Locub\u00edn. Buitragovi za n\u00edm zobrali body Rodr\u00edguez a Berthet, ktor\u00fdm i\u0161lo o bonusov\u00e9 sekundy do GC. Kolumbij\u010danovi sa to nep\u00e1\u0161ilo, pravdepodobne ale o t\u00fdch bonusoch nevedel.<\/p>\n<p>Po kr\u00e1tkom zjazde sa u\u017e za\u010dalo st\u00fapa\u0165 na cie\u013eov\u00fd kopec. S t\u00fdm pri\u0161li aj \u00fatoky. Za Vermaerkom sa pustil Steinhauser. Ameri\u010dana nechal \u010doskoro za sebou. Pridal sa k nemu aj Guillaume Martin a spolo\u010dne st\u00fapali k vrcholu s n\u00e1skokom zhruba p\u00e4\u0165desiatich sek\u00fand. Za nimi sa taktizovalo.<\/p>\n<p>Potom si do \u010dela dosko\u010dila \u010fal\u0161ia osmi\u010dka siln\u00fdch vrch\u00e1rov &#8211; Paret-Peintre, Buitrago, Brenner, Sosa, Rodr\u00edguez, Zana, Calzoni a Aparicio.\u00a0Vzadu odpadli skoro v\u0161etci domestici, tak\u017ee sa dal o\u010dak\u00e1va\u0165 boj mu\u017ea proti mu\u017eovi. Vpredu sa to ve\u013emi mie\u0161alo, situ\u00e1cia bola ve\u013emi nepreh\u013eadn\u00e1.<\/p>\n<p>&#13;<\/p>\n<p dir=\"ltr\" lang=\"es\" xml:lang=\"es\">BRENNER Marco wins Stage 14 in La Vuelta Ciclista a Espa\u00f1a 2026 <a href=\"https:\/\/t.co\/FdSiGgdYy4\" rel=\"nofollow\">pic.twitter.com\/FdSiGgdYy4<\/a><\/p>\n<p>&#13;<br \/>\n\u2014 Cycling Fantasy App (@AppCycling) <a href=\"https:\/\/x.com\/AppCycling\/status\/2096266689440629018?ref_src=twsrc%5Etfw\" rel=\"nofollow\">September 5, 2026<\/a><\/p>\n<p>Nakoniec sa vpredu objavila dvojica Buitrago a Brenner. K nim sa e\u0161te dotiahla dvojica Sosa, Rodr\u00edguez. V poslednom kilometri e\u0161te Kolumbij\u010dan pekne za\u00fato\u010dil, ale dok\u00e1zal sa ho chyti\u0165 Marco Brenner. Ten bol v \u0161printe nakoniec r\u00fdchlej\u0161\u00ed a z\u00edskal pre Tudor etapu. Druh\u00fd skon\u010dil Santiago Buitrago (Bahrain-Victorious) a tret\u00ed Cristian Rodr\u00edguez (Astana).<\/p>\n<p>V skupine favoritov na GC sa vz\u00e1jomne testovali a dlho to vyzeralo, \u017ee sa ni\u010d neudeje. Nakoniec Carapaz odpojil aj Rogli\u010da a Enric Mas s Felixom Gallom na Slovinca z\u00edskali\u00a025&#8243;.\u00a0<\/p>\n<p>&#13;<br \/>\n\t&#13;<br \/>\n\t\t&#13;<br \/>\n\t\t\t<img decoding=\"async\" alt=\"video v clanku ikonka cierna\" src=\"https:\/\/www.europesays.com\/sk\/wp-content\/uploads\/2026\/09\/1788641654_142_video-v-clanku-ikonka-cierna.png\" style=\"vertical-align: middle; margin-right: 8px; margin-left: 10px; float: left;\" title=\"Video\" \/>Video z\u00e1veru etapy&#13;<br \/>\n\t\t&#13;<br \/>\n\t&#13;<\/p>\n<p>V GC to znamen\u00e1, \u017ee za druh\u00fdm Enricom Masom u\u017e je Felix Gall (+2&#8217;06&#8220;) a tret\u00ed Primo\u017e Rogli\u010d (+2&#8217;10&#8220;). V bodova\u010dke sa ni\u010d nezmenilo, v s\u00fa\u0165a\u017ei o bodkovan\u00fd dres Santiago Buitrago nav\u00fd\u0161il n\u00e1skok na prenasledovate\u013eov. Biely dres ostal Onleymu. Do Top10 sa dostali aj Rodr\u00edguez (8.) a Berthet (9.), naopak z nej vypadol Tejada.<\/p>\n<p>&#13;<br \/>\n\t&#13;<br \/>\n\t\t&#13;<br \/>\n\t\t\t<img decoding=\"async\" alt=\"vyjadrenie ikonky cierna\" src=\"https:\/\/www.europesays.com\/sk\/wp-content\/uploads\/2026\/09\/1788641655_333_vyjadrenie-ikonky-cierna.png\" style=\"vertical-align: middle; margin-right: 8px; margin-left: 10px; float: left;\" title=\"vyjadrenie\" \/>Vyjadrenie Marco Brenner (v\u00ed\u0165az)&#13;<br \/>\n\t\t&#13;<br \/>\n\t\t&#13;<br \/>\n\t\t\t&#8222;Asi je to m\u00f4j najlep\u0161\u00ed de\u0148 kari\u00e9ry. V podstate tomu nem\u00f4\u017eem uveri\u0165. Na konci sa mi podarilo dobehn\u00fa\u0165 Santiaga (Buitraga) a potom ho porazi\u0165 v \u0161purte. Pre tak\u00e9to dni tr\u00e9nujeme a \u017eijeme. Nie je to\u013eko pretek\u00e1rov, \u010do vyhrali etapu na Grand Tour, tak\u017ee z\u00edska\u0165 tak\u00fdto \u00faspech je \u00fa\u017easn\u00e9.&#8220;&#13;<br \/>\n\t\t&#13;<br \/>\n\t&#13;<\/p>\n<p>&#13;<br \/>\n\t&#13;<br \/>\n\t\t&#13;<br \/>\n\t\t\tPriebe\u017en\u00e9 poradie bodovacej s\u00fa\u0165a\u017ee po etape&#13;<br \/>\n\t\t&#13;<br \/>\n\t&#13;<br \/>\n\t&#13;<br \/>\n\t\t&#13;<br \/>\n\t\t\t1.&#13;<br \/>\n\t\t\t<img decoding=\"async\" src=\"https:\/\/www.europesays.com\/sk\/wp-content\/uploads\/2026\/09\/1788641656_181_belgicko.png\" style=\"vertical-align: middle; margin-bottom: 2px;\" title=\"Belgicko\" \/>&#13;<br \/>\n\t\t\tVAN AERT Wout&#13;<br \/>\n\t\t\tVisma | Lease a Bike&#13;<br \/>\n\t\t\t224 &#13;<br \/>\n\t\t&#13;<br \/>\n\t\t&#13;<br \/>\n\t\t\t2.&#13;<br \/>\n\t\t\t<img decoding=\"async\" src=\"https:\/\/www.europesays.com\/sk\/wp-content\/uploads\/2026\/09\/1788641656_281_velka-britania.png\" style=\"vertical-align: middle; margin-bottom: 2px;\" title=\"Ve\u013ek\u00e1 Brit\u00e1nia\" \/>&#13;<br \/>\n\t\t\tBRENNAN Matthew&#13;<br \/>\n\t\t\tVisma | Lease a Bike&#13;<br \/>\n\t\t\t159 &#13;<br \/>\n\t\t&#13;<br \/>\n\t\t&#13;<br \/>\n\t\t\t3.&#13;<br \/>\n\t\t\t<img decoding=\"async\" src=\"https:\/\/www.europesays.com\/sk\/wp-content\/uploads\/2026\/09\/1788641657_624_taliansko.png\" style=\"vertical-align: middle; margin-bottom: 2px;\" title=\"Taliansko\" \/>&#13;<br \/>\n\t\t\tROMELE Alessandro&#13;<br \/>\n\t\t\tXDS Astana Team&#13;<br \/>\n\t\t\t113 &#13;<br \/>\n\t\t&#13;<br \/>\n\t&#13;<\/p>\n<p>&#13;<br \/>\n\t&#13;<br \/>\n\t\t&#13;<br \/>\n\t\t\t4.&#13;<br \/>\n\t\t\t<img decoding=\"async\" src=\"https:\/\/www.europesays.com\/sk\/wp-content\/uploads\/2026\/09\/1788641658_125_francuzsko.png\" style=\"vertical-align: middle; margin-bottom: 2px;\" title=\"Franc\u00fazsko\" \/>&#13;<br \/>\n\t\t\tCOQUARD Bryan&#13;<br \/>\n\t\t\tCofidis&#13;<br \/>\n\t\t\t94 &#13;<br \/>\n\t\t&#13;<br \/>\n\t&#13;<\/p>\n<p>&#13;<br \/>\n\t&#13;<br \/>\n\t\t&#13;<br \/>\n\t\t\tPriebe\u017en\u00e9 poradie vrch\u00e1rskej s\u00fa\u0165a\u017ee po etape&#13;<br \/>\n\t\t&#13;<br \/>\n\t&#13;<br \/>\n\t&#13;<br \/>\n\t\t&#13;<br \/>\n\t\t\t1.&#13;<br \/>\n\t\t\t<img decoding=\"async\" src=\"https:\/\/www.europesays.com\/sk\/wp-content\/uploads\/2026\/09\/1788641658_944_kolumbia.png\" style=\"vertical-align: middle; margin-bottom: 2px;\" title=\"Kolumbia\" \/>&#13;<br \/>\n\t\t\tBUITRAGO Santiago&#13;<br \/>\n\t\t\tBahrain Victorious&#13;<br \/>\n\t\t\t69 &#13;<br \/>\n\t\t&#13;<br \/>\n\t\t&#13;<br \/>\n\t\t\t2.&#13;<br \/>\n\t\t\t<img decoding=\"async\" src=\"https:\/\/www.europesays.com\/sk\/wp-content\/uploads\/2026\/09\/1788641656_181_belgicko.png\" style=\"vertical-align: middle; margin-bottom: 2px;\" title=\"Belgicko\" \/>&#13;<br \/>\n\t\t\tVAN AERT Wout&#13;<br \/>\n\t\t\tVisma | Lease a Bike&#13;<br \/>\n\t\t\t40 &#13;<br \/>\n\t\t&#13;<br \/>\n\t\t&#13;<br \/>\n\t\t\t3.&#13;<br \/>\n\t\t\t<img decoding=\"async\" src=\"https:\/\/www.europesays.com\/sk\/wp-content\/uploads\/2026\/09\/1788641659_562_spanielsko.png\" style=\"vertical-align: middle; margin-bottom: 2px;\" title=\"\u0160panielsko\" \/>&#13;<br \/>\n\t\t\tMAS Enric&#13;<br \/>\n\t\t\tMovistar Team&#13;<br \/>\n\t\t\t24 &#13;<br \/>\n\t\t&#13;<br \/>\n\t&#13;<\/p>\n<p>&#13;<br \/>\n\t&#13;<br \/>\n\t\t&#13;<br \/>\n\t\t\t4.&#13;<br \/>\n\t\t\t<img decoding=\"async\" src=\"https:\/\/www.europesays.com\/sk\/wp-content\/uploads\/2026\/09\/1788641657_624_taliansko.png\" style=\"vertical-align: middle; margin-bottom: 2px;\" title=\"Taliansko\" \/>&#13;<br \/>\n\t\t\tFORTUNATO Lorenzo&#13;<br \/>\n\t\t\tXDS Astana Team&#13;<br \/>\n\t\t\t21 &#13;<br \/>\n\t\t&#13;<br \/>\n\t&#13;<\/p>\n<p>&#13;<br \/>\n\t&#13;<br \/>\n\t\t&#13;<br \/>\n\t\t\tPriebe\u017en\u00e9 poradie s\u00fa\u0165a\u017ee do 25 rokov po etape&#13;<br \/>\n\t\t&#13;<br \/>\n\t&#13;<br \/>\n\t&#13;<br \/>\n\t\t&#13;<br \/>\n\t\t\t1.&#13;<br \/>\n\t\t\t<img decoding=\"async\" src=\"https:\/\/www.europesays.com\/sk\/wp-content\/uploads\/2026\/09\/1788641656_281_velka-britania.png\" style=\"vertical-align: middle; margin-bottom: 2px;\" title=\"Ve\u013ek\u00e1 Brit\u00e1nia\" \/>&#13;<br \/>\n\t\t\tONLEY Oscar&#13;<br \/>\n\t\t\tNetcompany INEOS&#13;<br \/>\n\t\t\t49:33:56&#13;<br \/>\n\t\t&#13;<br \/>\n\t\t&#13;<br \/>\n\t\t\t2.&#13;<br \/>\n\t\t\t<img decoding=\"async\" src=\"https:\/\/www.europesays.com\/sk\/wp-content\/uploads\/2026\/09\/1788641660_865_slovinsko.png\" style=\"vertical-align: middle; margin-bottom: 2px;\" title=\"Slovinsko\" \/>&#13;<br \/>\n\t\t\tOMRZEL Jakob&#13;<br \/>\n\t\t\tBahrain Victorious&#13;<br \/>\n\t\t\t00:30&#13;<br \/>\n\t\t&#13;<br \/>\n\t\t&#13;<br \/>\n\t\t\t3.&#13;<br \/>\n\t\t\t<img decoding=\"async\" src=\"https:\/\/www.europesays.com\/sk\/wp-content\/uploads\/2026\/09\/1788641658_125_francuzsko.png\" style=\"vertical-align: middle; margin-bottom: 2px;\" title=\"Franc\u00fazsko\" \/>&#13;<br \/>\n\t\t\tBISIAUX L\u00e9o&#13;<br \/>\n\t\t\tDecathlon CMA CGM&#13;<br \/>\n\t\t\t10:41&#13;<br \/>\n\t\t&#13;<br \/>\n\t&#13;<\/p>\n<p>&#13;<br \/>\n\t&#13;<br \/>\n\t\t&#13;<br \/>\n\t\t\t4.&#13;<br \/>\n\t\t\t<img decoding=\"async\" src=\"https:\/\/www.europesays.com\/sk\/wp-content\/uploads\/2026\/09\/1788641660_664_usa.png\" style=\"vertical-align: middle; margin-bottom: 2px;\" title=\"Spojen\u00e9 \u0161t\u00e1ty\" \/>&#13;<br \/>\n\t\t\tRICCITELLO Matthew&#13;<br \/>\n\t\t\tDecathlon CMA CGM&#13;<br \/>\n\t\t\t13:23&#13;<br \/>\n\t\t&#13;<br \/>\n\t&#13;<\/p>\n<p><script async src=\"https:\/\/platform.twitter.com\/widgets.js\" charset=\"utf-8\"><\/script><\/p>\n","protected":false},"excerpt":{"rendered":"Na z\u00e1ver druh\u00e9ho t\u00fd\u017ed\u0148a pri\u0161la na Vuelte najpr k slovu sobotn\u00e1 mimoriadne n\u00e1ro\u010dn\u00e1 horsk\u00e1 sk\u00fa\u0161ka. \u0160tartovalo sa v&hellip;\n","protected":false},"author":2,"featured_media":171592,"comment_status":"","ping_status":"","sticky":false,"template":"","format":"standard","meta":{"footnotes":"","_share_on_mastodon":"0"},"categories":[13],"tags":[48405,4120,1706,4122,4124,4126,4117,43,40,39,42,4118,41,69,68,4121,4123,4119,4125],"class_list":["post-171591","post","type-post","status-publish","format-standard","has-post-thumbnail","category-sport","tag-14-etapa-vuelta-a-espana-2026","tag-cestna-cyklistika","tag-cyklistika","tag-cyklistika-na-slovensku","tag-giro-d-italia","tag-peter-sagan","tag-portal-cyklistiky","tag-sk","tag-slovak","tag-slovakia","tag-slovencina","tag-slovenski-cyklisti","tag-slovensko","tag-sport","tag-sports","tag-svetova-cyklistika","tag-svetovi-cyklisti","tag-tour-de-france","tag-vuelta-a-espana"],"share_on_mastodon":{"url":"https:\/\/pubeurope.com\/@sk\/117220426907746787","error":""},"_links":{"self":[{"href":"https:\/\/www.europesays.com\/sk\/wp-json\/wp\/v2\/posts\/171591","targetHints":{"allow":["GET"]}}],"collection":[{"href":"https:\/\/www.europesays.com\/sk\/wp-json\/wp\/v2\/posts"}],"about":[{"href":"https:\/\/www.europesays.com\/sk\/wp-json\/wp\/v2\/types\/post"}],"author":[{"embeddable":true,"href":"https:\/\/www.europesays.com\/sk\/wp-json\/wp\/v2\/users\/2"}],"replies":[{"embeddable":true,"href":"https:\/\/www.europesays.com\/sk\/wp-json\/wp\/v2\/comments?post=171591"}],"version-history":[{"count":0,"href":"https:\/\/www.europesays.com\/sk\/wp-json\/wp\/v2\/posts\/171591\/revisions"}],"wp:featuredmedia":[{"embeddable":true,"href":"https:\/\/www.europesays.com\/sk\/wp-json\/wp\/v2\/media\/171592"}],"wp:attachment":[{"href":"https:\/\/www.europesays.com\/sk\/wp-json\/wp\/v2\/media?parent=171591"}],"wp:term":[{"taxonomy":"category","embeddable":true,"href":"https:\/\/www.europesays.com\/sk\/wp-json\/wp\/v2\/categories?post=171591"},{"taxonomy":"post_tag","embeddable":true,"href":"https:\/\/www.europesays.com\/sk\/wp-json\/wp\/v2\/tags?post=171591"}],"curies":[{"name":"wp","href":"https:\/\/api.w.org\/{rel}","templated":true}]}}